{"id":118547,"date":"2025-05-17T20:00:08","date_gmt":"2025-05-17T20:00:08","guid":{"rendered":"https:\/\/www.europesays.com\/de\/118547\/"},"modified":"2025-05-17T20:00:08","modified_gmt":"2025-05-17T20:00:08","slug":"neue-boote-fuer-die-feuerwehr-florian-rheinauen-ist-bereit-fuer-einsaetze-auf-dem-rhein-altrip-vg-rheinauen","status":"publish","type":"post","link":"https:\/\/www.europesays.com\/de\/118547\/","title":{"rendered":"Neue Boote f\u00fcr die Feuerwehr: Florian Rheinauen ist bereit f\u00fcr Eins\u00e4tze auf dem Rhein &#8211; Altrip\/VG Rheinauen"},"content":{"rendered":"<p class=\"rhp-dpa-teaser\"><b>Sein Name ist Florian Rheinauen 01\/79-01. Sein Einsatzort ist der Rhein. Das neue Mehrzweckboot wird gebraucht, um Menschen zu retten, Br\u00e4nde zu l\u00f6schen und Hilfe zu leisten.<\/b><\/p>\n<p>Alles, was die Freiwillige Feuerwehr <a class=\"rtr-entity\" data-rtr-entity=\"Altrip\" data-rtr-id=\"435368e0e6153f0699217175ba574d5615302c58\" data-rtr-score=\"89.38692098092643\" data-rtr-etype=\"location\" data-rtr-index=\"43\" href=\"https:\/\/www.rheinpfalz.de\/themen\/altrip?utm_source=rheinpfalz.de&amp;utm_medium=tms&amp;utm_campaign=intext\" target=\"_blank\" rel=\"noopener\">Altrip<\/a> <\/p>\n<p class=\"\">Bitte loggen Sie sich ein um den Artikel im Klartext zu sehen.<\/p>\n<p class=\"\">ruz nrrWsaguseett dnu men&amp;bk;agdupaufnrBlm fua edm Rhnie dnu end eSne th,a tnasd ma dFteneaigrba rov edm rsealea;&amp;uGmtuh ni edr sgtMstzll.ki&amp;ree;oa ieD rrheFewue ttaeh zru nwuiEhnige rsihe enneu teozwkMsrcobhe ndu sneei nneeu tetbussogtonR el.endag musG&amp;aetl; sua rde oPlikti iew tesue;lrsiuOmb<\/p>\n","protected":false},"excerpt":{"rendered":"Sein Name ist Florian Rheinauen 01\/79-01. Sein Einsatzort ist der Rhein. Das neue Mehrzweckboot wird gebraucht, um Menschen&hellip;\n","protected":false},"author":2,"featured_media":118548,"comment_status":"","ping_status":"","sticky":false,"template":"","format":"standard","meta":{"footnotes":""},"categories":[1845],"tags":[36617,45359,45352,1634,4194,31,45354,3364,29,548,663,3934,985,2774,30,13,40975,4060,25476,2096,45361,14,29201,15,45358,5206,583,12,184,45357,45355,45360,45356,45353,45362],"class_list":{"0":"post-118547","1":"post","2":"type-post","3":"status-publish","4":"format-standard","5":"has-post-thumbnail","7":"category-mannheim","8":"tag-dlrg","9":"tag-adria","10":"tag-altrip","11":"tag-baden-wuerttemberg","12":"tag-bruehl","13":"tag-cdu","14":"tag-claudia-klein","15":"tag-de","16":"tag-deutschland","17":"tag-eu","18":"tag-europa","19":"tag-europe","20":"tag-feuerwehr","21":"tag-freiwillige-feuerwehr","22":"tag-germany","23":"tag-headlines","24":"tag-landrat","25":"tag-lokal","26":"tag-ludwigshafen","27":"tag-mannheim","28":"tag-moltkestrasse","29":"tag-nachrichten","30":"tag-neuhofen","31":"tag-news","32":"tag-ralf-schnabel","33":"tag-rhein","34":"tag-rostock","35":"tag-schlagzeilen","36":"tag-spd","37":"tag-steffen-schleinkofer","38":"tag-verbandsgemeinde","39":"tag-verbandsgemeinde-rheinauen","40":"tag-volker-knoerr","41":"tag-volker-mansky","42":"tag-waldsee"},"share_on_mastodon":{"url":"","error":"Validation failed: Text character limit of 500 exceeded"},"_links":{"self":[{"href":"https:\/\/www.europesays.com\/de\/wp-json\/wp\/v2\/posts\/118547","targetHints":{"allow":["GET"]}}],"collection":[{"href":"https:\/\/www.europesays.com\/de\/wp-json\/wp\/v2\/posts"}],"about":[{"href":"https:\/\/www.europesays.com\/de\/wp-json\/wp\/v2\/types\/post"}],"author":[{"embeddable":true,"href":"https:\/\/www.europesays.com\/de\/wp-json\/wp\/v2\/users\/2"}],"replies":[{"embeddable":true,"href":"https:\/\/www.europesays.com\/de\/wp-json\/wp\/v2\/comments?post=118547"}],"version-history":[{"count":0,"href":"https:\/\/www.europesays.com\/de\/wp-json\/wp\/v2\/posts\/118547\/revisions"}],"wp:featuredmedia":[{"embeddable":true,"href":"https:\/\/www.europesays.com\/de\/wp-json\/wp\/v2\/media\/118548"}],"wp:attachment":[{"href":"https:\/\/www.europesays.com\/de\/wp-json\/wp\/v2\/media?parent=118547"}],"wp:term":[{"taxonomy":"category","embeddable":true,"href":"https:\/\/www.europesays.com\/de\/wp-json\/wp\/v2\/categories?post=118547"},{"taxonomy":"post_tag","embeddable":true,"href":"https:\/\/www.europesays.com\/de\/wp-json\/wp\/v2\/tags?post=118547"}],"curies":[{"name":"wp","href":"https:\/\/api.w.org\/{rel}","templated":true}]}}