{"id":1185748,"date":"2026-07-22T21:37:20","date_gmt":"2026-07-22T21:37:20","guid":{"rendered":"https:\/\/www.europesays.com\/de\/1185748\/"},"modified":"2026-07-22T21:37:20","modified_gmt":"2026-07-22T21:37:20","slug":"heimat-oder-auswandern-ist-es-anderswo-wirklich-besser-als-in-deutschland-politik","status":"publish","type":"post","link":"https:\/\/www.europesays.com\/de\/1185748\/","title":{"rendered":"Heimat oder auswandern? Ist es anderswo wirklich besser als in Deutschland? | Politik"},"content":{"rendered":"<p><b>Hunderttausende Deutsche wandern jedes Jahr aus. Noch mehr tr\u00e4umen davon: Eine gro\u00dfe Studie zeigt, wie gestresst und perspektivlos sich viele junge Deutsche f\u00fchlen. Aber ist es anderswo wirklich besser?<\/b><br \/>\nBILD hat genau verglichen: In welchen 30 L\u00e4ndern leben Sie sonniger, g\u00fcnstiger, sicherer als hier \u2013 und wo schneidet Deutschland im Vergleich \u00fcberraschend gut ab?<\/p>\n<p><b>Pr\u00fcfen Sie mit BILDplus, welches Land wirklich zu Ihren W\u00fcnschen passt und wie attraktiv unsere Heimat im internationalen Vergleich ist.<\/b><\/p>\n","protected":false},"excerpt":{"rendered":"Hunderttausende Deutsche wandern jedes Jahr aus. Noch mehr tr\u00e4umen davon: Eine gro\u00dfe Studie zeigt, wie gestresst und perspektivlos&hellip;\n","protected":false},"author":2,"featured_media":1185749,"comment_status":"","ping_status":"","sticky":false,"template":"","format":"standard","meta":{"footnotes":"","_share_on_mastodon":"0"},"categories":[2],"tags":[331,3924,332,3922,35124,2326,3364,29,30,13,776,38056,14,3923,15,3921,1433,16847,7435,12,293,227858,64],"class_list":["post-1185748","post","type-post","status-publish","format-standard","has-post-thumbnail","category-deutschland","tag-aktuelle-nachrichten","tag-aktuelle-nachrichten-aus-deutschland","tag-aktuelle-news","tag-aktuelle-news-aus-deutschland","tag-auswandern","tag-bier","tag-de","tag-deutschland","tag-germany","tag-headlines","tag-lars-klingbeil","tag-linnemann-carsten-dr","tag-nachrichten","tag-nachrichten-aus-deutschland","tag-news","tag-news-aus-deutschland","tag-oesterreich","tag-rentenversicherung","tag-rentner","tag-schlagzeilen","tag-schweiz","tag-team-deep","tag-usa"],"share_on_mastodon":{"url":"https:\/\/pubeurope.com\/@de\/116965792008733141","error":""},"_links":{"self":[{"href":"https:\/\/www.europesays.com\/de\/wp-json\/wp\/v2\/posts\/1185748","targetHints":{"allow":["GET"]}}],"collection":[{"href":"https:\/\/www.europesays.com\/de\/wp-json\/wp\/v2\/posts"}],"about":[{"href":"https:\/\/www.europesays.com\/de\/wp-json\/wp\/v2\/types\/post"}],"author":[{"embeddable":true,"href":"https:\/\/www.europesays.com\/de\/wp-json\/wp\/v2\/users\/2"}],"replies":[{"embeddable":true,"href":"https:\/\/www.europesays.com\/de\/wp-json\/wp\/v2\/comments?post=1185748"}],"version-history":[{"count":0,"href":"https:\/\/www.europesays.com\/de\/wp-json\/wp\/v2\/posts\/1185748\/revisions"}],"wp:featuredmedia":[{"embeddable":true,"href":"https:\/\/www.europesays.com\/de\/wp-json\/wp\/v2\/media\/1185749"}],"wp:attachment":[{"href":"https:\/\/www.europesays.com\/de\/wp-json\/wp\/v2\/media?parent=1185748"}],"wp:term":[{"taxonomy":"category","embeddable":true,"href":"https:\/\/www.europesays.com\/de\/wp-json\/wp\/v2\/categories?post=1185748"},{"taxonomy":"post_tag","embeddable":true,"href":"https:\/\/www.europesays.com\/de\/wp-json\/wp\/v2\/tags?post=1185748"}],"curies":[{"name":"wp","href":"https:\/\/api.w.org\/{rel}","templated":true}]}}