{"id":1185980,"date":"2026-07-22T23:52:23","date_gmt":"2026-07-22T23:52:23","guid":{"rendered":"https:\/\/www.europesays.com\/de\/1185980\/"},"modified":"2026-07-22T23:52:23","modified_gmt":"2026-07-22T23:52:23","slug":"us-filmstudios-eu-kommission-billigt-uebernahme-von-warner-brothers-durch-paramount","status":"publish","type":"post","link":"https:\/\/www.europesays.com\/de\/1185980\/","title":{"rendered":"US-Filmstudios: EU-Kommission billigt \u00dcbernahme von Warner Brothers durch Paramount"},"content":{"rendered":"<p class=\"paragraph article__item\">Die EU-Kommission hat der <a class=\"rtr-entity\" href=\"https:\/\/www.zeit.de\/thema\/uebernahme\" rel=\"nofollow noopener\" target=\"_blank\">\u00dcbernahme<\/a> von Warner Brothers durch den Konkurrenten Paramount unter Auflagen zugestimmt. Paramount m\u00fcsse seine Anteile an dem<br \/>\nFilmvertriebsunternehmen United International Pictures (UIP) aufgeben, teilte die EU-Kommission mit. UIP ist ein<br \/>\nGemeinschaftsunternehmen von Paramount und Universal, das Filme an Kinobetreiber vertreibt.\n<\/p>\n<p class=\"paragraph article__item\">W\u00e4hrend trotz der \u00dcbernahme im Bereich der Filmproduktion genug<br \/>\nWettbewerber verblieben, komme es im Bereich des Filmvertriebs dadurch<br \/>\nzu einer \u00bbhohen Konzentration\u00ab, argumentierte die Kommission. Daher<br \/>\nm\u00fcsse sich Paramount binnen 13 Monaten<br \/>\nnach Abschluss der Transaktion von seinen Anteilen an UIP trennen. Zudem<br \/>\n d\u00fcrfe das Unternehmen in den n\u00e4chsten zehn Jahren keine \u00e4hnliche<br \/>\nKooperation mit Universal im Bereich des Europ\u00e4ischen Wirtschaftsraums<br \/>\neingehen.\n<\/p>\n<p class=\"paragraph article__item\">Die EU-Kommission pr\u00fcft gro\u00dfe geplante Zusammenschl\u00fcsse, die Auswirkungen auf den Wettbewerb im europ\u00e4ischen Binnenmarkt haben k\u00f6nnten. Das betrifft auch ausl\u00e4ndische Unternehmen mit hohem Umsatz, die in der <a class=\"rtr-entity\" href=\"https:\/\/www.zeit.de\/thema\/europaeische-union\" rel=\"nofollow noopener\" target=\"_blank\">EU<\/a> t\u00e4tig sind. <\/p>\n<p class=\"paragraph article__item\">Warner Bros. Discovery und Paramount betreiben in der EU jeweils unter anderem Streamingdienste, lizenzieren <a class=\"rtr-entity\" href=\"https:\/\/www.zeit.de\/thema\/film\" rel=\"nofollow noopener\" target=\"_blank\">Filme<\/a> und TV-Formate an europ\u00e4ische Fernsehsender und verleihen Filme. Die EU-Kommission stellte fest, dass es im Bereich der Filmproduktion trotz einer \u00dcbernahme gen\u00fcgend Wettbewerber im Europ\u00e4ischen Wirtschaftsraum geben wird. Als Beispiele nannten sie andere gro\u00dfe US-Filmstudios wie Disney, NBC Universal (Universal) und Sony, \u00bbkleine US-Studios wie Amazon MGM, A24 und Lionsgate sowie europ\u00e4ische Filmstudios\u00ab.\n<\/p>\n<p>            US-Bundesrichterin stoppt \u00dcbernahme vorerst            <\/p>\n<p class=\"paragraph article__item\">Die US-Regierung hatte die \u00dcbernahme, die auch den bekannten<br \/>\nNachrichtensender CNN umfasst, <a href=\"https:\/\/www.zeit.de\/wirtschaft\/unternehmen\/2026-06\/paramount-warner-bros-uebernahme-justizministerium-usa-gxe\" target=\"_blank\" rel=\"nofollow noopener\">im Juni ohne Auflagen genehmigt<\/a>. Der<br \/>\nZusammenschluss werde \u00bbvoraussichtlich nicht zu einer Beeintr\u00e4chtigung<br \/>\ndes Wettbewerbs und der amerikanischen Verbraucher\u00ab f\u00fchren, teilte das<br \/>\n Justizministerium mit.\u00a0\n<\/p>\n<p class=\"paragraph article__item\">Eine Bundesrichterin im US-Bundesstaat Kalifornien <a href=\"https:\/\/www.zeit.de\/wirtschaft\/2026-07\/warner-bros-discovery-paramount-skydance-uebernahme-richterin\" target=\"_blank\" rel=\"nofollow noopener\">stoppte die \u00dcbernahme<br \/>\nam Montag jedoch vorerst<\/a>. Kalifornien und elf weitere<br \/>\nUS-Bundesstaaten hatten zuvor eine Klage eingereicht. Sie argumentieren,<br \/>\n die \u00dcbernahme f\u00fchre zu \u00bbh\u00f6heren Preisen, geringerer Qualit\u00e4t und<br \/>\nweniger Inhalten\u00ab f\u00fcr das Publikum.\n<\/p>\n<p class=\"paragraph article__item\">Das Gesch\u00e4ft hat eine Summe von rund 111 Milliarden US-Dollar (rund 97 Milliarden Euro). Paramount will die gesamte WBD-Gruppe inklusive Fernsehsendern erwerben, darunter auch CNN. Paramount-Chef<br \/>\n David Ellison und dessen Vater Larry Ellison vom Softwareanbieter<br \/>\nOracle <a href=\"https:\/\/www.zeit.de\/feuilleton\/film\/2026-02\/david-ellison-paramount-cnn-warner-bros-donald-trump\" target=\"_blank\" rel=\"nofollow noopener\">sind Unterst\u00fctzer von US-Pr\u00e4sident Donald Trump<\/a>. Kritiker der Fusion<br \/>\n f\u00fcrchten daher um die redaktionelle Unabh\u00e4ngigkeit von CNN.\n<\/p>\n<p>Mehr zum Thema<\/p>\n<p>            \u00dcbernahme von Warner        <\/p>\n<p>                <a href=\"https:\/\/www.zeit.de\/feuilleton\/film\/2026-02\/david-ellison-paramount-cnn-warner-bros-donald-trump\" data-ct-label=\"David Ellison: Donald Trumps Segen hat er\" data-uuid=\"b05f8025-d071-4de8-98a0-8ff84ec9e20a\" rel=\"nofollow noopener\" target=\"_blank\"><\/p>\n<p>        Z+ (abopflichtiger Inhalt);<\/p>\n<p>    David Ellison:<br \/>\n                        Donald Trumps Segen hat er<\/p>\n<p>                <\/a><\/p>\n<p>                <a href=\"https:\/\/www.zeit.de\/wirtschaft\/2025-12\/netflix-paramount-warner-bros-uebernahme-saudi-arabien\" data-ct-label=\"Warner Bros. : Dieser Thriller k\u00f6nnte schauerlich enden\" data-uuid=\"c7a3867f-0658-41db-866f-056c764cd516\" rel=\"nofollow noopener\" target=\"_blank\"><\/p>\n<p>        Z+ (abopflichtiger Inhalt);<\/p>\n<p>    Warner Bros. :<br \/>\n                        Dieser Thriller k\u00f6nnte schauerlich enden<\/p>\n<p>                <\/a><\/p>\n<p>                <a href=\"https:\/\/www.zeit.de\/kultur\/film\/2025-12\/netflix-streaming-uebernahme-warner-bros-konkurrenz\" data-ct-label=\"Netflix: Der Kampf um Hollywood beginnt erst\" data-uuid=\"944b2faa-76ee-4ebd-8040-1b4024189bb5\" rel=\"nofollow noopener\" target=\"_blank\"><\/p>\n<p>        Z+ (abopflichtiger Inhalt);<\/p>\n<p>    Netflix:<br \/>\n                        Der Kampf um Hollywood beginnt erst<\/p>\n<p>                <\/a><\/p>\n","protected":false},"excerpt":{"rendered":"Die EU-Kommission hat der \u00dcbernahme von Warner Brothers durch den Konkurrenten Paramount unter Auflagen zugestimmt. Paramount m\u00fcsse seine&hellip;\n","protected":false},"author":2,"featured_media":1185981,"comment_status":"","ping_status":"","sticky":false,"template":"","format":"standard","meta":{"footnotes":"","_share_on_mastodon":"0"},"categories":[134],"tags":[175,170,169,29,663,158,30,95,171,174,6552,16,2910,173,172,247782,31270,19465],"class_list":["post-1185980","post","type-post","status-publish","format-standard","has-post-thumbnail","category-unternehmen-maerkte","tag-business","tag-companies","tag-companies-markets","tag-deutschland","tag-europa","tag-europaeische-union","tag-germany","tag-kino","tag-markets","tag-maerkte","tag-paramount","tag-politik","tag-uebernahme","tag-unternehmen","tag-unternehmen-maerkte","tag-us-filmstudios","tag-vertrieb","tag-warner-bros"],"share_on_mastodon":{"url":"https:\/\/pubeurope.com\/@de\/116966322781931274","error":""},"_links":{"self":[{"href":"https:\/\/www.europesays.com\/de\/wp-json\/wp\/v2\/posts\/1185980","targetHints":{"allow":["GET"]}}],"collection":[{"href":"https:\/\/www.europesays.com\/de\/wp-json\/wp\/v2\/posts"}],"about":[{"href":"https:\/\/www.europesays.com\/de\/wp-json\/wp\/v2\/types\/post"}],"author":[{"embeddable":true,"href":"https:\/\/www.europesays.com\/de\/wp-json\/wp\/v2\/users\/2"}],"replies":[{"embeddable":true,"href":"https:\/\/www.europesays.com\/de\/wp-json\/wp\/v2\/comments?post=1185980"}],"version-history":[{"count":0,"href":"https:\/\/www.europesays.com\/de\/wp-json\/wp\/v2\/posts\/1185980\/revisions"}],"wp:featuredmedia":[{"embeddable":true,"href":"https:\/\/www.europesays.com\/de\/wp-json\/wp\/v2\/media\/1185981"}],"wp:attachment":[{"href":"https:\/\/www.europesays.com\/de\/wp-json\/wp\/v2\/media?parent=1185980"}],"wp:term":[{"taxonomy":"category","embeddable":true,"href":"https:\/\/www.europesays.com\/de\/wp-json\/wp\/v2\/categories?post=1185980"},{"taxonomy":"post_tag","embeddable":true,"href":"https:\/\/www.europesays.com\/de\/wp-json\/wp\/v2\/tags?post=1185980"}],"curies":[{"name":"wp","href":"https:\/\/api.w.org\/{rel}","templated":true}]}}