{"id":1186244,"date":"2026-07-23T02:36:24","date_gmt":"2026-07-23T02:36:24","guid":{"rendered":"https:\/\/www.europesays.com\/de\/1186244\/"},"modified":"2026-07-23T02:36:24","modified_gmt":"2026-07-23T02:36:24","slug":"unfall-mit-zwei-verletzten-kleinlaster-kracht-in-linienbus","status":"publish","type":"post","link":"https:\/\/www.europesays.com\/de\/1186244\/","title":{"rendered":"Unfall mit zwei Verletzten: Kleinlaster kracht in Linienbus"},"content":{"rendered":"<p _ngcontent-sc113=\"\"> 22. Juli 2026 \u2013 Sebastian Tegtmeyer <\/p>\n<p _ngcontent-sc113=\"\">Ein Kleinlaster ist am Mittwoch in Hamburg-Rotherbaum auf der Busspur gegen einen Linienbus geprallt. Zwei Menschen werden verletzt, einer davon schwer. Die Polizei sucht nach der Ursache des Unfalls.<\/p>\n<ul _ngcontent-sc85=\"\">\n<li _ngcontent-sc85=\"\">Zwei Verletzter bei Unfall auf der Edmund-Siemers-Allee Richtung Grindelallee<\/li>\n<li _ngcontent-sc85=\"\">Transporter kracht in Linienbus<\/li>\n<li _ngcontent-sc85=\"\">Ursache des Unfalls noch unklar<\/li>\n<\/ul>\n<p _ngcontent-sc85=\"\" align=\"false\">Bei einem Verkehrsunfall zwischen einem Linienbus und einem Kleinlaster sind am Nachmittag in Hamburg-Rotherbaum zwei Menschen verletzt worden, einer von ihnen schwer. Nach bisherigen Erkenntnissen der Polizei ereignete sich der Unfall kurz nach 14 Uhr auf der Edmund-Siemers-Allee Richtung Grindelallee. Der 25 Jahre alte Fahrer des Kleinlastwagens geriet aus bislang ungekl\u00e4rter Ursache nach links auf die mittig verlaufende Busspur und stie\u00df mit einem Bus der Linie 5 zusammen.<\/p>\n<p>Fahrer des Transporters schwer verletzt<\/p>\n<p _ngcontent-sc85=\"\" align=\"false\">Der Fahrer des Transporters erlitt schwere Verletzungen und wurde in ein Krankenhaus gebracht. Der Busfahrer kam vorsorglich ebenfalls zur Untersuchung in eine Klinik. Eine 28-j\u00e4hrige Frau, die sich als Fahrgast im Bus befand, erlitt leichte Verletzungen. Sie wurde vor Ort versorgt. <\/p>\n<p>25 bis 30 Fahrg\u00e4ste im Bus<\/p>\n<p _ngcontent-sc85=\"\" align=\"false\">Zum Zeitpunkt des Unfalls befanden sich nach Angaben der Polizei etwa 25 bis 30 Fahrg\u00e4ste im Bus. Weitere Verletzte wurden zun\u00e4chst nicht gemeldet. Neben mehreren Streifenwagen waren auch Rettungskr\u00e4fte im Einsatz. Die Polizei ermittelt zur Unfallursache.<\/p>\n<p>Weitere News On Air<\/p>\n<p _ngcontent-sc85=\"\" align=\"false\">Weitere Nachrichten aus Hamburg, Deutschland und der Welt h\u00f6rt ihr immer zur vollen Stunde bei uns im Programm. Holt euch einfach unsere <a _ngcontent-sc132=\"\" href=\"https:\/\/www.radiohamburg.de\/programm\/frequenzen\/Streamen-%C3%BCber-die-App-id388032.html\" rel=\"nofollow noopener\" target=\"_blank\">kostenlose App<\/a>, h\u00f6rt uns \u00fcber euren <a _ngcontent-sc132=\"\" href=\"https:\/\/www.radiohamburg.de\/programm\/frequenzen\/Alexa-spiele-Radio-Hamburg-id387722.html\" rel=\"nofollow noopener\" target=\"_blank\">Smartspeaker<\/a> oder schaltet mit einem Klick unten auf den Playbutton das Webradio ein. Zum Nachh\u00f6ren gibt&#8217;s das Ganze nat\u00fcrlich auch noch mal als <a _ngcontent-sc132=\"\" href=\"https:\/\/www.radiohamburg.de\/hoeren\/podcasts\/Radio-Hamburg-Nachrichten-id388455.html\" rel=\"nofollow noopener\" target=\"_blank\">Podcastangebot<\/a>.<\/p>\n<p><img decoding=\"async\" _ngcontent-sc129=\"\" class=\"\" src=\"https:\/\/www.europesays.com\/de\/wp-content\/uploads\/2025\/04\/app.jpg\" alt=\"App, App Store, iOS, Play Store, Google\" title=\"App, App Store, iOS, Play Store, Google\"\/><\/p>\n<p>Foto: Bloomicon \/ Shutterstock.com<\/p>\n<p> F\u00fcr iOS &amp; Android <\/p>\n<p>Holt euch die kostenlose Radio Hamburg App<\/p>\n<p _ngcontent-sc85=\"\" align=\"false\">H\u00f6rt uns an jedem Ort auf der Welt in bester Qualit\u00e4t &amp; st\u00f6rungsfrei \u00fcber unsere kostenlose App. Holt sie euch jetzt f\u00fcr Android oder iOS.<\/p>\n","protected":false},"excerpt":{"rendered":"22. Juli 2026 \u2013 Sebastian Tegtmeyer Ein Kleinlaster ist am Mittwoch in Hamburg-Rotherbaum auf der Busspur gegen einen&hellip;\n","protected":false},"author":2,"featured_media":1186245,"comment_status":"","ping_status":"","sticky":false,"template":"","format":"standard","meta":{"footnotes":"","_share_on_mastodon":"0"},"categories":[1826],"tags":[247838,247839,247833,247836,167897,247834,247829,247825,247841,29,247826,187389,247831,247837,30,247827,692,10654,117627,247823,243971,247842,169627,247828,247822,27991,9461,131721,150513,30968,247835,247830,247824,247843,127834,247840,142668,2625,75353,217422,4253,109705,247832],"class_list":["post-1186244","post","type-post","status-publish","format-standard","has-post-thumbnail","category-hamburg","tag-25-fahrgaeste","tag-30-fahrgaeste","tag-bus-kollidiert-mit-transporter","tag-busfahrer-klinik","tag-busfahrer-verletzt","tag-busspur-hamburg","tag-busspur-unfall","tag-busunfall-hamburg","tag-busverkehr-hamburg","tag-deutschland","tag-edmund-siemers-allee","tag-einsatz-polizei-hamburg","tag-fahrgast-verletzt","tag-fahrgaeste-im-bus","tag-germany","tag-grindelallee","tag-hamburg","tag-hamburg-news","tag-hamburg-rotherbaum","tag-kleinlaster-unfall","tag-kleinlastwagen","tag-kollision-bus-und-laster","tag-krankenhaus-hamburg","tag-linienbus-linie-5","tag-linienbus-unfall","tag-polizei-ermittelt","tag-polizei-hamburg","tag-rettungsdienst-hamburg","tag-rettungskraefte-hamburg","tag-schwer-verletzt","tag-streifenwagen-einsatz","tag-transporter-fahrer","tag-transporter-kracht-in-bus","tag-unfall-auf-edmund-siemers-allee","tag-unfall-hamburg","tag-unfall-nachrichten","tag-unfallmeldung-hamburg","tag-unfallursache","tag-verkehr-hamburg","tag-verkehrsbehinderung-hamburg","tag-verkehrssicherheit","tag-verkehrsunfall-hamburg","tag-verkehrsunfall-rotherbaum"],"share_on_mastodon":{"url":"","error":"Validation failed: Text character limit of 500 exceeded"},"_links":{"self":[{"href":"https:\/\/www.europesays.com\/de\/wp-json\/wp\/v2\/posts\/1186244","targetHints":{"allow":["GET"]}}],"collection":[{"href":"https:\/\/www.europesays.com\/de\/wp-json\/wp\/v2\/posts"}],"about":[{"href":"https:\/\/www.europesays.com\/de\/wp-json\/wp\/v2\/types\/post"}],"author":[{"embeddable":true,"href":"https:\/\/www.europesays.com\/de\/wp-json\/wp\/v2\/users\/2"}],"replies":[{"embeddable":true,"href":"https:\/\/www.europesays.com\/de\/wp-json\/wp\/v2\/comments?post=1186244"}],"version-history":[{"count":0,"href":"https:\/\/www.europesays.com\/de\/wp-json\/wp\/v2\/posts\/1186244\/revisions"}],"wp:featuredmedia":[{"embeddable":true,"href":"https:\/\/www.europesays.com\/de\/wp-json\/wp\/v2\/media\/1186245"}],"wp:attachment":[{"href":"https:\/\/www.europesays.com\/de\/wp-json\/wp\/v2\/media?parent=1186244"}],"wp:term":[{"taxonomy":"category","embeddable":true,"href":"https:\/\/www.europesays.com\/de\/wp-json\/wp\/v2\/categories?post=1186244"},{"taxonomy":"post_tag","embeddable":true,"href":"https:\/\/www.europesays.com\/de\/wp-json\/wp\/v2\/tags?post=1186244"}],"curies":[{"name":"wp","href":"https:\/\/api.w.org\/{rel}","templated":true}]}}