{"id":1186320,"date":"2026-07-23T03:22:37","date_gmt":"2026-07-23T03:22:37","guid":{"rendered":"https:\/\/www.europesays.com\/de\/1186320\/"},"modified":"2026-07-23T03:22:37","modified_gmt":"2026-07-23T03:22:37","slug":"extrem-seltenes-ereignis-zwillinge-werden-in-halle-an-zwei-verschiedenen-tagen-geboren","status":"publish","type":"post","link":"https:\/\/www.europesays.com\/de\/1186320\/","title":{"rendered":"Extrem seltenes Ereignis: Zwillinge werden in Halle an zwei verschiedenen Tagen geboren"},"content":{"rendered":"<p>        <img decoding=\"async\" src=\"https:\/\/www.europesays.com\/de\/wp-content\/uploads\/2026\/07\/zwillinge-unterschiedliche-geburtstage-100.webp\" alt=\"Zwillinge mit unterschiedlichen Geburtstagen in der Uniklinik Halle\" title=\"Zwillinge mit unterschiedlichen Geburtstagen in der Uniklinik Halle | Universit\u00e4tsmedizin Halle\" class=\"responsive\"\/><\/p>\n<p>AUDIO: Zwillinge in Halle an verschiedenen Tagen geboren (1 Min)<\/p>\n<p class=\"topline\">Uniklinik Halle<\/p>\n<p>\n                Stand: 22.07.2026 10:41 Uhr<\/p>\n<p class=\"preface\">An der Uniklinik Halle sind Zwillinge zur Welt gekommen, die an unterschiedlichen Tagen Geburtstag haben. Laut der leitenden Hebamme kommt das \u00e4u\u00dferst selten vor.<\/p>\n<p class=\"textauthor\">von MDR SACHSEN-ANHALT<\/p>\n<p class=\"\">Am <a href=\"https:\/\/www.mdr.de\/nachrichten\/sachsen-anhalt\/halle\/halle\/news-krankenhausmitarbeiter-uniklinik-halle-todesursache,uniklinik-halle-toter-mitarbeiter-ermittlungen-102.html\" title=\"Blutlache auf Klinikstation: Was bislang zum Todesfall in Halle bekannt ist\" rel=\"nofollow noopener\" target=\"_blank\">Universit\u00e4tsklinikum Halle<\/a> ist ein Zwillingspaar zur Welt gekommen, das an zwei verschiedenen Tagen Geburtstag hat. Das <a href=\"https:\/\/www.umh.de\/news\/zwillinge-mit-zwei-verschiedenen-geburtstagen-am-universitaetsklinikum-halle-saale-geboren\" title=\"Mitteilung der Uniklinik Halle\" class=\"extlink-preface\" data-type=\"external\" rel=\"nofollow noopener\" target=\"_blank\">teilte die Klinik mit<\/a>. Demnach kam der kleine Anton am Samstag kurz vor Mitternacht zur Welt, w\u00e4hrend sich seine kleine Schwester Mara noch rund eine halbe Stunde Zeit lie\u00df und erst am Sonntag geboren wurde.<\/p>\n<blockquote><p>\n        Dass Zwillinge mit zwei verschiedenen Geburtstagen geboren werden, kommt nur \u00e4u\u00dferst selten vor.<\/p>\n<p>                Nicole Rostalski, leitende Hebamme<\/p>\n<\/blockquote>\n<p>    Hebamme: &#8222;Ein besonderer Start ins Leben&#8220;<\/p>\n<p class=\"\">Nicole Rostalski, die leitende Hebamme sagte: &#8222;Dass <a href=\"https:\/\/www.mdr.de\/nachrichten\/sachsen-anhalt\/magdeburg\/harz\/harzklinikum-babies-geburten-krankenhaus-100.html\" title=\"Mehr als tausend Geburten im Harzklinikum im Jahr 2025\" rel=\"nofollow noopener\" target=\"_blank\">Zwillinge<\/a> mit zwei verschiedenen Geburtstagen geboren werden, kommt nur \u00e4u\u00dferst selten vor. Auch langj\u00e4hrige Kolleginnen k\u00f6nnen sich nicht daran erinnern, so etwas am Universit\u00e4tsklinikum Halle (Saale) schon einmal erlebt zu haben.&#8220;<\/p>\n<p>                    <a href=\"https:\/\/www.europesays.com\/de\/wp-content\/uploads\/2026\/07\/zwillinge-unterschiedliche-geburtstage-102.webp\" class=\"zoomimage\" title=\"Bild vergr\u00f6\u00dfern\"><\/p>\n<p>        <img decoding=\"async\" src=\"https:\/\/www.europesays.com\/de\/wp-content\/uploads\/2026\/07\/zwillinge-unterschiedliche-geburtstage-102.webp\" alt=\"Die Zwillinge Anton und Mara sind an verschiedenen Tagen geboren.\" title=\"Zwillinge Anton und Mara | Universit\u00e4tsmedizin Halle\" class=\"responsive\" loading=\"lazy\"\/><\/p>\n<p>                    <\/a><\/p>\n<p>                    Zwillinge Anton und Mara<\/p>\n<p class=\"\">Den beiden Kindern und der Mutter gehe es gut, die Geburt sei ohne Komplikationen verlaufen. &#8222;Auch wenn die beiden Kinder nun an unterschiedlichen Tagen Geburtstag feiern, verbindet sie ein ganz besonderer Start ins Leben&#8220;, so Rostalski.<\/p>\n<p>Mehr zum Thema Geburten<\/p>\n<p>        <img decoding=\"async\" src=\"https:\/\/www.europesays.com\/de\/wp-content\/uploads\/2026\/07\/hebamme-naumburg-100.webp\" alt=\"Hebamme Aileen Schellenberg mit einer Mutter und ihrem Baby\" title=\"Hebamme Aileen Schellenberg mit einer Mutter und ihrem Baby | Annekathrin Queck\" class=\"responsive\" loading=\"lazy\"\/><\/p>\n<p>        <img decoding=\"async\" src=\"https:\/\/www.europesays.com\/de\/wp-content\/uploads\/2026\/07\/spielplatz-geburtenrueckgang-104.webp\" alt=\" Spielplatz an der Merziger Aue in Essen-Leithe\" title=\" Spielplatz an der Merziger Aue in Essen-Leithe | IMAGO\/Funke Foto Services\" class=\"responsive\" loading=\"lazy\"\/><\/p>\n<p class=\"\">MDR (Linus-Benedikt Zosel)<\/p>\n","protected":false},"excerpt":{"rendered":"AUDIO: Zwillinge in Halle an verschiedenen Tagen geboren (1 Min) Uniklinik Halle Stand: 22.07.2026 10:41 Uhr An der&hellip;\n","protected":false},"author":2,"featured_media":1186321,"comment_status":"","ping_status":"","sticky":false,"template":"","format":"standard","meta":{"footnotes":"","_share_on_mastodon":"0"},"categories":[3976],"tags":[331,332,247860,4062,13,87815,1114,981,14,15,12,3992,20953,3993,3994,3995,3996,3997,34178],"class_list":["post-1186320","post","type-post","status-publish","format-standard","has-post-thumbnail","category-vereinigtes-koenigreich","tag-aktuelle-nachrichten","tag-aktuelle-news","tag-geburtstage","tag-halle","tag-headlines","tag-hebamme","tag-kinder","tag-mutter","tag-nachrichten","tag-news","tag-schlagzeilen","tag-uk","tag-uniklinik","tag-united-kingdom","tag-united-kingdom-of-great-britain-and-northern-ireland","tag-vereinigtes-koenigreich","tag-vereinigtes-koenigreich-grossbritannien-und-nordirland","tag-vereinigtes-koenigreich-von-grossbritannien-und-nordirland","tag-zwillinge"],"share_on_mastodon":{"url":"https:\/\/pubeurope.com\/@de\/116967148978555861","error":""},"_links":{"self":[{"href":"https:\/\/www.europesays.com\/de\/wp-json\/wp\/v2\/posts\/1186320","targetHints":{"allow":["GET"]}}],"collection":[{"href":"https:\/\/www.europesays.com\/de\/wp-json\/wp\/v2\/posts"}],"about":[{"href":"https:\/\/www.europesays.com\/de\/wp-json\/wp\/v2\/types\/post"}],"author":[{"embeddable":true,"href":"https:\/\/www.europesays.com\/de\/wp-json\/wp\/v2\/users\/2"}],"replies":[{"embeddable":true,"href":"https:\/\/www.europesays.com\/de\/wp-json\/wp\/v2\/comments?post=1186320"}],"version-history":[{"count":0,"href":"https:\/\/www.europesays.com\/de\/wp-json\/wp\/v2\/posts\/1186320\/revisions"}],"wp:featuredmedia":[{"embeddable":true,"href":"https:\/\/www.europesays.com\/de\/wp-json\/wp\/v2\/media\/1186321"}],"wp:attachment":[{"href":"https:\/\/www.europesays.com\/de\/wp-json\/wp\/v2\/media?parent=1186320"}],"wp:term":[{"taxonomy":"category","embeddable":true,"href":"https:\/\/www.europesays.com\/de\/wp-json\/wp\/v2\/categories?post=1186320"},{"taxonomy":"post_tag","embeddable":true,"href":"https:\/\/www.europesays.com\/de\/wp-json\/wp\/v2\/tags?post=1186320"}],"curies":[{"name":"wp","href":"https:\/\/api.w.org\/{rel}","templated":true}]}}