{"id":1186413,"date":"2026-07-23T04:20:18","date_gmt":"2026-07-23T04:20:18","guid":{"rendered":"https:\/\/www.europesays.com\/de\/1186413\/"},"modified":"2026-07-23T04:20:18","modified_gmt":"2026-07-23T04:20:18","slug":"ballermann-star-marc-eggers-bill-kaulitz-ex-haelt-ploetzlich-haendchen-unterhaltung","status":"publish","type":"post","link":"https:\/\/www.europesays.com\/de\/1186413\/","title":{"rendered":"Ballermann-Star Marc Eggers: Bill Kaulitz\u2019 Ex h\u00e4lt pl\u00f6tzlich H\u00e4ndchen | Unterhaltung"},"content":{"rendered":"<p><a class=\"skip-content skip-content--link\" href=\"#in-content-skip-link-target-v-0-0\">TTS-Player \u00fcberspringen\u21b5<\/a><a id=\"in-content-skip-link-target-v-0-0\" class=\"skip-content--target-link-hidden skip-content skip-content--target-link\" href=\"#in-content-skip-link-target-v-0-0\">Artikel weiterlesen<\/a><\/p>\n<p data-32581ace=\"0-2349\"><b>H\u00e4ndchenhaltend, strahlend und ziemlich vertraut: Rund <\/b><a href=\"https:\/\/www.bild.de\/unterhaltung\/stars-und-leute\/bill-kaulitz-spricht-ueber-liebeskummer-nach-trennung-von-marc-eggers-678b43c456e145300e47113f\" class=\"text-link\" rel=\"nofollow noopener\" target=\"_blank\"><b>eineinhalb Jahre nach der Trennung von Bill Kaulitz (36)<\/b><\/a><b> wird pl\u00f6tzlich \u00fcber eine neue Liebe bei Marc Eggers (39) spekuliert. Der Ballermann-Star (\u201eMon Amour\u201c) sorgt selbst f\u00fcr die Ger\u00fcchte, nachdem er auf Instagram mehrere Fotos mit einer Dame an seiner Seite ver\u00f6ffentlichte \u2013 lachend, Arm in Arm und sogar Hand in Hand. Das Ganze versehen mit jeder Menge Herzchen-Emojis. <\/b><\/p>\n<p data-32581ace=\"0-2349\">Vor allem f\u00fcr RTL-Zuschauer ist die Frau an Eggers\u2019 Seite keine Unbekannte. Dabei handelt es sich um \u201eLet\u2019s Dance\u201c-Teilnehmerin und Comedy-Influencerin SelfieSandra (27). Die Aufnahmen entstanden unter anderem bei der Hochzeit von TV-Entertainer Jens \u201e<a href=\"https:\/\/www.bild.de\/themen\/personen\/knossi-alle-infos-und-news-kgowf737UFtE84Yz6vTz\" class=\"text-link\" rel=\"nofollow noopener\" target=\"_blank\">Knossi<\/a>\u201c Knossalla (40) und Lia Mitrou (29) sowie beim Parookaville-Festival.<\/p>\n<p>Fans vermuteten schon mehr als Freundschaft<\/p>\n<p data-32581ace=\"0-2349\">In den Kommentaren lie\u00dfen die Reaktionen nicht lange auf sich warten. Fans vermuten, zwischen den beiden k\u00f6nnte mehr laufen als nur Freundschaft. Zus\u00e4tzlichen Z\u00fcndstoff liefern die Emojis unter dem Beitrag: Eggers versah seinen Post mit einem lilafarbenen Herz, SelfieSandra kommentierte mit mehreren roten Herzen.<\/p>\n<p> An dieser Stelle findest du Inhalte aus Instagram <\/p>\n<p> Um mit Inhalten aus Instagram und anderen sozialen Netzwerken zu interagieren oder diese darzustellen, brauchen wir deine Zustimmung. <\/p>\n<p> soziale Netzwerke aktivieren <\/p>\n<p data-32581ace=\"0-2349\">Doch nichts da! Den Spekulationen schob der Ballermann-Star selbst einen Riegel vor. Auf einen entsprechenden Fan-Kommentar antwortete er: \u201eSo dankbar f\u00fcr diese Freundschaft.\u201c Nach eigener Aussage verbindet ihn und die Influencerin also keine Liebesbeziehung.<\/p>\n<p data-32581ace=\"0-2349\">Kennengelernt haben sich Eggers und SelfieSandra bei ihrer gemeinsamen Teilnahme an der RTL-Tanzshow <a href=\"https:\/\/www.bild.de\/unterhaltung\/tv\/lets-dance\/lets-dance-alle-infos-76680554.bild.html\" class=\"text-link\" rel=\"nofollow noopener\" target=\"_blank\">\u201eLet\u2019s Dance\u201c<\/a> im vergangenen Jahr. Seitdem treten sie immer wieder gemeinsam in der \u00d6ffentlichkeit auf.<\/p>\n<p>Mehr zum ThemaMarc Eggers und Bill Kaulitz auf derselben Hochzeit <\/p>\n<p data-32581ace=\"0-2349\">Eine besondere Randnotiz: Auf <a href=\"https:\/\/www.bild.de\/unterhaltung\/stars-und-leute\/knossi-im-steckbrief-vom-twitch-streamer-zum-tv-star-630df6eea326bf59986278c3\" class=\"text-link\" rel=\"nofollow noopener\" target=\"_blank\">Knossis<\/a> Hochzeit traf Eggers ausgerechnet auch auf seinen Ex, Bill. Die Beziehung der beiden hatte immer wieder f\u00fcr Schlagzeilen gesorgt und war auch Thema in der Netflix-Serie \u201eKaulitz &amp; Kaulitz\u201c. Inzwischen gehen beide getrennte Wege. Ob <a href=\"https:\/\/www.bild.de\/themen\/personen\/bill-kaulitz\/unterhaltung-musik-nachrichten-news-fotos-videos-15817620.bild.html\" class=\"text-link\" rel=\"nofollow noopener\" target=\"_blank\">Kaulitz<\/a> und <a href=\"https:\/\/www.bild.de\/unterhaltung\/stars-und-leute\/marc-eggers-im-steckbrief-wie-tickt-der-entertainer-679b4a3aca2f4b62e94a6d7f\" class=\"text-link\" rel=\"nofollow noopener\" target=\"_blank\">Eggers<\/a> auf der Hochzeit miteinander gesprochen haben oder einander aus dem Weg gegangen sind, ist bisher nicht bekannt. Beide wirkten jedoch fr\u00f6hlich und gel\u00f6st!<\/p>\n<p data-32581ace=\"0-2349\">Ob aus der Freundschaft mit SelfieSandra irgendwann doch noch mehr wird? Im Moment jedenfalls macht Eggers deutlich, dass die beiden nur eng befreundet sind. Und seien wir ehrlich: Auch so geben die beiden gemeinsam ein wundersch\u00f6nes Bild ab.<\/p>\n<p>Die Kaulitz-Zwillinge sind back: Neuer Trailer zu Staffel 3<a class=\"anchor video-teaser__anchor\" href=\"https:\/\/www.bild.de\/unterhaltung\/stars-und-leute\/kaulitz-drama-zurueck-staffel-3-wird-emotional-6a3ec751113e90346dc4e4db\" rel=\"nofollow noopener\" target=\"_blank\"><img decoding=\"async\" width=\"992\" height=\"558\" alt=\"Kaulitz-Drama zur\u00fcck: Staffel 3 wird emotional\" loading=\"lazy\" src=\"https:\/\/www.europesays.com\/de\/wp-content\/uploads\/2026\/07\/8e3e01fd5b7b4d49fe2b6c198621e88b,31aec09.jpeg\"   class=\"landscape teaser__image\"\/><\/a><\/p>\n<p>Quelle: Netflix26.06.2026<\/p>\n","protected":false},"excerpt":{"rendered":"TTS-Player \u00fcberspringen\u21b5Artikel weiterlesen H\u00e4ndchenhaltend, strahlend und ziemlich vertraut: Rund eineinhalb Jahre nach der Trennung von Bill Kaulitz (36)&hellip;\n","protected":false},"author":2,"featured_media":1186414,"comment_status":"","ping_status":"","sticky":false,"template":"","format":"standard","meta":{"footnotes":"","_share_on_mastodon":"0"},"categories":[155],"tags":[29,214,30,5351,5615,5353,215],"class_list":["post-1186413","post","type-post","status-publish","format-standard","has-post-thumbnail","category-unterhaltung","tag-deutschland","tag-entertainment","tag-germany","tag-kaulitz-bill","tag-let","tag-tokio-hotel","tag-unterhaltung"],"share_on_mastodon":{"url":"https:\/\/pubeurope.com\/@de\/116967378488593935","error":""},"_links":{"self":[{"href":"https:\/\/www.europesays.com\/de\/wp-json\/wp\/v2\/posts\/1186413","targetHints":{"allow":["GET"]}}],"collection":[{"href":"https:\/\/www.europesays.com\/de\/wp-json\/wp\/v2\/posts"}],"about":[{"href":"https:\/\/www.europesays.com\/de\/wp-json\/wp\/v2\/types\/post"}],"author":[{"embeddable":true,"href":"https:\/\/www.europesays.com\/de\/wp-json\/wp\/v2\/users\/2"}],"replies":[{"embeddable":true,"href":"https:\/\/www.europesays.com\/de\/wp-json\/wp\/v2\/comments?post=1186413"}],"version-history":[{"count":0,"href":"https:\/\/www.europesays.com\/de\/wp-json\/wp\/v2\/posts\/1186413\/revisions"}],"wp:featuredmedia":[{"embeddable":true,"href":"https:\/\/www.europesays.com\/de\/wp-json\/wp\/v2\/media\/1186414"}],"wp:attachment":[{"href":"https:\/\/www.europesays.com\/de\/wp-json\/wp\/v2\/media?parent=1186413"}],"wp:term":[{"taxonomy":"category","embeddable":true,"href":"https:\/\/www.europesays.com\/de\/wp-json\/wp\/v2\/categories?post=1186413"},{"taxonomy":"post_tag","embeddable":true,"href":"https:\/\/www.europesays.com\/de\/wp-json\/wp\/v2\/tags?post=1186413"}],"curies":[{"name":"wp","href":"https:\/\/api.w.org\/{rel}","templated":true}]}}