{"id":1186417,"date":"2026-07-23T04:22:20","date_gmt":"2026-07-23T04:22:20","guid":{"rendered":"https:\/\/www.europesays.com\/de\/1186417\/"},"modified":"2026-07-23T04:22:20","modified_gmt":"2026-07-23T04:22:20","slug":"lindt-reagiert-auf-absatzdelle-lindor-kommt-in-kleineren-packungen","status":"publish","type":"post","link":"https:\/\/www.europesays.com\/de\/1186417\/","title":{"rendered":"Lindt reagiert auf Absatzdelle: Lindor kommt in kleineren Packungen"},"content":{"rendered":"<p>&#8222;Wir waren \u00fcberrascht&#8220; <\/p>\n<p>Schokoladenhersteller Lindt k\u00fcndigt Preissenkungen an<\/p>\n<p>Aktualisiert am 23.07.2026 &#8211; 03:45 UhrLesedauer: 2 Min.<\/p>\n<p><a href=\"#focus-0\" class=\"transition-colors block text-current relative\" data-sctrack=\"FocusGalleryImage.Reference\"><img fetchpriority=\"high\" data-testid=\"Opener.Image\"   loading=\"eager\" src=\"https:\/\/www.europesays.com\/de\/wp-content\/uploads\/2026\/07\/die-lindor-kugeln-von-lindt-sind-besonders-beliebt-bei-verbrauchern.jpg\" alt=\"Die Lindor-Kugeln von Lindt sind besonders beliebt bei Verbrauchern.\" title=\"Die Lindor-Kugeln von Lindt sind besonders beliebt bei Verbrauchern.\" width=\"4000\" height=\"2250\" class=\"bg-[url:var(--lqipURL)] bg-cover bg-center flex h-full w-full max-w-full\" style=\"--lqipURL:url('https:\/\/images.t-online.de\/2026\/04\/2XJGqSHP6UEt\/0x205:4000x2250\/fit-in\/150x0\/filters:blur(25)\/die-lindor-kugeln-von-lindt-sind-besonders-beliebt-bei-verbrauchern.jpg')\" decoding=\"async\"\/><img loading=\"lazy\" src=\"https:\/\/www.t-online.de\/s\/paper\/_next\/static\/media\/zoom-in.f7dae02f.svg\" alt=\"Vergr\u00f6\u00dfern des Bildes\" title=\"Vergr\u00f6\u00dfern des Bildes\" class=\"block h-[calc(var(--height)_\/_16_*_1rem)] w-[calc(var(--width)_\/_16_*_1rem)] max-w-none absolute right-8 bottom-8 rounded-4 bg-snow p-8\" style=\"--width:32;--height:32\" decoding=\"async\"\/><\/a><\/p>\n<p>Die Lindor-Kugeln von Lindt: Sie soll es bald in einer kleineren Packung zu kaufen geben. (Quelle: Markus Forte\/imago)<\/p>\n<p><img loading=\"lazy\" src=\"https:\/\/www.t-online.de\/s\/paper\/_next\/static\/media\/audio-volume.6689034c.svg\" alt=\"\" title=\"\" class=\"block h-[calc(var(--height)_\/_16_*_1rem)] w-[calc(var(--width)_\/_16_*_1rem)] max-w-none group-hover:brightness-0 group-hover:invert\" style=\"--width:16;--height:16\" decoding=\"async\"\/>Vorlesen<\/p>\n<p>Aktuelle Zeit:0:00Gesamtdauer:0:00<\/p>\n<p>1x<\/p>\n<p class=\"text-center\">Jetzt neu bei t-online:<\/p>\n<p class=\"text-center\">Schriftgr\u00f6\u00dfe anpassen!<\/p>\n<p><img loading=\"lazy\" src=\"https:\/\/www.t-online.de\/s\/paper\/_next\/static\/media\/font-sizes.32942e33.svg\" alt=\"\" title=\"\" class=\"block h-[calc(var(--height)_\/_16_*_1rem)] w-[calc(var(--width)_\/_16_*_1rem)] max-w-none group-hover:hidden group-aria-expanded:hidden\" style=\"--width:16;--height:16\" decoding=\"async\"\/><img loading=\"lazy\" src=\"https:\/\/www.t-online.de\/s\/paper\/_next\/static\/media\/font-sizes-dark-mode.e382645c.svg\" alt=\"\" title=\"\" class=\"block h-[calc(var(--height)_\/_16_*_1rem)] w-[calc(var(--width)_\/_16_*_1rem)] max-w-none hidden group-hover:block group-aria-expanded:block\" style=\"--width:16;--height:16\" decoding=\"async\"\/><img loading=\"lazy\" src=\"https:\/\/www.t-online.de\/s\/paper\/_next\/static\/media\/sharing-menu-icon.1eb71368.svg\" alt=\"\" title=\"\" class=\"block h-[calc(var(--height)_\/_16_*_1rem)] w-[calc(var(--width)_\/_16_*_1rem)] max-w-none group-hover:brightness-0 group-hover:invert\" style=\"--width:16;--height:16\" decoding=\"async\"\/>Artikel teilen<\/p>\n<p class=\"font-bold text-18 leading-17 user-text-lg:text-22 user-text-xl:text-24\">Der Schokoladenriese Lindt zeigt sich &#8222;\u00fcberrascht&#8220; dar\u00fcber, dass die Kundschaft nach Preissteigerungen nicht mehr so zugreift wie fr\u00fcher. Das soll sich nun \u00e4ndern.<\/p>\n<p class=\"text-18 leading-17 user-text-lg:text-22 user-text-xl:text-24\">Lindt &amp; Spr\u00fcngli hat sich im ersten Halbjahr trotz hoher Rohstoffkosten und einer schwachen Konsumstimmung behauptet. Die satten Preiserh\u00f6hungen f\u00fchrten aber in europ\u00e4ischen M\u00e4rkten zu st\u00e4rkeren Absatzverlusten als erwartet. Der Schokoladenhersteller reagiert nun mit<a href=\"https:\/\/www.t-online.de\/leben\/aktuelles\/id_101295890\/lindt-schokolade-preis-anpassung-im-supermarkt-angekuendigt.html\" class=\"transition-colors cursor-pointer no-underline md:hover:text-magenta md:focus:text-magenta border-b border-solid border-current text-salemsfur md:hover:border-magenta\" data-tracking=\"{&quot;action&quot;:&quot;click&quot;,&quot;category&quot;:&quot;intextLink&quot;,&quot;label&quot;:&quot;\/leben\/aktuelles\/id_101295890\/lindt-schokolade-preis-anpassung-im-supermarkt-angekuendigt.html&quot;}\" data-sctrack=\"BodyAnchor\" rel=\"nofollow noopener\" target=\"_blank\"> kleineren Packungen und damit verbundenen Preissenkungen<\/a>.<\/p>\n<p class=\"text-18 leading-17 user-text-lg:text-22 user-text-xl:text-24\">&#8222;Wir waren alle etwas \u00fcberrascht von den Reaktionen in einigen M\u00e4rkten&#8220;, sagte Konzernchef Adalbert Lechner am Dienstag. In Deutschland, der Schweiz und <a href=\"https:\/\/www.t-online.de\/themen\/grossbritannien\/\" class=\"transition-colors cursor-pointer no-underline md:hover:text-magenta md:focus:text-magenta border-b border-solid border-current text-salemsfur md:hover:border-magenta\" data-tracking=\"{&quot;action&quot;:&quot;click&quot;,&quot;category&quot;:&quot;intextLink&quot;,&quot;label&quot;:&quot;\/themen\/grossbritannien\/&quot;}\" data-sctrack=\"BodyAnchor\" rel=\"nofollow noopener\" target=\"_blank\">Gro\u00dfbritannien<\/a> h\u00e4tten die Konsumenten \u2013 im Gegensatz zu fr\u00fcheren Jahren \u2013 nach den Preiserh\u00f6hungen deutlich vorsichtiger eingekauft.<\/p>\n<p class=\"text-18 leading-17 user-text-lg:text-22 user-text-xl:text-24\">Im ersten Halbjahr steigerte der Hersteller von Lindor-Kugeln, Pralin\u00e9s und Schokohasen den Umsatz zwar organisch um 4,3 Prozent. Das war aber deutlich weniger als im gesamten letzten Jahr mit 12,4 Prozent. Und das Wachstum beruhte erneut vollst\u00e4ndig auf h\u00f6heren Verkaufspreisen. Um die stark gestiegenen Kosten insbesondere f\u00fcr Kakao auszugleichen, erh\u00f6hte Lindt die Preise 2026 um 11,8 Prozent, dies nach bereits happigen Aufschl\u00e4gen im letzten Jahr. Gleichzeitig ging das Volumen-\/Mix-Verh\u00e4ltnis um 7,5 Prozent zur\u00fcck. Das bedeutet vereinfacht, dass deutlich weniger Produkte verkauft wurden. Besonders schwierig entwickelte sich demnach der Kernmarkt Europa.<\/p>\n<p>Lindor-Produkte kommen in kleineren Packungen<\/p>\n<p class=\"text-18 leading-17 user-text-lg:text-22 user-text-xl:text-24\">Um den Absatz zu stabilisieren, will Lindt nun in besonders preissensiblen M\u00e4rkten die Preise ausgew\u00e4hlter Produkte korrigieren. Daneben setzt der Konzern auf kleinere und damit beim Kauf g\u00fcnstigere Packungen. So sollen Lindor-Produkte zus\u00e4tzlich in Gr\u00f6\u00dfen von 100 oder 137 Gramm angeboten werden. Erg\u00e4nzend zur 500-Gramm-Packung ist etwa auch eine Variante mit 337 Gramm vorgesehen. Der Preis pro Kilogramm soll damit nicht grunds\u00e4tzlich sinken, wohl aber der Betrag, den Kunden an der Kasse bezahlen m\u00fcssen. Zus\u00e4tzlich will Lindt enger mit den H\u00e4ndlern zusammenarbeiten.<\/p>\n<p class=\"text-18 leading-17 user-text-lg:text-22 user-text-xl:text-24\">Von einer R\u00fcckkehr zum fr\u00fcheren Preisniveau geht Lindt trotz der zuletzt gesunkenen Kakaopreise nicht aus. Die laufende Kakaoernte sei nahezu perfekt ausgefallen, sagte Finanzchef Martin Hug. Die n\u00e4chste Ernte d\u00fcrfte jedoch schw\u00e4cher sein. Zudem erwartet Lindt eine leicht steigende weltweite Nachfrage.<\/p>\n<p class=\"text-18 leading-17 user-text-lg:text-22 user-text-xl:text-24\">An der B\u00f6rse wurden die Zahlen mit Skepsis aufgenommen. Die Anteilsscheine verloren zuletzt 3,6 Prozent. Zwar \u00fcberraschte die verbesserte Marge positiv. Analysten warfen jedoch die Frage auf, ob Lindt nach den massiven Preiserh\u00f6hungen wieder zu nachhaltigem Absatzwachstum zur\u00fcckfinden kann.<\/p>\n","protected":false},"excerpt":{"rendered":"&#8222;Wir waren \u00fcberrascht&#8220; Schokoladenhersteller Lindt k\u00fcndigt Preissenkungen an Aktualisiert am 23.07.2026 &#8211; 03:45 UhrLesedauer: 2 Min. Die Lindor-Kugeln&hellip;\n","protected":false},"author":2,"featured_media":1186418,"comment_status":"","ping_status":"","sticky":false,"template":"","format":"standard","meta":{"footnotes":"","_share_on_mastodon":"0"},"categories":[134],"tags":[225374,175,170,169,29,30,551,66950,171,174,1038,13352,52621,293,173,172],"class_list":["post-1186417","post","type-post","status-publish","format-standard","has-post-thumbnail","category-unternehmen-maerkte","tag-adalbert-lechner","tag-business","tag-companies","tag-companies-markets","tag-deutschland","tag-germany","tag-grossbritannien","tag-lindt-spruengli","tag-markets","tag-maerkte","tag-preissenkung","tag-preissteigerung","tag-schokoladenriese","tag-schweiz","tag-unternehmen","tag-unternehmen-maerkte"],"share_on_mastodon":{"url":"","error":""},"_links":{"self":[{"href":"https:\/\/www.europesays.com\/de\/wp-json\/wp\/v2\/posts\/1186417","targetHints":{"allow":["GET"]}}],"collection":[{"href":"https:\/\/www.europesays.com\/de\/wp-json\/wp\/v2\/posts"}],"about":[{"href":"https:\/\/www.europesays.com\/de\/wp-json\/wp\/v2\/types\/post"}],"author":[{"embeddable":true,"href":"https:\/\/www.europesays.com\/de\/wp-json\/wp\/v2\/users\/2"}],"replies":[{"embeddable":true,"href":"https:\/\/www.europesays.com\/de\/wp-json\/wp\/v2\/comments?post=1186417"}],"version-history":[{"count":0,"href":"https:\/\/www.europesays.com\/de\/wp-json\/wp\/v2\/posts\/1186417\/revisions"}],"wp:featuredmedia":[{"embeddable":true,"href":"https:\/\/www.europesays.com\/de\/wp-json\/wp\/v2\/media\/1186418"}],"wp:attachment":[{"href":"https:\/\/www.europesays.com\/de\/wp-json\/wp\/v2\/media?parent=1186417"}],"wp:term":[{"taxonomy":"category","embeddable":true,"href":"https:\/\/www.europesays.com\/de\/wp-json\/wp\/v2\/categories?post=1186417"},{"taxonomy":"post_tag","embeddable":true,"href":"https:\/\/www.europesays.com\/de\/wp-json\/wp\/v2\/tags?post=1186417"}],"curies":[{"name":"wp","href":"https:\/\/api.w.org\/{rel}","templated":true}]}}