{"id":1186542,"date":"2026-07-23T05:44:15","date_gmt":"2026-07-23T05:44:15","guid":{"rendered":"https:\/\/www.europesays.com\/de\/1186542\/"},"modified":"2026-07-23T05:44:15","modified_gmt":"2026-07-23T05:44:15","slug":"giovanni-zarrella-will-sich-auszeit-goennen-ist-mir-wichtig","status":"publish","type":"post","link":"https:\/\/www.europesays.com\/de\/1186542\/","title":{"rendered":"Giovanni Zarrella will sich Auszeit g\u00f6nnen: &#8222;Ist mir wichtig&#8220;"},"content":{"rendered":"<p>Als Musiker begeistert Giovanni Zarrella (48) seit vielen Jahren ein treues Schlagerpublikum. Im August f\u00fchrt es den selbsternannten Italo-Schwaben f\u00fcr einzelne Konzerte durch ganz Deutschland. Auch die n\u00e4chste Ausgabe seiner &#8222;Giovanni Zarrella Show&#8220; (<a href=\"https:\/\/www.abendzeitung-muenchen.de\/organisation\/zdf\/\" rel=\"nofollow noopener\" target=\"_blank\">ZDF<\/a>) steht an. Beruflich k\u00f6nnte es f\u00fcr den Entertainer wohl nicht besser laufen. Privat hingegen sieht er Handlungsbedarf. Der 48-J\u00e4hrige r\u00fcckt seine Gesundheit in den Fokus und will eine Ver\u00e4nderung vornehmen.<\/p>\n<p>Giovanni Zarrella spricht \u00fcber privaten Plan: &#8222;Ist mir wichtig&#8220;<\/p>\n<p>Giovanni Zarrella ist gl\u00fccklich verheiratet mit seiner Frau Jana Ina (49). <a href=\"https:\/\/www.abendzeitung-muenchen.de\/promis\/jana-ina-zarrella-wie-sie-mit-kindern-und-ehemann-privat-lebt-art-823319\" rel=\"noopener nofollow\" target=\"_blank\" title=\"Jana Ina Zarrella: Wie sie mit Kindern und Ehemann privat lebt\">An der Seite ihrer beiden gemeinsamen Kinder genie\u00dfen sie ein idyllisches Familienleben<\/a> in K\u00f6ln. Doch f\u00fcr Zarrella l\u00e4uft nicht alles perfekt. Im Gespr\u00e4ch mit seinem Bruder Stefano (35) verr\u00e4t er jetzt: &#8222;Ich w\u00fcrde gern meinen Schlaf besser in den Griff bekommen.&#8220; Wenn es darum geht, sich Ruhe zu g\u00f6nnen, will der Entertainer einiges anders machen. &#8222;Ich m\u00fcsste einfach mehr pennen. Das mit dem Schlaf muss ich irgendwie in Zukunft hinkriegen. Das ist mir wichtig&#8220;, betont er im Podcast &#8222;<a href=\"https:\/\/open.spotify.com\/episode\/5SdtC5Q7c5GCKiaw2ERJme?si=aa08705b80cd4a86\" rel=\"noopener nofollow\" target=\"_blank\" title=\"https:\/\/open.spotify.com\/episode\/5SdtC5Q7c5GCKiaw2ERJme?si=aa08705b80cd4a86\" class=\"ext_links\">Tutto bene!<\/a>&#8222;.<\/p>\n<p>Als Entertainer hat der 48-J\u00e4hrige zweifelsohne einen vollen Terminkalender. Dass die Ruhezeit dabei manchmal zu kurz kommt, d\u00fcrfte wenig verwundern.<\/p>\n<p>     <img decoding=\"async\" loading=\"lazy\" src=\"https:\/\/www.europesays.com\/de\/wp-content\/uploads\/2026\/07\/1716857_giovanni-zarrella-und-sein-bruder-stefano-zarrella-l-singen-bei-der-party-z_artikelbild-75pr.jpeg\" alt=\"Giovanni Zarrella spricht mit seinem Bruder Stefano dar\u00fcber, sein Schlafdefizit endlich in den Griff zu bekommen und sich k\u00fcnftig mehr Zeit f\u00fcr sich selbst zu nehmen.\" title=\"Giovanni Zarrella spricht mit seinem Bruder Stefano dar\u00fcber, sein Schlafdefizit endlich in den Griff zu bekommen und sich k\u00fcnftig mehr Zeit f\u00fcr sich selbst zu nehmen.\" width=\"609\" height=\"387\"\/><\/p>\n<p>      Giovanni Zarrella spricht mit seinem Bruder Stefano dar\u00fcber, sein Schlafdefizit endlich in den Griff zu bekommen und sich k\u00fcnftig mehr Zeit f\u00fcr sich selbst zu nehmen.<br \/>\n      \u00a9 imago\/Horst Galuschka<\/p>\n<p>    Giovanni Zarrella spricht mit seinem Bruder Stefano dar\u00fcber, sein Schlafdefizit endlich in den Griff zu bekommen und sich k\u00fcnftig mehr Zeit f\u00fcr sich selbst zu nehmen.<\/p>\n<p>von imago\/Horst Galuschka <\/p>\n<p>&#8222;}&#8220;&gt; <\/p>\n<p>Mehr Auszeit f\u00fcr Giovanni Zarrella: &#8222;Nicht einfach bisher&#8220;<\/p>\n<p>Doch Giovanni Zarrella hat noch ein weiteres Anliegen. K\u00fcnftig stehe f\u00fcr ihn &#8222;mehr Me-Time&#8220; auf dem Programm. &#8222;Also einfach mal sagen: &#8218;So, jetzt gehe ich mich mal einen Tag lang inspirieren lassen. Jetzt fahre ich irgendwo hin'&#8220;, erkl\u00e4rt der Musiker sein Vorhaben. In den vergangenen Jahren seien Spontanit\u00e4t und Freir\u00e4ume deutlich zu kurz gekommen: &#8222;Ich erlaube mir das halt nicht. [&#8230;] Ja, es ist nicht einfach bisher. Man hat ja auch von au\u00dfen viele Einfl\u00fcsse, ist ja ganz normal.&#8220; Seine vielen Termine scheinen den Entertainer oft von mehr Auszeiten abgehalten zu haben. &#8222;Ich glaube aber, dass es meinem K\u00f6rper guttun w\u00fcrde, wenn ich mir mehr erlauben w\u00fcrde&#8220;, so Zarrella.<\/p>\n<p>Allergiebeschwerden nicht ohne: &#8222;Hat mich voll erwischt&#8220;<\/p>\n<p>Die Familie des Schlagerstars steht bei seinen Pl\u00e4nen sicher hinter ihm. Ohnehin hat er derzeit <a href=\"https:\/\/www.abendzeitung-muenchen.de\/promis\/nach-jahrelanger-pause-giovanni-zarrella-wieder-mit-krankheitssymptomen-konfrontiert-art-1144452\" rel=\"noopener nofollow\" target=\"_blank\" title=\"Nach jahrelanger Pause: Giovanni Zarrella wieder mit Krankheitssymptomen konfrontiert\">mit den Folgen seines Heuschnupfens<\/a> zu k\u00e4mpfen und k\u00f6nnte dadurch wohl weniger Alltagsstress vertragen. &#8222;Diesen Sommer hat es mich wieder voll erwischt&#8220;, meinte er in Bezug auf seine allergische Erkrankung, die er jahrelang im Griff hatte. Konzerte und \u00f6ffentliche Auftritte werden heuer oft von Symptomen wie Heiserkeit begleitet. &#8222;Das ist voll bescheuert. [&#8230;] Ich gehe dann da hin und denke nur: &#8218;Boah'&#8220;, schilderte Zarrella genervt.<\/p>\n","protected":false},"excerpt":{"rendered":"Als Musiker begeistert Giovanni Zarrella (48) seit vielen Jahren ein treues Schlagerpublikum. Im August f\u00fchrt es den selbsternannten&hellip;\n","protected":false},"author":2,"featured_media":1186543,"comment_status":"","ping_status":"","sticky":false,"template":"","format":"standard","meta":{"footnotes":"","_share_on_mastodon":"0"},"categories":[1776],"tags":[1801,29,214,30,13720,9359,1802,2045,12226,215,2566],"class_list":["post-1186542","post","type-post","status-publish","format-standard","has-post-thumbnail","category-prominente","tag-celebrities","tag-deutschland","tag-entertainment","tag-germany","tag-giovanni-zarrella","tag-privatleben","tag-prominente","tag-promis","tag-schlaf","tag-unterhaltung","tag-veraenderung"],"share_on_mastodon":{"url":"https:\/\/pubeurope.com\/@de\/116967708271752155","error":""},"_links":{"self":[{"href":"https:\/\/www.europesays.com\/de\/wp-json\/wp\/v2\/posts\/1186542","targetHints":{"allow":["GET"]}}],"collection":[{"href":"https:\/\/www.europesays.com\/de\/wp-json\/wp\/v2\/posts"}],"about":[{"href":"https:\/\/www.europesays.com\/de\/wp-json\/wp\/v2\/types\/post"}],"author":[{"embeddable":true,"href":"https:\/\/www.europesays.com\/de\/wp-json\/wp\/v2\/users\/2"}],"replies":[{"embeddable":true,"href":"https:\/\/www.europesays.com\/de\/wp-json\/wp\/v2\/comments?post=1186542"}],"version-history":[{"count":0,"href":"https:\/\/www.europesays.com\/de\/wp-json\/wp\/v2\/posts\/1186542\/revisions"}],"wp:featuredmedia":[{"embeddable":true,"href":"https:\/\/www.europesays.com\/de\/wp-json\/wp\/v2\/media\/1186543"}],"wp:attachment":[{"href":"https:\/\/www.europesays.com\/de\/wp-json\/wp\/v2\/media?parent=1186542"}],"wp:term":[{"taxonomy":"category","embeddable":true,"href":"https:\/\/www.europesays.com\/de\/wp-json\/wp\/v2\/categories?post=1186542"},{"taxonomy":"post_tag","embeddable":true,"href":"https:\/\/www.europesays.com\/de\/wp-json\/wp\/v2\/tags?post=1186542"}],"curies":[{"name":"wp","href":"https:\/\/api.w.org\/{rel}","templated":true}]}}