{"id":1186554,"date":"2026-07-23T05:51:19","date_gmt":"2026-07-23T05:51:19","guid":{"rendered":"https:\/\/www.europesays.com\/de\/1186554\/"},"modified":"2026-07-23T05:51:19","modified_gmt":"2026-07-23T05:51:19","slug":"tennis-ana-ivanovic-macht-ein-trauriges-gestaendnis-sport","status":"publish","type":"post","link":"https:\/\/www.europesays.com\/de\/1186554\/","title":{"rendered":"Tennis: Ana Ivanovi\u0107 macht ein trauriges Gest\u00e4ndnis | Sport"},"content":{"rendered":"<p><a class=\"skip-content skip-content--link\" href=\"#in-content-skip-link-target-v-0-0\">TTS-Player \u00fcberspringen\u21b5<\/a><a id=\"in-content-skip-link-target-v-0-0\" class=\"skip-content--target-link-hidden skip-content skip-content--target-link\" href=\"#in-content-skip-link-target-v-0-0\">Artikel weiterlesen<\/a><\/p>\n<p data-21134c99=\"0-2094\"><b>Das sind klare Worte! Ana Ivanovi\u0107 (38) war eine der besten Tennisspielerinnen ihrer Generation. 2008 gewann sie die French Open, wurde danach Weltranglistenerste und holte insgesamt 15 Einzeltitel auf der WTA-Tour. Mit nur 29 Jahren beendete sie im Dezember 2016 ihre Profikarriere. Der Grund damals: ihre vielen Verletzungen. Doch jetzt sprach sie offen \u00fcber ihr Tennis-Aus, machte deutlich: Auch wegen mentaler Probleme beendete sie ihre Karriere so fr\u00fch. <\/b><\/p>\n<p data-21134c99=\"0-2094\">In der kroatischen Sport-Talkshow \u201eNeuspjeh prvaka\u201c von <a href=\"https:\/\/www.bild.de\/sport\/fussball\/der-ehemalige-bundesliga-star-slaven-bilic-uebernimmt-kroatien-6a54d764f0157ebe0a8ebfdb\" class=\"text-link\" rel=\"nofollow noopener\" target=\"_blank\">Kroatiens Neu-Nationaltrainer und Ex-Bundesliga-Star Slaven Bili\u0107 (57) <\/a>lie\u00df Ivanovi\u0107 tief blicken: \u201eIn den letzten Jahren meiner Karriere hatte ich sehr starke Panikattacken, sobald ich auf den Platz ging. Ich habe nie dar\u00fcber gesprochen, aber ich hatte wirklich heftige Panikattacken.\u201c<\/p>\n<p><img decoding=\"async\" width=\"992\" height=\"781\" alt=\"2008: Ana Ivanovi\u0107 gewinnt die French Open in Paris\" loading=\"lazy\" src=\"https:\/\/www.europesays.com\/de\/wp-content\/uploads\/2026\/07\/3563bf32d44c83e8c9f9eb26a5e2b6a4,1c7ab4c5.jpeg\"   class=\"dynamic\"\/><\/p>\n<p class=\"fig__caption__text\">2008: Ana Ivanovi\u0107 gewinnt die French Open in Paris<\/p>\n<p>Foto: picture alliance\/ASSOCIATED PRESS<\/p>\n<p data-21134c99=\"0-2094\">Zu dieser Zeit hatte die Serbin auch Schwierigkeiten auf dem Platz \u2013 die auch anderen auffielen. Doch der wahre Grund war kein sportlicher: \u201eIn Wirklichkeit war ich einfach nur in Panik und konnte nicht mehr. Ich hatte panische Angst davor, am n\u00e4chsten Tag wieder auf den Platz zu gehen und vor Publikum spielen zu m\u00fcssen\u201c, so Ivanovi\u0107.<\/p>\n<p><img decoding=\"async\" width=\"992\" height=\"558\" alt=\"Der neue kroatische Nationaltrainer Slaven Bilic (57) und Ex-Tennis-Star Ana Ivanovic (38)\" loading=\"lazy\" src=\"https:\/\/www.europesays.com\/de\/wp-content\/uploads\/2026\/07\/9d42ec00edf50196f1822709639df96a,ab66d0f.jpeg\"   class=\"landscape\"\/><\/p>\n<p class=\"fig__caption__text\">Der neue kroatische Nationaltrainer Slaven Bili\u0107 (57) und Ex-Tennis-Star Ana Ivanovi\u0107 (38) <\/p>\n<p>Foto: neuspjehprvaka\/Instagram<\/p>\n<p> Fr\u00fches Karriereende nie bereut<\/p>\n<p data-21134c99=\"0-2094\">Trotz der Panikattacken fiel ihr das fr\u00fche Karriereende mit nur 29 Jahren schwer. \u201eNat\u00fcrlich war es kein leichter Schritt und es fiel mir schwer, Tennis aufzugeben, denn seit meinem f\u00fcnften Lebensjahr war es mein Leben, meine erste Liebe, etwas, das ich wirklich liebte und in dem ich sehr gut war. Aber ich hatte das Gef\u00fchl, dass es der richtige Zeitpunkt f\u00fcr mich war.\u201c Und bis heute ist es f\u00fcr den Ex-Tennisstar genau die richtige Entscheidung. \u201eIch vermisse die gro\u00dfen Turniere, den Wettkampf, das Gef\u00fchl, das Adrenalin, aber ich bereue meine Entscheidung nicht. Ich bin sehr gl\u00fccklich, wo ich jetzt bin\u201c, erkl\u00e4rte Ivanovi\u0107. <\/p>\n<p>Verliebte K\u00fcsse! Sexy Bikini-Tanz!: Tennis-Queen Sabalenka urlaubt den Wimbledon-Frust weg<a class=\"anchor video-teaser__anchor\" href=\"https:\/\/www.bild.de\/sport\/mehr-sport\/verliebte-kuesse-sexy-bikini-tanz-tennis-queen-sabalenka-urlaubt-den-wimbledon-frust-weg-6a552a0786a2f0846eaaf871\" rel=\"nofollow noopener\" target=\"_blank\"><img decoding=\"async\" width=\"992\" height=\"558\" alt=\"\" loading=\"lazy\" src=\"https:\/\/www.europesays.com\/de\/wp-content\/uploads\/2026\/07\/877b8fbb95b66d4db9f31209d20d09f8-landscape,69317721.jpeg\"   class=\"landscape teaser__image\"\/><\/a><\/p>\n<p>Quelle: Instagram: @arynasabalenka13.07.2026<\/p>\n<p data-21134c99=\"0-2094\">Viele waren damals \u00fcberrascht vom fr\u00fchen <a href=\"https:\/\/www.bild.de\/sport\/mehr-sport\/tennis\/home-23890462.bild.html\" class=\"text-link\" rel=\"nofollow noopener\" target=\"_blank\">Tennis<\/a>-Aus \u2013 die Serbin selbst nicht: \u201eIch erinnere mich, dass ich in meinen Zwanzigern gesagt habe, ich sei nicht der Typ, der bis 40 spielt. Das hat mich nie gereizt, weil ich wusste, dass es andere Dinge gab, die ich im Leben tun wollte.\u201c <\/p>\n","protected":false},"excerpt":{"rendered":"TTS-Player \u00fcberspringen\u21b5Artikel weiterlesen Das sind klare Worte! Ana Ivanovi\u0107 (38) war eine der besten Tennisspielerinnen ihrer Generation. 2008&hellip;\n","protected":false},"author":2,"featured_media":1186555,"comment_status":"","ping_status":"","sticky":false,"template":"","format":"standard","meta":{"footnotes":"","_share_on_mastodon":"0"},"categories":[136],"tags":[1263,29,30,57846,1259,265,1576,4206,10331,19031],"class_list":["post-1186554","post","type-post","status-publish","format-standard","has-post-thumbnail","category-sport","tag-aufmacher-bereich","tag-deutschland","tag-germany","tag-ivanovic-ana","tag-schweinsteiger-bastian","tag-sport","tag-super-a-teaser","tag-tennis","tag-tennis-einzel","tag-wta"],"share_on_mastodon":{"url":"https:\/\/pubeurope.com\/@de\/116967736532106524","error":""},"_links":{"self":[{"href":"https:\/\/www.europesays.com\/de\/wp-json\/wp\/v2\/posts\/1186554","targetHints":{"allow":["GET"]}}],"collection":[{"href":"https:\/\/www.europesays.com\/de\/wp-json\/wp\/v2\/posts"}],"about":[{"href":"https:\/\/www.europesays.com\/de\/wp-json\/wp\/v2\/types\/post"}],"author":[{"embeddable":true,"href":"https:\/\/www.europesays.com\/de\/wp-json\/wp\/v2\/users\/2"}],"replies":[{"embeddable":true,"href":"https:\/\/www.europesays.com\/de\/wp-json\/wp\/v2\/comments?post=1186554"}],"version-history":[{"count":0,"href":"https:\/\/www.europesays.com\/de\/wp-json\/wp\/v2\/posts\/1186554\/revisions"}],"wp:featuredmedia":[{"embeddable":true,"href":"https:\/\/www.europesays.com\/de\/wp-json\/wp\/v2\/media\/1186555"}],"wp:attachment":[{"href":"https:\/\/www.europesays.com\/de\/wp-json\/wp\/v2\/media?parent=1186554"}],"wp:term":[{"taxonomy":"category","embeddable":true,"href":"https:\/\/www.europesays.com\/de\/wp-json\/wp\/v2\/categories?post=1186554"},{"taxonomy":"post_tag","embeddable":true,"href":"https:\/\/www.europesays.com\/de\/wp-json\/wp\/v2\/tags?post=1186554"}],"curies":[{"name":"wp","href":"https:\/\/api.w.org\/{rel}","templated":true}]}}