{"id":1186669,"date":"2026-07-23T07:04:17","date_gmt":"2026-07-23T07:04:17","guid":{"rendered":"https:\/\/www.europesays.com\/de\/1186669\/"},"modified":"2026-07-23T07:04:17","modified_gmt":"2026-07-23T07:04:17","slug":"prozess-in-muenchen-28-jaehriger-attackiert-mann-mit-nagelschere-muenchen","status":"publish","type":"post","link":"https:\/\/www.europesays.com\/de\/1186669\/","title":{"rendered":"Prozess in M\u00fcnchen: 28-J\u00e4hriger attackiert Mann mit Nagelschere &#8211; M\u00fcnchen"},"content":{"rendered":"<p data-manual=\"paragraph\" data-schema-org-speakable=\"true\" class=\"css-1vw426e\">\u201eHallo zusammen. Mein Name ist Hasibullah A. und ich komme aus Afghanistan.\u201c Es klang etwas flapsig, wie sich der 28-J\u00e4hrige am Mittwochvormittag zum Prozessauftakt vor dem Schwurgericht am Landgericht <a href=\"https:\/\/www.sueddeutsche.de\/thema\/M%C3%BCnchen\" rel=\"nofollow noopener\" target=\"_blank\">M\u00fcnchen<\/a> I der Kammer unter dem Vorsitz von Richterin Elisabeth Ehrl vorstellte. Vermutlich aber war die Form der Begr\u00fc\u00dfung eher Ausdruck von Nervosit\u00e4t. F\u00fcr Hasibullah A. geht es immerhin um einiges. Er ist angeklagt wegen eines versuchten Totschlags in der Asylbewerberunterkunft in der Triebstra\u00dfe in <a href=\"https:\/\/www.sueddeutsche.de\/thema\/Moosach\" rel=\"nofollow noopener\" target=\"_blank\">Moosach<\/a>.<\/p>\n<p data-manual=\"paragraph\" data-schema-org-speakable=\"true\" class=\"css-1eosz7k\">Der Gegenstand, mit dem A. in der Nacht des 20. August vergangenen Jahres einen Mitbewohner bei einem Streit nicht unerheblich verletzt haben soll, ist eher unscheinbar. Es handelt sich um eine Nagelschere, nur achteinhalb Zentimeter lang. Die Scherenbl\u00e4tter haben gerade mal eine L\u00e4nge von zweieinhalb Zentimetern. Laut Staatsanwaltschaft soll der 28-J\u00e4hrige damit in jener Nacht einem gleichaltrigen Mitbewohner unter anderem das Bauchfell durchstochen haben. Dieser und weitere Stiche mit der Nagelschere seien zumindest \u201eabstrakt lebensgef\u00e4hrlich\u201c gewesen, hei\u00dft es in der Anklage.<\/p>\n<p data-manual=\"paragraph\" data-schema-org-speakable=\"true\" class=\"css-1eosz7k\">Hasibullah A. r\u00e4umte die Tat in einer Erkl\u00e4rung ein, die sein Verteidiger, Rechtsanwalt Joachim Schwarzenau, f\u00fcr ihn verlas. Allerdings, sagt Schwarzenau, k\u00f6nne sich sein Mandant nicht mehr daran erinnern, was bei dem Streit genau geschehen sei. Gleichwohl gehe der Angeklagte aber davon aus, \u201edass er sicherlich etwas gemacht hat, was nicht in Ordnung ist\u201c.<\/p>\n<p data-manual=\"paragraph\" data-schema-org-speakable=\"true\" class=\"css-1eosz7k\">Den Ermittlungen zufolge war Hasibullah A. zum Tatzeitpunkt betrunken. Acht bis zehn Desperados \u2013 ein Bier mit Tequilageschmack \u2013 habe er an jenem Tag von Nachmittag an getrunken. Das Bier habe er gleich in der N\u00e4he der Unterkunft an einer Tankstelle gekauft. Bevor er seinen Mitbewohner mit der Nagelschere attackierte, war A. zun\u00e4chst mit einer Security-Angestellten aneinandergeraten. Die Folge: Hasibullah A. erhielt ein 48-st\u00fcndiges Hausverbot. Polizeibeamte, die alarmiert worden waren, geleiteten ihn vom Gel\u00e4nde.<\/p>\n<p data-manual=\"paragraph\" data-schema-org-speakable=\"true\" class=\"css-1eosz7k\">Doch der 28-J\u00e4hrige kam zur\u00fcck, indem er \u00fcber einen Zaun kletterte. Als er auf andere Bewohner aus der Unterkunft traf, soll er diese ohne Grund lautstark beschimpft haben. Ein Mann aus der Gruppe hatte mitbekommen, dass A. kurz zuvor Hausverbot bekommen hatte. Er forderte den 28-J\u00e4hrigen deshalb auf zu gehen. Anderenfalls, so der Mitbewohner, werde er die Polizei alarmieren. Auf diese Androhung hin eskalierte die Situation.<\/p>\n<p data-manual=\"paragraph\" data-schema-org-speakable=\"true\" class=\"css-1eosz7k\">Hasibullah A. soll sofort auf den Mann zugegangen sein. Die Nagelschere habe er dabei laut Anklage so in seiner rechten Hand gehalten, dass die Scherenbl\u00e4tter neben dem Mittelfinger aus seiner Faust herausragten. Ein anderer Bewohner ging dazwischen. Doch A. lie\u00df sich nicht stoppen. Er und der Mitbewohner, der ihn aufgefordert hatte zu gehen, schubsten einander. W\u00e4hrend des Gerangels stach A. seinem Kontrahenten in den Unterbauch. Dennoch gelang diesem die Flucht. Doch Hasibullah A. setzte ihm nach, stach ein weiteres Mal in Richtung von dessen Oberk\u00f6rper und traf ihn schlie\u00dflich am R\u00fccken.<\/p>\n<p data-manual=\"paragraph\" data-schema-org-speakable=\"true\" class=\"css-1eosz7k\">Der Mann konnte sich letztlich in einem der Wohncontainer in Sicherheit bringen. Hasibullah A. indes floh. Kurze Zeit sp\u00e4ter gelang es Polizeibeamten, ihn an einer Bushaltestelle an der Triebstra\u00dfe festzunehmen. Ein Urteil in dem Prozess wird f\u00fcr Ende August erwartet.<\/p>\n","protected":false},"excerpt":{"rendered":"\u201eHallo zusammen. Mein Name ist Hasibullah A. und ich komme aus Afghanistan.\u201c Es klang etwas flapsig, wie sich&hellip;\n","protected":false},"author":2,"featured_media":1186670,"comment_status":"","ping_status":"","sticky":false,"template":"","format":"standard","meta":{"footnotes":"","_share_on_mastodon":"0"},"categories":[1827],"tags":[772,29,60554,2634,30,2553,2638,6533,1268,2813,149],"class_list":["post-1186669","post","type-post","status-publish","format-standard","has-post-thumbnail","category-muenchen","tag-bayern","tag-deutschland","tag-fluechtlinge-in-muenchen","tag-gerichtsprozesse-in-muenchen","tag-germany","tag-landgericht-muenchen","tag-landgericht-muenchen-i","tag-moosach","tag-muenchen","tag-muenchen-stadtteile","tag-sueddeutsche-zeitung"],"share_on_mastodon":{"url":"","error":""},"_links":{"self":[{"href":"https:\/\/www.europesays.com\/de\/wp-json\/wp\/v2\/posts\/1186669","targetHints":{"allow":["GET"]}}],"collection":[{"href":"https:\/\/www.europesays.com\/de\/wp-json\/wp\/v2\/posts"}],"about":[{"href":"https:\/\/www.europesays.com\/de\/wp-json\/wp\/v2\/types\/post"}],"author":[{"embeddable":true,"href":"https:\/\/www.europesays.com\/de\/wp-json\/wp\/v2\/users\/2"}],"replies":[{"embeddable":true,"href":"https:\/\/www.europesays.com\/de\/wp-json\/wp\/v2\/comments?post=1186669"}],"version-history":[{"count":0,"href":"https:\/\/www.europesays.com\/de\/wp-json\/wp\/v2\/posts\/1186669\/revisions"}],"wp:featuredmedia":[{"embeddable":true,"href":"https:\/\/www.europesays.com\/de\/wp-json\/wp\/v2\/media\/1186670"}],"wp:attachment":[{"href":"https:\/\/www.europesays.com\/de\/wp-json\/wp\/v2\/media?parent=1186669"}],"wp:term":[{"taxonomy":"category","embeddable":true,"href":"https:\/\/www.europesays.com\/de\/wp-json\/wp\/v2\/categories?post=1186669"},{"taxonomy":"post_tag","embeddable":true,"href":"https:\/\/www.europesays.com\/de\/wp-json\/wp\/v2\/tags?post=1186669"}],"curies":[{"name":"wp","href":"https:\/\/api.w.org\/{rel}","templated":true}]}}