{"id":1186689,"date":"2026-07-23T07:18:28","date_gmt":"2026-07-23T07:18:28","guid":{"rendered":"https:\/\/www.europesays.com\/de\/1186689\/"},"modified":"2026-07-23T07:18:28","modified_gmt":"2026-07-23T07:18:28","slug":"travemuende-sandskulpturen-erschaffen-nur-mit-tastsinn","status":"publish","type":"post","link":"https:\/\/www.europesays.com\/de\/1186689\/","title":{"rendered":"Travem\u00fcnde: Sandskulpturen &#8211; erschaffen nur mit Tastsinn"},"content":{"rendered":"<p>\n                Stand: 23.07.2026 09:10 Uhr<\/p>\n<p class=\"preface\">Sehen ist nicht alles: Blinde und sehbehinderte Menschen erschaffen in Travem\u00fcnde beeindruckende Sandskulpturen und das alleine mit dem Tastsinn, Vorstellungskraft und viel Geduld.<\/p>\n<p class=\"textauthor\">von Na\u00efs Baier<\/p>\n<p class=\"\">Eine Skulptur wie die in der Sandskulpturen-Ausstellung in <a href=\"https:\/\/www.ndr.de\/ratgeber\/reise\/ostseekueste_sh\/Travemuende-Langer-Strand-und-dicke-Poette-an-der-Ostsee,travemuende235.html\" title=\"Travem\u00fcnde: Langer Strand und dicke P\u00f6tte an der Ostsee\" rel=\"nofollow noopener\" target=\"_blank\">Travem\u00fcnde<\/a> zu erschaffen, ist selbst mit allen Sinnen anspruchsvoll. Vor Ausstellungsbeginn fand dort ein Workshop statt, bei dem Laien selbst mal eine Skulptur aus Sand gestalten durften. Allerdings konnten die Teilnehmer ihr Material, Werkzeug und Kunstwerke nur erf\u00fchlen. Beim Workshop durften Mitglieder des Blinden- und Sehbehindertenvereins Schleswig-Holstein mit Sand und Kelle kreativ werden.<\/p>\n<p>    Kreativit\u00e4t, die man f\u00fchlen kann<\/p>\n<p class=\"\">Es ist der zweite von drei Tagen beim Workshop. Nach einem \u00dcbungstag beginnen die blinden und sehbehinderten Teilnehmenden nun ihre Sandskulpturen f\u00fcr die Ausstellung zu gestalten. Jordan Smith ist einer der K\u00fcnstler, er will mit dem Thema Wasser weitermachen: &#8222;Weil ich auf einer kleinen Insel aufgewachsen bin, m\u00f6chte ich einen Fisch gestalten.&#8220;<\/p>\n<p class=\"\">Unterst\u00fctzt und angeleitet werden die vier Teilnehmenden von K\u00fcnstler Martin de Zoete. &#8222;Ich denke, das ist die beste Vorbereitung, um offen zu sein.&#8220; Am ersten Workshop Tag haben sie alles ausprobiert, um zu schauen, was geht und was nicht.<\/p>\n<p>    Wie Kunst f\u00fcr Jordan greifbar wurde<\/p>\n<p>                    <a href=\"https:\/\/www.europesays.com\/de\/wp-content\/uploads\/2026\/07\/screenshot-197356.webp\" class=\"zoomimage\" title=\"Bild vergr\u00f6\u00dfern\"><\/p>\n<p>        <img decoding=\"async\" src=\"https:\/\/www.europesays.com\/de\/wp-content\/uploads\/2026\/07\/screenshot-197356.webp\" alt=\"Zwei M\u00e4nner stehen neben einem Sandblock.\" title=\"K\u00fcnstler Martin de Zoete (r.) erkl\u00e4rt Jordan Smith wie er vorgehen soll. | Screenshot\" class=\"responsive\" loading=\"lazy\"\/><\/p>\n<p>                    <\/a><\/p>\n<p>                    K\u00fcnstler Martin de Zoete (r.) erkl\u00e4rt Jordan Smith wie er vorgehen soll.<\/p>\n<p class=\"\">Jordan Smith ist seit seiner Geburt blind, er erkennt in seiner Umgebung hell, dunkel und grobe Formen, nur von Nahem kann er Farbe erkennen. Kunst spielte daher bislang keine gro\u00dfe Rolle f\u00fcr ihn. In den vergangenen Jahren \u00e4nderte sich das, weil er einige gute F\u00fchrungen durch Ausstellungen erlebt hat. Dort sei viel beschrieben worden, sagt er. &#8222;Durch die M\u00f6glichkeiten, bei einigen Museen Skulpturen anzufassen, habe ich gemerkt, das ist etwas, was blinde Menschen auch k\u00f6nnen.&#8220;<\/p>\n<p>    Anleitung mit Worten statt Skizzen<\/p>\n<p class=\"\">Normalerweise betreut Martin de Zoete die professionellen K\u00fcnstlerinnen und -k\u00fcnstler bei der j\u00e4hrlichen Neugestaltung der Sandskulpturenausstellung. F\u00fcr diesen Workshop muss auch er sein Handwerk noch mal mit anderen Sinnen kennenlernen. Denn mit Vorlagen und Skizzen auf Papier k\u00f6nnen die meisten Teilnehmenden hier nichts anfangen.<\/p>\n<p class=\"\">&#8222;Jetzt mussten wir das Bildmaterial mit Audio ersetzen. Man beschreibt, wie es aussieht, oder was die haben wollen und wir nutzen die H\u00e4nde.&#8220; Genau das ist so wichtig f\u00fcr Jordan Smith: &#8222;Weil wir einfach mit den H\u00e4nden arbeiten m\u00fcssen und alles gleichzeitig anfassen k\u00f6nnen. So kann ich genau dem folgen, was Martin meint.&#8220;<\/p>\n<p>        <img decoding=\"async\" src=\"https:\/\/www.europesays.com\/de\/wp-content\/uploads\/2026\/07\/brailleschrift-100.webp\" alt=\"Finger sp\u00fcren Brailleschrift eines Manuskriptes\" title=\"Finger sp\u00fcren Brailleschrift eines Manuskriptes | IMAGO \/ Funke Foto Services\" class=\"responsive\" loading=\"lazy\"\/><\/p>\n<p>Nur etwa zwei Prozent der j\u00e4hrlichen Buch-Neuerscheinungen werden in blinden- und sehbehindertengerechte Formate umgewandelt. \u00c4nderung ist in Sicht.<\/p>\n<p>    Das Ergebnis kann sich f\u00fchlen lassen<\/p>\n<p>                    <a href=\"https:\/\/www.europesays.com\/de\/wp-content\/uploads\/2026\/07\/screenshot-197358.webp\" class=\"zoomimage\" title=\"Bild vergr\u00f6\u00dfern\"><\/p>\n<p>        <img decoding=\"async\" src=\"https:\/\/www.europesays.com\/de\/wp-content\/uploads\/2026\/07\/screenshot-197358.webp\" alt=\"Ein sehbehinderter K\u00fcnstler steht vor seiner Sandskulptur.\" title=\"Jordan Smith ist fast vollst\u00e4ndig blind , trotzdem gestaltet er eine eigene Sandskulptur. | Screenshot\" class=\"responsive\" loading=\"lazy\"\/><\/p>\n<p>                    <\/a><\/p>\n<p>                    Jordan Smith ist fast vollst\u00e4ndig blind , trotzdem gestaltet er eine eigene Sandskulptur.<\/p>\n<p class=\"\">Die vier Workshop-Teilnehmenden haben unterschiedliche Sehsch\u00e4digungen. Einige sehen ihre Umgebung stark verschwommen, andere k\u00f6nnen nur am Rand ihres Blickfeldes sehen, und Jordan ist fast vollst\u00e4ndig blind. Eine Sandskulptur selbst zu gestalten, ist eine spannende Herausforderung f\u00fcr die Teilnehmerinnen und Teilnehmer. Bis zur Mittagspause hat Jordan die grobe Form seiner Fisch-Skulptur herausgearbeitet. Einen Tag hat er noch Zeit f\u00fcr die Feinarbeiten.<\/p>\n<p class=\"\">Am letzten Tag der Ausstellung im November kommen die Teilnehmenden wieder, dann d\u00fcrfen sie alle Skulpturen auf ihre Art anschauen und zwar mit den Fingern. &#8222;Dann k\u00f6nnen wir sehen, wie gut unsere Arbeit \u00fcberlebt hat. Es ist auch toll zu sehen, was die anderen gemacht haben. Weil man ist so konzentriert darauf, was man selbst macht&#8220;, sagt Jordan Smith.<\/p>\n<p>        <img decoding=\"async\" src=\"https:\/\/www.europesays.com\/de\/wp-content\/uploads\/2026\/07\/sandskulptur-114.webp\" alt=\"Eine Sandskulptur in Prora zeigt das Sprichwort &quot;Elefant im Porzellanladen&quot;.\" title=\"Eine Sandskulptur in Prora zeigt das Sprichwort &quot;Elefant im Porzellanladen&quot;. | NDR, Konrad Buchwald\" class=\"responsive\" loading=\"lazy\"\/><\/p>\n<p>Auf R\u00fcgen wurde wieder viel &#8222;gecarvt&#8220;, also Sand geschnitzt. Die neue Sandskulpturenausstellung steht unter dem Thema &#8222;Weisheiten &amp; Spr\u00fcche&#8220;.<\/p>\n<p class=\"\">Von jetzt an bis zum 1. November sind die vier Skulpturen der blinden und sehbehinderten Workshop-Teilnehmenden in der Sandskulpturen-Ausstellung in Travem\u00fcnde zu sehen.<\/p>\n<p>        <img decoding=\"async\" src=\"https:\/\/www.europesays.com\/de\/wp-content\/uploads\/2026\/05\/sand-122.webp\" alt=\"Ausstellung &quot;Jeewi Lee - Where Fragments Linger by the Sea&quot; in Wilhelmshaven\" title=\"Ausstellung &quot;Jeewi Lee - Where Fragments Linger by the Sea&quot; in Wilhelmshaven | Christopher Haering\" class=\"responsive\" loading=\"lazy\"\/><\/p>\n<p>Bis zum 21. Juni l\u00e4uft in der Kunsthalle die Schau der S\u00fcdkoreaneerin Jeewi Lee &#8222;Where Fragments Linger by the Sea&#8220; mit Skulpturen und Sandmalereien.<\/p>\n<p>        <img decoding=\"async\" src=\"https:\/\/www.europesays.com\/de\/wp-content\/uploads\/2026\/07\/marlabloch-100.webp\" alt=\"Die K\u00fcnstlerin Marla Bloch\" title=\"Die K\u00fcnstlerin Marla Bloch | NDR Screenshot\" class=\"responsive\" loading=\"lazy\"\/><\/p>\n<p>Wie Kunst schaffen, wenn man sich kaum bewegen kann? Eine 24-J\u00e4hrige aus L\u00fcneburg hat es geschafft. Und sie hat Pl\u00e4ne.<\/p>\n<p>        <img decoding=\"async\" src=\"https:\/\/www.europesays.com\/de\/wp-content\/uploads\/2026\/06\/alswaereesleicht-108.webp\" alt=\"Zwei M\u00e4nner und eine Frau posieren f\u00fcr ein Foto\" title=\"David Knors, Philipp Schmid und Cindy Klink im NDR Kultur Studio | NDR\" class=\"responsive\" loading=\"lazy\"\/><\/p>\n<p>Die geh\u00f6rlose Cindy Klink und der blinde David Knors sind die Hauptdarsteller im Film &#8222;Als w\u00e4re es leicht&#8220; &#8211; NDR Kultur hat mit ihnen gesprochen.<\/p>\n<p>        <img decoding=\"async\" src=\"https:\/\/www.europesays.com\/de\/wp-content\/uploads\/2026\/07\/inklusion802.webp\" alt=\"Mehrere Frauen sitzen um einen Tisch mit Arbeitsmaterialien. Im Hintergrund ist ein gro\u00dfer Bildschirm zu sehen.\" title=\"Mehrere Frauen sitzen um einen Tisch mit Arbeitsmaterialien. Im Hintergrund ist ein gro\u00dfer Bildschirm zu sehen. | Kunsthalle Bremen\" class=\"responsive\" loading=\"lazy\"\/><\/p>\n<p>Die Ausstellung &#8222;Kunst f\u00fchlen. Wir. Alle. Zusammen.&#8220; zeigt Arbeiten von K\u00fcnstler*innen mit Behinderung sowie verschiedene Zug\u00e4nge zur Kunst.<\/p>\n<p>        <img decoding=\"async\" src=\"https:\/\/www.europesays.com\/de\/wp-content\/uploads\/2026\/07\/screenshot1950532.webp\" alt=\".\" title=\". | Screenshot\" class=\"responsive\" loading=\"lazy\"\/><\/p>\n<p>Es geht darum, Menschen mit Behinderungen die M\u00f6glichkeit zu geben, sich im Theater k\u00fcnstlerisch auszudr\u00fccken.<\/p>\n","protected":false},"excerpt":{"rendered":"Stand: 23.07.2026 09:10 Uhr Sehen ist nicht alles: Blinde und sehbehinderte Menschen erschaffen in Travem\u00fcnde beeindruckende Sandskulpturen und&hellip;\n","protected":false},"author":2,"featured_media":1186690,"comment_status":"","ping_status":"","sticky":false,"template":"","format":"standard","meta":{"footnotes":"","_share_on_mastodon":"0"},"categories":[1775],"tags":[1793,185746,29,214,30,2075,1794,7132,2858,20598,100197,35343,247916,1971,22087,85036,215],"class_list":["post-1186689","post","type-post","status-publish","format-standard","has-post-thumbnail","category-kunst-und-design","tag-art-and-design","tag-blinde","tag-deutschland","tag-entertainment","tag-germany","tag-kunst","tag-kunst-und-design","tag-kunsthandwerk","tag-luebeck","tag-menschen-mit-behinderung","tag-ndr-kultur","tag-sand","tag-sandskulpturen-workshop","tag-schleswig-holstein","tag-sehbehinderte","tag-travemuende","tag-unterhaltung"],"share_on_mastodon":{"url":"https:\/\/pubeurope.com\/@de\/116968077464009285","error":""},"_links":{"self":[{"href":"https:\/\/www.europesays.com\/de\/wp-json\/wp\/v2\/posts\/1186689","targetHints":{"allow":["GET"]}}],"collection":[{"href":"https:\/\/www.europesays.com\/de\/wp-json\/wp\/v2\/posts"}],"about":[{"href":"https:\/\/www.europesays.com\/de\/wp-json\/wp\/v2\/types\/post"}],"author":[{"embeddable":true,"href":"https:\/\/www.europesays.com\/de\/wp-json\/wp\/v2\/users\/2"}],"replies":[{"embeddable":true,"href":"https:\/\/www.europesays.com\/de\/wp-json\/wp\/v2\/comments?post=1186689"}],"version-history":[{"count":0,"href":"https:\/\/www.europesays.com\/de\/wp-json\/wp\/v2\/posts\/1186689\/revisions"}],"wp:featuredmedia":[{"embeddable":true,"href":"https:\/\/www.europesays.com\/de\/wp-json\/wp\/v2\/media\/1186690"}],"wp:attachment":[{"href":"https:\/\/www.europesays.com\/de\/wp-json\/wp\/v2\/media?parent=1186689"}],"wp:term":[{"taxonomy":"category","embeddable":true,"href":"https:\/\/www.europesays.com\/de\/wp-json\/wp\/v2\/categories?post=1186689"},{"taxonomy":"post_tag","embeddable":true,"href":"https:\/\/www.europesays.com\/de\/wp-json\/wp\/v2\/tags?post=1186689"}],"curies":[{"name":"wp","href":"https:\/\/api.w.org\/{rel}","templated":true}]}}