{"id":1186857,"date":"2026-07-23T08:55:32","date_gmt":"2026-07-23T08:55:32","guid":{"rendered":"https:\/\/www.europesays.com\/de\/1186857\/"},"modified":"2026-07-23T08:55:32","modified_gmt":"2026-07-23T08:55:32","slug":"wm-2026-fans-aus-argentinien-fordern-wiederholung-des-finales","status":"publish","type":"post","link":"https:\/\/www.europesays.com\/de\/1186857\/","title":{"rendered":"WM 2026: Fans aus Argentinien fordern Wiederholung des Finales"},"content":{"rendered":"<p>Wut gegen Schiedsrichter <\/p>\n<p>Argentinier fordern Wiederholung des WM-Finals<\/p>\n<p>23.07.2026 &#8211; 09:43 UhrLesedauer: 1 Min.<\/p>\n<p><a href=\"#focus-0\" class=\"transition-colors block text-current relative\" data-sctrack=\"FocusGalleryImage.Reference\"><img fetchpriority=\"high\" data-testid=\"Opener.Image\"   loading=\"eager\" src=\"https:\/\/www.europesays.com\/de\/wp-content\/uploads\/2026\/07\/enzo-fernandez-l-neben-facundo-medina-die-albiceleste-stand-zuletzt-dreimal-in-einem-wm-finale.jpg\" alt=\"Enzo Fern\u00e1ndez (l.) neben Facundo Medina: Die &quot;Albiceleste&quot; stand zuletzt dreimal in einem WM-Finale.\" title=\"Enzo Fern\u00e1ndez (l.) neben Facundo Medina: Die &quot;Albiceleste&quot; stand zuletzt dreimal in einem WM-Finale.\" width=\"2774\" height=\"1560\" class=\"bg-[url:var(--lqipURL)] bg-cover bg-center flex h-full w-full max-w-full\" style=\"--lqipURL:url('https:\/\/images.t-online.de\/2026\/07\/bCCFo8hKna6U\/394x78:2774x1560\/fit-in\/150x0\/filters:blur(25)\/enzo-fernandez-l-neben-facundo-medina-die-albiceleste-stand-zuletzt-dreimal-in-einem-wm-finale.jpg')\" decoding=\"async\"\/><img loading=\"lazy\" src=\"https:\/\/www.t-online.de\/s\/paper\/_next\/static\/media\/zoom-in.f7dae02f.svg\" alt=\"Vergr\u00f6\u00dfern des Bildes\" title=\"Vergr\u00f6\u00dfern des Bildes\" class=\"block h-[calc(var(--height)_\/_16_*_1rem)] w-[calc(var(--width)_\/_16_*_1rem)] max-w-none absolute right-8 bottom-8 rounded-4 bg-snow p-8\" style=\"--width:32;--height:32\" decoding=\"async\"\/><\/a><\/p>\n<p>Enzo Fern\u00e1ndez (l.) neben Facundo Medina: Die &#8222;Albiceleste&#8220; stand zuletzt dreimal in einem WM-Finale. (Quelle: IMAGO\/Paul Terry)<\/p>\n<p><img loading=\"lazy\" src=\"https:\/\/www.t-online.de\/s\/paper\/_next\/static\/media\/audio-volume.6689034c.svg\" alt=\"\" title=\"\" class=\"block h-[calc(var(--height)_\/_16_*_1rem)] w-[calc(var(--width)_\/_16_*_1rem)] max-w-none group-hover:brightness-0 group-hover:invert\" style=\"--width:16;--height:16\" decoding=\"async\"\/>Vorlesen<\/p>\n<p>Aktuelle Zeit:0:00Gesamtdauer:0:00<\/p>\n<p>1x<\/p>\n<p class=\"text-center\">Jetzt neu bei t-online:<\/p>\n<p class=\"text-center\">Schriftgr\u00f6\u00dfe anpassen!<\/p>\n<p><img loading=\"lazy\" src=\"https:\/\/www.t-online.de\/s\/paper\/_next\/static\/media\/font-sizes.32942e33.svg\" alt=\"\" title=\"\" class=\"block h-[calc(var(--height)_\/_16_*_1rem)] w-[calc(var(--width)_\/_16_*_1rem)] max-w-none group-hover:hidden group-aria-expanded:hidden\" style=\"--width:16;--height:16\" decoding=\"async\"\/><img loading=\"lazy\" src=\"https:\/\/www.t-online.de\/s\/paper\/_next\/static\/media\/font-sizes-dark-mode.e382645c.svg\" alt=\"\" title=\"\" class=\"block h-[calc(var(--height)_\/_16_*_1rem)] w-[calc(var(--width)_\/_16_*_1rem)] max-w-none hidden group-hover:block group-aria-expanded:block\" style=\"--width:16;--height:16\" decoding=\"async\"\/><img loading=\"lazy\" src=\"https:\/\/www.t-online.de\/s\/paper\/_next\/static\/media\/sharing-menu-icon.1eb71368.svg\" alt=\"\" title=\"\" class=\"block h-[calc(var(--height)_\/_16_*_1rem)] w-[calc(var(--width)_\/_16_*_1rem)] max-w-none group-hover:brightness-0 group-hover:invert\" style=\"--width:16;--height:16\" decoding=\"async\"\/>Artikel teilen<\/p>\n<p class=\"font-bold text-18 leading-17 user-text-lg:text-22 user-text-xl:text-24\">Das WM-Finale wirkt auch Tage nach dem Schlusspfiff nach. Vor allem in Argentinien l\u00f6sen Entscheidungen des Schiedsrichters noch immer Diskussionen aus.<\/p>\n<p class=\"text-18 leading-17 user-text-lg:text-22 user-text-xl:text-24\">Fans der <a href=\"https:\/\/www.t-online.de\/themen\/nationalmannschaft-argentinien\/\" class=\"transition-colors cursor-pointer no-underline md:hover:text-magenta md:focus:text-magenta border-b border-solid border-current text-salemsfur md:hover:border-magenta\" data-tracking=\"{&quot;action&quot;:&quot;click&quot;,&quot;category&quot;:&quot;intextLink&quot;,&quot;label&quot;:&quot;\/themen\/nationalmannschaft-argentinien\/&quot;}\" data-sctrack=\"BodyAnchor\" rel=\"nofollow noopener\" target=\"_blank\">argentinischen Nationalmannschaft<\/a> haben nach dem verlorenen WM-Finale eine Wiederholung des Endspiels gefordert. Eine Petition auf der Plattform &#8222;change.org&#8220; hatte am Donnerstagmorgen mehr als 81.000 Unterst\u00fctzer.<\/p>\n<p class=\"text-18 leading-17 user-text-lg:text-22 user-text-xl:text-24\">Die Initiatorin warf dem slowenischen Unparteiischen Slavko Vin\u010di\u0107 vor, mit seinen Entscheidungen den Spielverlauf in New Jersey beeinflusst und Argentinien in mehreren Situationen benachteiligt zu haben. Welche Szenen sie meint, schrieb sie nicht. Der deutsche Ex-Schiedsrichter Manuel Gr\u00e4fe lobte Vin\u010di\u0107 f\u00fcr seine Leistung, sah bis auf zwei kleine Fehler eine insgesamt &#8222;starke und souver\u00e4ne&#8220; Leistung, schrieb er auf X.<\/p>\n<p>Im Video | Messi weint nach der Niederlage<\/p>\n<p><img loading=\"lazy\" src=\"https:\/\/www.t-online.de\/s\/paper\/_next\/static\/media\/loading-indicator-magenta.1f35d8de.svg\" alt=\"Video l\u00e4dt\" title=\"Video l\u00e4dt\" class=\"block h-[calc(var(--height)_\/_16_*_1rem)] w-[calc(var(--width)_\/_16_*_1rem)] max-w-none undefined\" style=\"--width:32;--height:32\" decoding=\"async\"\/>Player wird geladenQuelle: MagentaTV<\/p>\n<p class=\"text-18 leading-17 user-text-lg:text-22 user-text-xl:text-24\">In den sozialen Medien machten einige Nutzer aus Argentinien Vin\u010di\u0107 einen Vorfall aus dem Jahr 2020 zum Vorwurf. Damals war er w\u00e4hrend eines Polizeieinsatzes in Bosnien und Herzegowina vor\u00fcbergehend festgenommen worden, nachdem er eine illegale Party besucht hatte. Die Beamten beschlagnahmten damals eine gro\u00dfe Menge an Drogen. Gegen Vin\u010di\u0107 wurde nie Anklage erhoben, sodass er seine Laufbahn als Schiedsrichter ohne Einschr\u00e4nkungen fortsetzen konnte.<\/p>\n<p class=\"text-18 leading-17 user-text-lg:text-22 user-text-xl:text-24\">Die Aktion sollte trotz der gro\u00dfen Aufmerksamkeit keine Folgen haben. Aus Sicht des Regelwerks gilt eine Wiederholung eines WM-Endspiels als praktisch ausgeschlossen. Nur au\u00dfergew\u00f6hnliche F\u00e4lle, etwa Fehler bei der Anwendung der Spielregeln oder Entscheidungen der zust\u00e4ndigen Sportgerichte, k\u00f6nnten eine \u00dcberpr\u00fcfung erm\u00f6glichen. Eine Petition im Internet erf\u00fcllt diese Voraussetzungen nicht.<\/p>\n","protected":false},"excerpt":{"rendered":"Wut gegen Schiedsrichter Argentinier fordern Wiederholung des WM-Finals 23.07.2026 &#8211; 09:43 UhrLesedauer: 1 Min. Enzo Fern\u00e1ndez (l.) neben&hellip;\n","protected":false},"author":2,"featured_media":1186858,"comment_status":"","ping_status":"","sticky":false,"template":"","format":"standard","meta":{"footnotes":"","_share_on_mastodon":"0"},"categories":[5],"tags":[522,12932,64513,13,100658,14,232646,57965,15,12,10,8,9,11,59416,146265],"class_list":["post-1186857","post","type-post","status-publish","format-standard","has-post-thumbnail","category-nachrichten","tag-522","tag-argentinien","tag-enzo-fernandez","tag-headlines","tag-manuel-graefe","tag-nachrichten","tag-nationalmannschaft-argentinien","tag-nationalmannschaft-spanien","tag-news","tag-schlagzeilen","tag-top-news","tag-top-meldungen","tag-topmeldungen","tag-topnews","tag-wm-2026","tag-wm-finale"],"share_on_mastodon":{"url":"https:\/\/pubeurope.com\/@de\/116968460720756050","error":""},"_links":{"self":[{"href":"https:\/\/www.europesays.com\/de\/wp-json\/wp\/v2\/posts\/1186857","targetHints":{"allow":["GET"]}}],"collection":[{"href":"https:\/\/www.europesays.com\/de\/wp-json\/wp\/v2\/posts"}],"about":[{"href":"https:\/\/www.europesays.com\/de\/wp-json\/wp\/v2\/types\/post"}],"author":[{"embeddable":true,"href":"https:\/\/www.europesays.com\/de\/wp-json\/wp\/v2\/users\/2"}],"replies":[{"embeddable":true,"href":"https:\/\/www.europesays.com\/de\/wp-json\/wp\/v2\/comments?post=1186857"}],"version-history":[{"count":0,"href":"https:\/\/www.europesays.com\/de\/wp-json\/wp\/v2\/posts\/1186857\/revisions"}],"wp:featuredmedia":[{"embeddable":true,"href":"https:\/\/www.europesays.com\/de\/wp-json\/wp\/v2\/media\/1186858"}],"wp:attachment":[{"href":"https:\/\/www.europesays.com\/de\/wp-json\/wp\/v2\/media?parent=1186857"}],"wp:term":[{"taxonomy":"category","embeddable":true,"href":"https:\/\/www.europesays.com\/de\/wp-json\/wp\/v2\/categories?post=1186857"},{"taxonomy":"post_tag","embeddable":true,"href":"https:\/\/www.europesays.com\/de\/wp-json\/wp\/v2\/tags?post=1186857"}],"curies":[{"name":"wp","href":"https:\/\/api.w.org\/{rel}","templated":true}]}}