{"id":1186976,"date":"2026-07-23T10:05:20","date_gmt":"2026-07-23T10:05:20","guid":{"rendered":"https:\/\/www.europesays.com\/de\/1186976\/"},"modified":"2026-07-23T10:05:20","modified_gmt":"2026-07-23T10:05:20","slug":"bvg-stoesst-bei-sanierung-auf-ein-unerwartetes-problem-oeffnungstermin-fuer-u-bahnhof-im-berliner-westen-schon-wieder-geplatzt","status":"publish","type":"post","link":"https:\/\/www.europesays.com\/de\/1186976\/","title":{"rendered":"BVG st\u00f6\u00dft bei Sanierung auf ein unerwartetes Problem: \u00d6ffnungstermin f\u00fcr U-Bahnhof im Berliner Westen schon wieder geplatzt"},"content":{"rendered":"<p class=\"tspBLlp tspBLlq\">Beim Blick auf den U-Bahnhof Blissestra\u00dfe in Berlin-Wilmersdorf mischen sich Ungeduld und Sarkasmus. \u201eWir schlie\u00dfen im Familienkreis bereits Wetten ab, ob der n\u00e4chste Fertigstellungstermin eingehalten wird oder nicht\u201c, sagt ein Anwohner. Urspr\u00fcnglich wollten die Berliner Verkehrsbetriebe (BVG) eine im Mai 2023 gestartete Grundinstandsetzung bis August 2025 beenden. Dann wurde die Frist zwei Mal verl\u00e4ngert, <a href=\"https:\/\/www.tagesspiegel.de\/berlin\/bezirke\/charlottenburg-wilmersdorf\/dauerbaustelle-der-bvg-jahrelange-sanierungsarbeiten-in-berliner-u-bahnhof-verzogern-sich-weiter-15280075.html?icid=in-text-link_15869240\" class=\"link link--internal\" data-gtm-class=\"article-text-link\" data-gtm-val=\"internal\" rel=\"nofollow noopener\" target=\"_blank\">zuletzt bis Ende Juli 2026<\/a>. Jetzt verk\u00fcnden ge\u00e4nderte Bauschilder eine erneute Verz\u00f6gerung bis zum 4. Dezember dieses Jahres.<\/p>\n","protected":false},"excerpt":{"rendered":"Beim Blick auf den U-Bahnhof Blissestra\u00dfe in Berlin-Wilmersdorf mischen sich Ungeduld und Sarkasmus. \u201eWir schlie\u00dfen im Familienkreis bereits&hellip;\n","protected":false},"author":2,"featured_media":1186977,"comment_status":"","ping_status":"","sticky":false,"template":"","format":"standard","meta":{"footnotes":"","_share_on_mastodon":"0"},"categories":[1825],"tags":[296,5006,2236,531,29,94201,30,2788,601],"class_list":["post-1186976","post","type-post","status-publish","format-standard","has-post-thumbnail","category-berlin","tag-berlin","tag-bezirke","tag-bvg","tag-charlottenburg-wilmersdorf","tag-deutschland","tag-fahrrad-und-verkehr-in-berlin","tag-germany","tag-u-bahn","tag-verkehr"],"share_on_mastodon":{"url":"https:\/\/pubeurope.com\/@de\/116968733143399469","error":""},"_links":{"self":[{"href":"https:\/\/www.europesays.com\/de\/wp-json\/wp\/v2\/posts\/1186976","targetHints":{"allow":["GET"]}}],"collection":[{"href":"https:\/\/www.europesays.com\/de\/wp-json\/wp\/v2\/posts"}],"about":[{"href":"https:\/\/www.europesays.com\/de\/wp-json\/wp\/v2\/types\/post"}],"author":[{"embeddable":true,"href":"https:\/\/www.europesays.com\/de\/wp-json\/wp\/v2\/users\/2"}],"replies":[{"embeddable":true,"href":"https:\/\/www.europesays.com\/de\/wp-json\/wp\/v2\/comments?post=1186976"}],"version-history":[{"count":0,"href":"https:\/\/www.europesays.com\/de\/wp-json\/wp\/v2\/posts\/1186976\/revisions"}],"wp:featuredmedia":[{"embeddable":true,"href":"https:\/\/www.europesays.com\/de\/wp-json\/wp\/v2\/media\/1186977"}],"wp:attachment":[{"href":"https:\/\/www.europesays.com\/de\/wp-json\/wp\/v2\/media?parent=1186976"}],"wp:term":[{"taxonomy":"category","embeddable":true,"href":"https:\/\/www.europesays.com\/de\/wp-json\/wp\/v2\/categories?post=1186976"},{"taxonomy":"post_tag","embeddable":true,"href":"https:\/\/www.europesays.com\/de\/wp-json\/wp\/v2\/tags?post=1186976"}],"curies":[{"name":"wp","href":"https:\/\/api.w.org\/{rel}","templated":true}]}}