{"id":1187154,"date":"2026-07-23T11:44:24","date_gmt":"2026-07-23T11:44:24","guid":{"rendered":"https:\/\/www.europesays.com\/de\/1187154\/"},"modified":"2026-07-23T11:44:24","modified_gmt":"2026-07-23T11:44:24","slug":"in-stuttgarter-einkaufszentrum-frau-47-niedergestochen-und-angezuendet-news","status":"publish","type":"post","link":"https:\/\/www.europesays.com\/de\/1187154\/","title":{"rendered":"In Stuttgarter Einkaufszentrum: Frau (47) niedergestochen und angez\u00fcndet | News"},"content":{"rendered":"<p><a class=\"skip-content skip-content--link\" href=\"#in-content-skip-link-target-v-0-0\">TTS-Player \u00fcberspringen\u21b5<\/a><a id=\"in-content-skip-link-target-v-0-0\" class=\"skip-content--target-link-hidden skip-content skip-content--target-link\" href=\"#in-content-skip-link-target-v-0-0\">Artikel weiterlesen<\/a><\/p>\n<p>Stuttgart (Baden-W\u00fcrttemberg) \u2013 <b>Brutaler Messerangriff auf eine Frau: Im Stuttgarter Einkaufszentrum Milaneo wurde eine 47-J\u00e4hrige niedergestochen und anschlie\u00dfend angez\u00fcndet! Die Polizei riegelte das Geb\u00e4ude zun\u00e4chst ab, um den T\u00e4ter an der Flucht zu hindern. Nun gaben die Beamten bekannt: Der mutma\u00dfliche Angreifer wurde au\u00dferhalb des Einkaufszentrums festgenommen.<\/b><\/p>\n<p>\u201eEs kam heute gegen 10.15 Uhr zu zahlreichen Anrufen beim F\u00fchrungs- und Lagezentrum der Stuttgarter Polizei. Hintergrund war ein Angriff auf eine 47 Jahre alte Frau in einem Einkaufszentrum in Stuttgart-Nord\u201c, so der Polizeisprecher Timo Brenner zu BILD. Das Opfer werde \u201eaktuell notoperiert\u201c.<\/p>\n<p>T\u00e4ter war aus Einkaufszentrum entkommen<\/p>\n<p>Der mutma\u00dfliche T\u00e4ter (54) war zun\u00e4chst auf der Flucht, wurde mittlerweile festgenommen. \u201eGegen 12.10 Uhr haben unsere Einsatzkr\u00e4fte im Bereich der Bockelstra\u00dfe einen 54-j\u00e4hrigen Deutschen festgenommen. Der Mann steht oder stand mit der Gesch\u00e4digten in einer Beziehung\u201c, sagt Polizeisprecher Brenner. Er soll die Frau zun\u00e4chst mit einem Messer attackiert und anschlie\u00dfend in Brand gesetzt haben.<\/p>\n<p><img decoding=\"async\" width=\"992\" height=\"558\" alt=\"Der Zugang zum 1.EG wurde von der Polizei gesperrt. Dort geschah die brutale Tat\" loading=\"lazy\" src=\"https:\/\/www.europesays.com\/de\/wp-content\/uploads\/2026\/07\/7a6d4c6db659b1c55f41bfa5583f3cae,25e8e833.jpeg\"   class=\"landscape\"\/><\/p>\n<p class=\"fig__caption__text\">Der Zugang zum 1.EG wurde von der Polizei gesperrt. Dort geschah die brutale Tat<\/p>\n<p>Foto: Hagen Stegm\u00fcller<\/p>\n<p>Die Polizei war mit einem massiven Aufgebot im Einsatz, hatte das Einkaufszentrum in <a href=\"https:\/\/www.bild.de\/regional\/stuttgart\/stuttgart-regional\/home-16344498.bild.html\" class=\"text-link\" rel=\"nofollow noopener\" target=\"_blank\">Stuttgart<\/a> komplett abgeriegelt. S\u00e4mtliche Ein- und Ausg\u00e4nge des Milaneo wurden geschlossen. Zus\u00e4tzlich war auch ein Hubschrauber im Einsatz, der den Nahbereich \u00fcberwachte. <\/p>\n<p><img decoding=\"async\" width=\"992\" height=\"558\" alt=\"Die Polizei hat das Milaneo abgeriegelt\" loading=\"lazy\" src=\"https:\/\/www.europesays.com\/de\/wp-content\/uploads\/2026\/07\/0c89c87d227fc7991baca5daff707990,3a3c9cc5.jpeg\"   class=\"landscape\"\/><\/p>\n<p class=\"fig__caption__text\">Die Polizei hat das Milaneo abgeriegelt<\/p>\n<p>Die Einsatzkr\u00e4fte suchten das Einkaufszentrum in <a href=\"https:\/\/www.bild.de\/regional\/baden-wuerttemberg\/home-aK1F2gtJlD2xs4m3tWkn\" class=\"text-link\" rel=\"nofollow noopener\" target=\"_blank\">Baden-W\u00fcrttemberg<\/a> ab \u2013 stellten ihn aber au\u00dferhalb des Einkaufszentrums. W\u00e4hrenddessen versorgte der <a href=\"https:\/\/www.bild.de\/themen\/organisationen\/rettungsdienst\/politik-nachrichten-news-fotos-videos-19795274.bild.html\" class=\"text-link\" rel=\"nofollow noopener\" target=\"_blank\">Rettungsdienst<\/a> die schwer verletzte 47-J\u00e4hrige.<\/p>\n<p><img decoding=\"async\" width=\"992\" height=\"558\" alt=\"Die Spurensicherung der Polizei ist ebenfalls vor Ort\" loading=\"lazy\" src=\"https:\/\/www.europesays.com\/de\/wp-content\/uploads\/2026\/07\/64604959027ab68cce60d016d11d44c6,b646bb30.jpeg\"   class=\"landscape\"\/><\/p>\n<p class=\"fig__caption__text\">Die Spurensicherung der Polizei ist ebenfalls vor Ort<\/p>\n<p>Trotz des laufenden Gro\u00dfeinsatzes betonte die Polizei, dass derzeit keine Gefahr f\u00fcr die Bev\u00f6lkerung besteht. Die Hintergr\u00fcnde der Tat sind bislang unklar. Die Ermittler sichern bereits im Geb\u00e4ude Spuren und werten Kameraaufnahmen aus. Der Angriff habe im 1. EG stattgefunden. Inzwischen l\u00e4uft der Betrieb im Milaneo wieder.<\/p>\n","protected":false},"excerpt":{"rendered":"TTS-Player \u00fcberspringen\u21b5Artikel weiterlesen Stuttgart (Baden-W\u00fcrttemberg) \u2013 Brutaler Messerangriff auf eine Frau: Im Stuttgarter Einkaufszentrum Milaneo wurde eine 47-J\u00e4hrige&hellip;\n","protected":false},"author":2,"featured_media":1187155,"comment_status":"","ping_status":"","sticky":false,"template":"","format":"standard","meta":{"footnotes":"","_share_on_mastodon":"0"},"categories":[5],"tags":[2623,1737,8925,1736,13,1981,14,15,121,3906,12,1441,138370,10,8,9,11],"class_list":["post-1187154","post","type-post","status-publish","format-standard","has-post-thumbnail","category-nachrichten","tag-bianca-weiner","tag-breaking-news","tag-einkaufszentren","tag-fb-instantarticles","tag-headlines","tag-messer","tag-nachrichten","tag-news","tag-polizei","tag-rettungsdienst","tag-schlagzeilen","tag-stuttgart","tag-team-first","tag-top-news","tag-top-meldungen","tag-topmeldungen","tag-topnews"],"share_on_mastodon":{"url":"https:\/\/pubeurope.com\/@de\/116969122539906522","error":""},"_links":{"self":[{"href":"https:\/\/www.europesays.com\/de\/wp-json\/wp\/v2\/posts\/1187154","targetHints":{"allow":["GET"]}}],"collection":[{"href":"https:\/\/www.europesays.com\/de\/wp-json\/wp\/v2\/posts"}],"about":[{"href":"https:\/\/www.europesays.com\/de\/wp-json\/wp\/v2\/types\/post"}],"author":[{"embeddable":true,"href":"https:\/\/www.europesays.com\/de\/wp-json\/wp\/v2\/users\/2"}],"replies":[{"embeddable":true,"href":"https:\/\/www.europesays.com\/de\/wp-json\/wp\/v2\/comments?post=1187154"}],"version-history":[{"count":0,"href":"https:\/\/www.europesays.com\/de\/wp-json\/wp\/v2\/posts\/1187154\/revisions"}],"wp:featuredmedia":[{"embeddable":true,"href":"https:\/\/www.europesays.com\/de\/wp-json\/wp\/v2\/media\/1187155"}],"wp:attachment":[{"href":"https:\/\/www.europesays.com\/de\/wp-json\/wp\/v2\/media?parent=1187154"}],"wp:term":[{"taxonomy":"category","embeddable":true,"href":"https:\/\/www.europesays.com\/de\/wp-json\/wp\/v2\/categories?post=1187154"},{"taxonomy":"post_tag","embeddable":true,"href":"https:\/\/www.europesays.com\/de\/wp-json\/wp\/v2\/tags?post=1187154"}],"curies":[{"name":"wp","href":"https:\/\/api.w.org\/{rel}","templated":true}]}}