{"id":1187293,"date":"2026-07-23T13:06:21","date_gmt":"2026-07-23T13:06:21","guid":{"rendered":"https:\/\/www.europesays.com\/de\/1187293\/"},"modified":"2026-07-23T13:06:21","modified_gmt":"2026-07-23T13:06:21","slug":"model-elsa-hosk-wieder-mama-geworden-der-name-des-babys-klingt-wie-aus-einem-maerchen-unterhaltung","status":"publish","type":"post","link":"https:\/\/www.europesays.com\/de\/1187293\/","title":{"rendered":"Model Elsa Hosk wieder Mama geworden! Der Name des Babys klingt wie aus einem M\u00e4rchen | Unterhaltung"},"content":{"rendered":"<p><a class=\"skip-content skip-content--link\" href=\"#in-content-skip-link-target-v-0-0\">TTS-Player \u00fcberspringen\u21b5<\/a><a id=\"in-content-skip-link-target-v-0-0\" class=\"skip-content--target-link-hidden skip-content skip-content--target-link\" href=\"#in-content-skip-link-target-v-0-0\">Artikel weiterlesen<\/a><\/p>\n<p data-32581ace=\"0-1738\">Los Angeles \u2013 <b>Dieses Baby-Gl\u00fcck klingt wie aus einem M\u00e4rchen! Das schwedische Model Elsa Hosk (37) ist zum zweiten Mal Mama geworden. Die ehemalige Victoria\u2019s-Secret-Sch\u00f6nheit verk\u00fcndete die Geburt ihrer Tochter auf Instagram und verr\u00e4t auch gleich den s\u00fc\u00dfen Namen des M\u00e4dchens: Flora Blue.<\/b><\/p>\n<p data-32581ace=\"0-1738\">Mit einer Fotoreihe voller zarter Familienmomente teilt Elsa Hosk ihr Baby-Gl\u00fcck. Zu sehen gibt es ihren kleinen Wonneproppen auch direkt: schlafend im niedlichen Blumenstrampler, auf Mamas Arm oder auch neugierig unter der Bettdecke hervorlugend. <\/p>\n<p> An dieser Stelle findest du Inhalte aus Instagram <\/p>\n<p> Um mit Inhalten aus Instagram und anderen sozialen Netzwerken zu interagieren oder diese darzustellen, brauchen wir deine Zustimmung. <\/p>\n<p> soziale Netzwerke aktivieren \u201eUnser M\u00e4dchen ist endlich da\u201c<\/p>\n<p data-32581ace=\"0-1738\">\u201eUnser Blumenfeen-M\u00e4dchen, Flora Blue\u201c, schreibt die stolze Mama zu den Fotos. \u201eSie ist endlich da, geboren im Garten, unter dem Mond, den Sternen und unserem magisch bl\u00fchenden Baum.\u201c <\/p>\n<p><img decoding=\"async\" width=\"992\" height=\"1240\" alt=\"Auf Mamas Arm ist es doch am sch\u00f6nsten: Elsa Hosk verk\u00fcndete die Geburt ihrer zweiten Tochter mit mehreren Fotos auf Instagram\" loading=\"lazy\" src=\"https:\/\/www.europesays.com\/de\/wp-content\/uploads\/2026\/07\/1b76e59876e4802854b307f2693d846d,7979bc49.jpeg\"   class=\"dynamic\"\/><\/p>\n<p class=\"fig__caption__text\">Auf Mamas Arm ist es doch am sch\u00f6nsten: Elsa Hosk verk\u00fcndete die Geburt ihrer zweiten Tochter mit mehreren Fotos auf Instagram<\/p>\n<p>Foto: hoskelsa\/Instagram<\/p>\n<p>Der Vater des Babys ist Tom Daly <\/p>\n<p data-32581ace=\"0-1738\">Papa der Kleinen ist Hosks Verlobter Tom Daly (39). Mit dem d\u00e4nischen Unternehmer und Mitgr\u00fcnder der Sport- und Lifestyle-Marke District Vision ist Elsa Hosk seit 2015 zusammen. Im September 2025 machte Daly seiner Traumfrau einen Antrag, und sie sagte Ja. <\/p>\n<p><img decoding=\"async\" width=\"992\" height=\"1458\" alt=\"Elsa Hosk und ihr Verlobter Tom Daly (39) im Jahr 2022 bei der amfAR-Gala in Cannes\" loading=\"lazy\" src=\"https:\/\/www.europesays.com\/de\/wp-content\/uploads\/2026\/07\/4b5a97f8d7362602b09ac5c05ec25bc5,87e0b0b1.jpeg\"   class=\"dynamic\"\/><\/p>\n<p class=\"fig__caption__text\">Elsa Hosk und ihr Verlobter Tom Daly (39) im Jahr 2022 bei der amfAR-Gala in Cannes <\/p>\n<p>Foto: Getty Images for amfAR<\/p>\n<p>Tochter Tuulikki ist jetzt gro\u00dfe Schwester<\/p>\n<p data-32581ace=\"0-1738\">F\u00fcr Hosk und Daly ist Flora Blue das zweite gemeinsame Kind. Ihre erste Tochter <a href=\"https:\/\/www.bild.de\/unterhaltung\/leute\/leute\/elsa-hosk-heftige-kritik-an-diesem-nacktfoto-77689744.bild.html\" class=\"text-link\" rel=\"nofollow noopener\" target=\"_blank\">Tuulikki Joan Daly<\/a> (5) kam am 11. Februar 2021 zur Welt. Jetzt ist sie gro\u00dfe Schwester. Nun wird zu Hause erst einmal kr\u00e4ftig gekuschelt, wie Elsa Hosk in ihrer Instagram-Story zeigt. Sie teilte ein s\u00fc\u00dfes Foto von ihrem Verlobten im Papa-Modus. <\/p>\n<p><img decoding=\"async\" width=\"992\" height=\"1494\" alt=\"Papa Tom kuschelt mit seinen Kids Flora Blue (l.) und Tuulikki Joan (5)\" loading=\"lazy\" src=\"https:\/\/www.europesays.com\/de\/wp-content\/uploads\/2026\/07\/462355a47702845af4fbdbc1e486e60c,393258ec.jpeg\"   class=\"dynamic\"\/><\/p>\n<p class=\"fig__caption__text\">Papa Tom kuschelt mit seinen Kids Flora Blue (l.) und Tuulikki Joan (5). Tuulikki ist der zweite Vorname von Elsa Hosks Mutter und bedeutet \u201ekleiner Wind\u201c<\/p>\n<p>Foto: hoskelsa\/Instagram<\/p>\n<p data-32581ace=\"0-1738\">Gl\u00fccklich liegt Tom Daly darauf mit seinen beiden kleinen Girls im Bett und kann sich an Baby Flora Blue kaum sattsehen. Und auch die f\u00fcnfj\u00e4hrige Tuulikki ist begeistert, streichelt das K\u00f6pfchen ihrer kleinen Schwester. \u201eDas sind die Morgen, aus denen Tr\u00e4ume gemacht sind\u201c, kommentiert <a href=\"https:\/\/www.bild.de\/themen\/personen\/models\/news-fotos-videos-17002552.bild.html\" class=\"text-link\" rel=\"nofollow noopener\" target=\"_blank\">Model<\/a> Elsa Hosk.<\/p>\n","protected":false},"excerpt":{"rendered":"TTS-Player \u00fcberspringen\u21b5Artikel weiterlesen Los Angeles \u2013 Dieses Baby-Gl\u00fcck klingt wie aus einem M\u00e4rchen! Das schwedische Model Elsa Hosk&hellip;\n","protected":false},"author":2,"featured_media":1187294,"comment_status":"","ping_status":"","sticky":false,"template":"","format":"standard","meta":{"footnotes":"","_share_on_mastodon":"0"},"categories":[155],"tags":[1290,29,214,30,248005,152,834,215,15858],"class_list":["post-1187293","post","type-post","status-publish","format-standard","has-post-thumbnail","category-unterhaltung","tag-baby","tag-deutschland","tag-entertainment","tag-germany","tag-hosk-elsa","tag-instagram","tag-schwangerschaft","tag-unterhaltung","tag-victoria"],"share_on_mastodon":{"url":"","error":""},"_links":{"self":[{"href":"https:\/\/www.europesays.com\/de\/wp-json\/wp\/v2\/posts\/1187293","targetHints":{"allow":["GET"]}}],"collection":[{"href":"https:\/\/www.europesays.com\/de\/wp-json\/wp\/v2\/posts"}],"about":[{"href":"https:\/\/www.europesays.com\/de\/wp-json\/wp\/v2\/types\/post"}],"author":[{"embeddable":true,"href":"https:\/\/www.europesays.com\/de\/wp-json\/wp\/v2\/users\/2"}],"replies":[{"embeddable":true,"href":"https:\/\/www.europesays.com\/de\/wp-json\/wp\/v2\/comments?post=1187293"}],"version-history":[{"count":0,"href":"https:\/\/www.europesays.com\/de\/wp-json\/wp\/v2\/posts\/1187293\/revisions"}],"wp:featuredmedia":[{"embeddable":true,"href":"https:\/\/www.europesays.com\/de\/wp-json\/wp\/v2\/media\/1187294"}],"wp:attachment":[{"href":"https:\/\/www.europesays.com\/de\/wp-json\/wp\/v2\/media?parent=1187293"}],"wp:term":[{"taxonomy":"category","embeddable":true,"href":"https:\/\/www.europesays.com\/de\/wp-json\/wp\/v2\/categories?post=1187293"},{"taxonomy":"post_tag","embeddable":true,"href":"https:\/\/www.europesays.com\/de\/wp-json\/wp\/v2\/tags?post=1187293"}],"curies":[{"name":"wp","href":"https:\/\/api.w.org\/{rel}","templated":true}]}}