{"id":1187394,"date":"2026-07-23T14:06:47","date_gmt":"2026-07-23T14:06:47","guid":{"rendered":"https:\/\/www.europesays.com\/de\/1187394\/"},"modified":"2026-07-23T14:06:47","modified_gmt":"2026-07-23T14:06:47","slug":"stadt-leipzig-warnt-vor-geschwaechten-baeumen-im-auwald","status":"publish","type":"post","link":"https:\/\/www.europesays.com\/de\/1187394\/","title":{"rendered":"Stadt Leipzig warnt vor geschw\u00e4chten B\u00e4umen im Auwald"},"content":{"rendered":"<p>        <img decoding=\"async\" src=\"https:\/\/www.europesays.com\/de\/wp-content\/uploads\/2026\/07\/auwald-112.webp\" alt=\"Inmitten eines gr\u00fcnen Baumkronendachs steht ein kahler Baum.\" title=\"Inmitten eines gr\u00fcnen Baumkronendachs steht ein kahler Baum. | Kristin Kielon\" class=\"responsive\"\/><\/p>\n<p>AUDIO: Vorsicht im Leipziger Auwald: Gesch\u00e4digte B\u00e4ume  (1 Min)<\/p>\n<p class=\"topline\">Trockenheit<\/p>\n<p class=\"author\">von MDR SACHSEN<\/p>\n<p>\n                Stand: 23.07.2026 13:57 Uhr<\/p>\n<p class=\"\">Die Stadt Leipzig mahnt zur Vorsicht bei Spazierg\u00e4ngen im <a href=\"https:\/\/www.mdr.de\/wissen\/umwelt-klima\/auwaelder-klimawandel-eichen-baeume-durst-wassermangel,auwald-116.html\" title=\"Auw\u00e4lder im Klimawandel: Sie brauchen unsere Hilfe \u2013 und wir ihre\" rel=\"nofollow noopener\" target=\"_blank\">Auwald<\/a>. Das Betreten des Waldes geschehe auf eigene Gefahr. Durch langfristige D\u00fcrresch\u00e4den und aktuellen Pilzbefall habe der Auwald Gesundheitsprobleme, sagte der Amtsleiter f\u00fcr Stadtgr\u00fcn und Gew\u00e4sser, R\u00fcdiger Dittmar.<\/p>\n<blockquote><p>\n        Ich empfehle, erhobenen Hauptes durch den Wald zu gehen.<\/p>\n<p>                R\u00fcdiger Dittmar, Amtsleiter f\u00fcr Stadtgr\u00fcn und Gew\u00e4sser Leipzig<\/p>\n<\/blockquote>\n<p>    B\u00e4ume an Wegen und Stra\u00dfen werden gepr\u00fcft<\/p>\n<p class=\"\">&#8222;Viele unserer B\u00e4ume sind geschw\u00e4cht, k\u00f6nnen umfallen und fallen tats\u00e4chlich auch um. Oder es brechen gro\u00dfe \u00c4ste aus den B\u00e4umen. Ich empfehle, erhobenen Hauptes durch den Wald zu gehen, ob in den Kronen Totholz zu sehen ist&#8220;, sagte Dittmar MDR SACHSEN.<\/p>\n<p class=\"\">Auch auf schr\u00e4g stehende B\u00e4ume solle man achten. &#8222;Wir als Stadt k\u00f6nnen nur entlang der Stra\u00dfen und Schienenwege f\u00fcr Betriebssicherheit sorgen, auf Waldspielpl\u00e4tzen und im Wildpark&#8220;, so Dittmar. Auf allen anderen Fl\u00e4chen sei das f\u00fcr die Stadt nicht leistbar. Deshalb sei es wichtig, nur die freigegebenen Wege des Auwalds zu nutzen.<\/p>\n<p>    Was ist so problematisch im Auwald?<\/p>\n<ul>\n<li>Die Sch\u00e4den sind nicht immer gleich erkennbar. <a href=\"https:\/\/www.mdr.de\/wissen\/umwelt-klima\/eschen-sterben-invasiver-pilz-ist-toedlich-falsches-weisses-staengelbecherchen-100.html\" title=\"Ein Pilz l\u00e4sst die Eschen sterben: Falsches Wei\u00dfes St\u00e4ngelbecherchen\" rel=\"nofollow noopener\" target=\"_blank\">Eschentriebsterben<\/a> und die Folgen der Trockenjahre k\u00f6nnen dazu f\u00fchren, dass \u00c4ste oder \u00e4u\u00dferlich noch gesund wirkende B\u00e4ume umst\u00fcrzen.<\/li>\n<li>Zwar erholen sich Baumkronen nach Trockenjahren teilweise sichtbar, die Wurzeln k\u00f6nnen jedoch h\u00e4ufig nicht im gleichen Ma\u00df mithalten. Das Verh\u00e4ltnis zwischen Krone und Wurzeln ger\u00e4t dadurch aus dem Gleichgewicht.<\/li>\n<li>Gleichzeitig k\u00f6nnen Pilze geschw\u00e4chte oder besch\u00e4digte Wurzeln und St\u00e4mme besiedeln und zu F\u00e4ulnis f\u00fchren. Das kann die Standsicherheit erheblich beeintr\u00e4chtigen.<\/li>\n<li>Besonders betroffen sind Eschen, die durchs Eschentriebsterben geschw\u00e4cht sind. Aber auch bei Ahornb\u00e4umen k\u00f6nnen Sch\u00e4den auftreten. (Quelle: Stadt Leipzig)<\/li>\n<\/ul>\n<p>Mehr zu Trockensch\u00e4den wegen Hitze<\/p>\n<p>        <img decoding=\"async\" src=\"https:\/\/www.europesays.com\/de\/wp-content\/uploads\/2026\/07\/leipzig-auwald-100.webp\" alt=\"Ein kleiner Fluss flie\u00dft durch einen Wald, im Vordergrund liegt Totholz im Wasser\" title=\"Ein kleiner Fluss flie\u00dft durch einen Wald, im Vordergrund liegt Totholz im Wasser | Kristin Kielon\" class=\"responsive\" loading=\"lazy\"\/><\/p>\n<p>        <img decoding=\"async\" src=\"https:\/\/www.europesays.com\/de\/wp-content\/uploads\/2026\/07\/eschentriebsterben-baeume-faellen-100.webp\" alt=\"Mitarbeitende der Technischen Betriebe Heiligenhaus f\u00e4llen vom Eschentriebsterben befallene B\u00e4ume.\" title=\"Mitarbeitende der Technischen Betriebe Heiligenhaus f\u00e4llen vom Eschentriebsterben befallene B\u00e4ume. | IMAGO \/ Funke Foto Services\" class=\"responsive\" loading=\"lazy\"\/><\/p>\n<p>        <img decoding=\"async\" src=\"https:\/\/www.europesays.com\/de\/wp-content\/uploads\/2026\/07\/mehr-wasser-fuer-fluesse-bilder-126.webp\" alt=\"Das Bild zeigt einen ehemaligen Acker am Leipziger Auwald, der halb \u00fcberflutet ist und auf dem sich mittlerweile Farne und andere Pflanzen gebildet haben. \" title=\"Das Bild zeigt einen ehemaligen Acker am Leipziger Auwald, der halb \u00fcberflutet ist und auf dem sich mittlerweile Farne und andere Pflanzen gebildet haben.  | Max Fallert\/MDR\" class=\"responsive\" loading=\"lazy\"\/><\/p>\n<p class=\"\">MDR (kbe\/dih)<\/p>\n<p>Dieses Thema im Programm:<\/p>\n<p>                Regionalnachrichten aus dem Studio Leipzig | MDR SACHSEN &#8211; Das Sachsenradio | 23.07.2026 | 7:30 Uhr<\/p>\n<p>        Fehler beim API Call<\/p>\n<p>                    <a href=\"https:\/\/frs3tf.engagently.com\/oauth\/mdr\/login\/index.html?cm=mdrPr44726&amp;lang=de&amp;redirect=https%3A%2F%2Fwww.mdr.de%2Fnachrichten%2Fsachsen%2Fleipzig%2Fleipzig-leipzig-land%2Ftrockenheit-baeume-gefahr-%2Cauwald-hitzewelle-100.html\" rel=\"nofollow noopener\" target=\"_blank\"> Zum Kommentieren anmelden <\/a><\/p>\n","protected":false},"excerpt":{"rendered":"AUDIO: Vorsicht im Leipziger Auwald: Gesch\u00e4digte B\u00e4ume (1 Min) Trockenheit von MDR SACHSEN Stand: 23.07.2026 13:57 Uhr Die&hellip;\n","protected":false},"author":2,"featured_media":1187395,"comment_status":"","ping_status":"","sticky":false,"template":"","format":"standard","meta":{"footnotes":"","_share_on_mastodon":"0"},"categories":[1832],"tags":[4652,3364,29,30,952,71,14,248034,248035,859,3931,6404,23290,4106],"class_list":["post-1187394","post","type-post","status-publish","format-standard","has-post-thumbnail","category-leipzig","tag-wald","tag-de","tag-deutschland","tag-germany","tag-klimawandel","tag-leipzig","tag-nachrichten","tag-naturklima","tag-ruerre","tag-sachsen","tag-sicherheit","tag-trockenheit","tag-warnung","tag-wasser"],"share_on_mastodon":{"url":"https:\/\/pubeurope.com\/@de\/116969683089516396","error":""},"_links":{"self":[{"href":"https:\/\/www.europesays.com\/de\/wp-json\/wp\/v2\/posts\/1187394","targetHints":{"allow":["GET"]}}],"collection":[{"href":"https:\/\/www.europesays.com\/de\/wp-json\/wp\/v2\/posts"}],"about":[{"href":"https:\/\/www.europesays.com\/de\/wp-json\/wp\/v2\/types\/post"}],"author":[{"embeddable":true,"href":"https:\/\/www.europesays.com\/de\/wp-json\/wp\/v2\/users\/2"}],"replies":[{"embeddable":true,"href":"https:\/\/www.europesays.com\/de\/wp-json\/wp\/v2\/comments?post=1187394"}],"version-history":[{"count":0,"href":"https:\/\/www.europesays.com\/de\/wp-json\/wp\/v2\/posts\/1187394\/revisions"}],"wp:featuredmedia":[{"embeddable":true,"href":"https:\/\/www.europesays.com\/de\/wp-json\/wp\/v2\/media\/1187395"}],"wp:attachment":[{"href":"https:\/\/www.europesays.com\/de\/wp-json\/wp\/v2\/media?parent=1187394"}],"wp:term":[{"taxonomy":"category","embeddable":true,"href":"https:\/\/www.europesays.com\/de\/wp-json\/wp\/v2\/categories?post=1187394"},{"taxonomy":"post_tag","embeddable":true,"href":"https:\/\/www.europesays.com\/de\/wp-json\/wp\/v2\/tags?post=1187394"}],"curies":[{"name":"wp","href":"https:\/\/api.w.org\/{rel}","templated":true}]}}