{"id":1187411,"date":"2026-07-23T14:16:13","date_gmt":"2026-07-23T14:16:13","guid":{"rendered":"https:\/\/www.europesays.com\/de\/1187411\/"},"modified":"2026-07-23T14:16:13","modified_gmt":"2026-07-23T14:16:13","slug":"deutsches-museum-in-muenchen-erwirbt-ganz-besonderes-buch","status":"publish","type":"post","link":"https:\/\/www.europesays.com\/de\/1187411\/","title":{"rendered":"Deutsches Museum in M\u00fcnchen erwirbt ganz besonderes Buch"},"content":{"rendered":"<p>Die Bibliothek des Deutschen Museums hat ihr millionstes Buch erworben. Es handele sich um einen seltenen Band aus den 1830er-Jahren \u00fcber franz\u00f6sische Kost\u00fcmgeschichte, berichtete das Museum. Es sei ein besonderer Meilenstein f\u00fcr die laut Mitteilung gr\u00f6\u00dfte Museumsbibliothek Deutschlands.\u00a0<\/p>\n<p>Als die Bibliothek 1908 f\u00fcr die \u00d6ffentlichkeit \u00f6ffnete, umfasste ihr Bestand noch 22.000 B\u00e4nde. Seitdem ist die Zahl geh\u00f6rig gestiegen. Das Buch &#8222;Costumes Fran\u00e7ais \u2013 Civils, Militaires et Religieux&#8220; (dt: &#8222;Franz\u00f6sische Kost\u00fcme \u2013 zivile, milit\u00e4rische und religi\u00f6se&#8220;) von Charles Auguste Herb\u00e9 ist nun das einmillionsten Buch.\u00a0<\/p>\n<p>Deutsches Museum erwirbt sein millionstes Buch\u00a0<\/p>\n<p>Es ist eines von circa 15.000 B\u00e4nden, die im sogenannten Rara-Raum lagern. Das ist ein besonders gesicherter, nicht \u00f6ffentlich zug\u00e4nglicher Raum, in dem seltene Werke aufbewahrt werden. Die Zeitspanne der hier lagernden B\u00fccher geht vom sp\u00e4ten 15. Jahrhundert bis ins 20. Jahrhundert. Ein wertvolles Beispiel aus diesem Bestand: die Schedelsche Weltchronik von 1494.\u00a0<\/p>\n<p>     <img decoding=\"async\" loading=\"lazy\" src=\"https:\/\/www.abendzeitung-muenchen.de\/storage\/image\/9\/5\/9\/7\/1717959_bibliothek-des-deutschen-museums-stellt-millionstes-buch-vor_artikelbild-75proz_1Goxaf_8j7cmZ.jpg\" alt=\"Ein Blick in das Magazin der Bibliothek des Deutschen Museums.\" title=\"Ein Blick in das Magazin der Bibliothek des Deutschen Museums.\" width=\"609\" height=\"405\"\/><\/p>\n<p>      Ein Blick in das Magazin der Bibliothek des Deutschen Museums.<br \/>\n      \u00a9 Florian Diettrich\/dpa<\/p>\n<p>    Ein Blick in das Magazin der Bibliothek des Deutschen Museums.<\/p>\n<p>von Florian Diettrich\/dpa <\/p>\n<p>&#8222;}&#8220;&gt; <\/p>\n<p>20.000 Umzugskartons voller B\u00e4nde<\/p>\n<p>Ein Gro\u00dfteil der B\u00e4nde lagert im Magazin. Im Viereck f\u00fchrt das Stockwerk mit den prall gef\u00fcllten Regalen um den Innenhof der Bibliothek. W\u00fcrde man die hier lagernden Exemplare in Umzugskartons verpacken, h\u00e4tte man viel zu schleppen. Denn Bibliotheksleiter Helmut Hilz sch\u00e4tzt, dass der Inhalt der Regale rund 20.000 Umzugskartons f\u00fcllen w\u00fcrde. &#8222;Aber die w\u00e4ren dann sauschwer&#8220;, sagte er.\u00a0<\/p>\n<p>     <img decoding=\"async\" loading=\"lazy\" src=\"https:\/\/www.abendzeitung-muenchen.de\/storage\/image\/8\/5\/9\/7\/1717958_bibliothek-des-deutschen-museums-stellt-millionstes-buch-vor_artikelbild-75proz_1Goxae_K5rDPr.jpg\" alt=\"Bibliotheksleiter Helmut Hilz stellt das millionste Buch vor.\" title=\"Bibliotheksleiter Helmut Hilz stellt das millionste Buch vor.\" width=\"609\" height=\"406\"\/><\/p>\n<p>      Bibliotheksleiter Helmut Hilz stellt das millionste Buch vor.<br \/>\n      \u00a9 Florian Diettrich\/dpa<\/p>\n<p>    Bibliotheksleiter Helmut Hilz stellt das millionste Buch vor.<\/p>\n<p>von Florian Diettrich\/dpa <\/p>\n<p>&#8222;}&#8220;&gt; <\/p>\n<p>Eine zuk\u00fcnftige Herausforderung der Bibliothek ist der Platz. &#8222;Jetzt, wo wir die Million voll haben, wird&#8217;s absehbar Platzprobleme geben&#8220;, prognostizierte Hilz. Eine m\u00f6gliche Abhilfe sei eine weitere Verdichtung der Best\u00e4nde.<\/p>\n<p>Besonderer Wunsch zur Pensionierung<\/p>\n<p>Im n\u00e4chsten Jahr wird Hilz, der die Bibliothek seit 1998 leitet, vermutlich in Pension gehen. Ein Werk, das er gern noch f\u00fcr seine Bibliothek h\u00e4tte, ist das &#8222;Sidereus Nuncius&#8220; von Galileo Galilei. &#8222;Ein Buch, das heute unbezahlbar ist, aber das w\u00e4re der Wunschtraum&#8220;, sagte er.<\/p>\n","protected":false},"excerpt":{"rendered":"Die Bibliothek des Deutschen Museums hat ihr millionstes Buch erworben. Es handele sich um einen seltenen Band aus&hellip;\n","protected":false},"author":2,"featured_media":1187412,"comment_status":"","ping_status":"","sticky":false,"template":"","format":"standard","meta":{"footnotes":"","_share_on_mastodon":"0"},"categories":[1827],"tags":[772,3894,1797,1785,2313,29,30,1268],"class_list":["post-1187411","post","type-post","status-publish","format-standard","has-post-thumbnail","category-muenchen","tag-bayern","tag-bibliothek","tag-buch","tag-buecher","tag-deutsches-museum","tag-deutschland","tag-germany","tag-muenchen"],"share_on_mastodon":{"url":"https:\/\/pubeurope.com\/@de\/116969722941264886","error":""},"_links":{"self":[{"href":"https:\/\/www.europesays.com\/de\/wp-json\/wp\/v2\/posts\/1187411","targetHints":{"allow":["GET"]}}],"collection":[{"href":"https:\/\/www.europesays.com\/de\/wp-json\/wp\/v2\/posts"}],"about":[{"href":"https:\/\/www.europesays.com\/de\/wp-json\/wp\/v2\/types\/post"}],"author":[{"embeddable":true,"href":"https:\/\/www.europesays.com\/de\/wp-json\/wp\/v2\/users\/2"}],"replies":[{"embeddable":true,"href":"https:\/\/www.europesays.com\/de\/wp-json\/wp\/v2\/comments?post=1187411"}],"version-history":[{"count":0,"href":"https:\/\/www.europesays.com\/de\/wp-json\/wp\/v2\/posts\/1187411\/revisions"}],"wp:featuredmedia":[{"embeddable":true,"href":"https:\/\/www.europesays.com\/de\/wp-json\/wp\/v2\/media\/1187412"}],"wp:attachment":[{"href":"https:\/\/www.europesays.com\/de\/wp-json\/wp\/v2\/media?parent=1187411"}],"wp:term":[{"taxonomy":"category","embeddable":true,"href":"https:\/\/www.europesays.com\/de\/wp-json\/wp\/v2\/categories?post=1187411"},{"taxonomy":"post_tag","embeddable":true,"href":"https:\/\/www.europesays.com\/de\/wp-json\/wp\/v2\/tags?post=1187411"}],"curies":[{"name":"wp","href":"https:\/\/api.w.org\/{rel}","templated":true}]}}