{"id":1187857,"date":"2026-07-23T18:29:20","date_gmt":"2026-07-23T18:29:20","guid":{"rendered":"https:\/\/www.europesays.com\/de\/1187857\/"},"modified":"2026-07-23T18:29:20","modified_gmt":"2026-07-23T18:29:20","slug":"eintracht-frankfurt-ellyes-skhiri-wohl-vor-wechsel-zum-1-fc-koeln","status":"publish","type":"post","link":"https:\/\/www.europesays.com\/de\/1187857\/","title":{"rendered":"Eintracht Frankfurt: Ellyes Skhiri wohl vor Wechsel zum 1. FC K\u00f6ln"},"content":{"rendered":"<p>R\u00fcckkehr zum Ex-Klub? <\/p>\n<p>Eintracht stellt Mittelfeld-Star frei<\/p>\n<p>23.07.2026 &#8211; 19:25 UhrLesedauer: 2 Min.<\/p>\n<p><a href=\"#focus-0\" class=\"transition-colors block text-current relative\" data-sctrack=\"FocusGalleryImage.Reference\"><img fetchpriority=\"high\" data-testid=\"Opener.Image\"   loading=\"eager\" src=\"https:\/\/www.europesays.com\/de\/wp-content\/uploads\/2026\/07\/fussball-1-bundesliga-eintracht-frankfurt-1-fsv-mainz-05-am-09-112025-im-deutsche-bank-park-in-frank.jpeg\" alt=\"imago images 1069349879\" title=\"imago images 1069349879\" width=\"3000\" height=\"1688\" class=\"bg-[url:var(--lqipURL)] bg-cover bg-center flex h-full w-full max-w-full\" style=\"--lqipURL:url('https:\/\/images.t-online.de\/2025\/11\/hRnSWPcM-6bs\/0x0:3000x1688\/fit-in\/150x0\/filters:blur(25)\/fussball-1-bundesliga-eintracht-frankfurt-1-fsv-mainz-05-am-09-112025-im-deutsche-bank-park-in-frankfurt-ellyes-skhiri-frankfurt-15-am-ball-soccer-1-bundesliga-eintracht-frankfurt-1-fsv-mainz-05-on-09-11-2025-at-deutsche-bank-park-in-frankfurt-ellyes-skhiri-frankfurt-15-on-the-ball-mh.jpg')\" decoding=\"async\"\/><img loading=\"lazy\" src=\"https:\/\/frankfurt.t-online.de\/s\/paper\/_next\/static\/media\/zoom-in.f7dae02f.svg\" alt=\"Vergr\u00f6\u00dfern des Bildes\" title=\"Vergr\u00f6\u00dfern des Bildes\" class=\"block h-[calc(var(--height)_\/_16_*_1rem)] w-[calc(var(--width)_\/_16_*_1rem)] max-w-none absolute right-8 bottom-8 rounded-4 bg-snow p-8\" style=\"--width:32;--height:32\" decoding=\"async\"\/><\/a><\/p>\n<p>Ellyes Skhiri im Einsatz f\u00fcr Eintracht Frankfurt (Archivbild): Er steht jetzt vor einem Abschied bei der SGE. (Quelle: IMAGO\/osnapix \/ Marcus Hirnschal\/imago)<\/p>\n<p><img loading=\"lazy\" src=\"https:\/\/frankfurt.t-online.de\/s\/paper\/_next\/static\/media\/audio-volume.6689034c.svg\" alt=\"\" title=\"\" class=\"block h-[calc(var(--height)_\/_16_*_1rem)] w-[calc(var(--width)_\/_16_*_1rem)] max-w-none group-hover:brightness-0 group-hover:invert\" style=\"--width:16;--height:16\" decoding=\"async\"\/>Vorlesen<\/p>\n<p>Aktuelle Zeit:0:00Gesamtdauer:0:00<\/p>\n<p>1x<\/p>\n<p class=\"text-center\">Jetzt neu bei t-online:<\/p>\n<p class=\"text-center\">Schriftgr\u00f6\u00dfe anpassen!<\/p>\n<p><img loading=\"lazy\" src=\"https:\/\/frankfurt.t-online.de\/s\/paper\/_next\/static\/media\/font-sizes.32942e33.svg\" alt=\"\" title=\"\" class=\"block h-[calc(var(--height)_\/_16_*_1rem)] w-[calc(var(--width)_\/_16_*_1rem)] max-w-none group-hover:hidden group-aria-expanded:hidden\" style=\"--width:16;--height:16\" decoding=\"async\"\/><img loading=\"lazy\" src=\"https:\/\/frankfurt.t-online.de\/s\/paper\/_next\/static\/media\/font-sizes-dark-mode.e382645c.svg\" alt=\"\" title=\"\" class=\"block h-[calc(var(--height)_\/_16_*_1rem)] w-[calc(var(--width)_\/_16_*_1rem)] max-w-none hidden group-hover:block group-aria-expanded:block\" style=\"--width:16;--height:16\" decoding=\"async\"\/><img loading=\"lazy\" src=\"https:\/\/frankfurt.t-online.de\/s\/paper\/_next\/static\/media\/sharing-menu-icon.1eb71368.svg\" alt=\"\" title=\"\" class=\"block h-[calc(var(--height)_\/_16_*_1rem)] w-[calc(var(--width)_\/_16_*_1rem)] max-w-none group-hover:brightness-0 group-hover:invert\" style=\"--width:16;--height:16\" decoding=\"async\"\/>Artikel teilen<\/p>\n<p class=\"font-bold text-18 leading-17 user-text-lg:text-22 user-text-xl:text-24\">Ellyes Skhiri reist nicht mit Eintracht Frankfurt ins Trainingslager. Eine R\u00fcckkehr zu seinem fr\u00fcheren Klub wird offenbar immer wahrscheinlicher.<\/p>\n<p class=\"text-18 leading-17 user-text-lg:text-22 user-text-xl:text-24\">Die Zeichen stehen auf Abschied: <a href=\"https:\/\/www.t-online.de\/themen\/eintracht-frankfurt\/\" class=\"transition-colors cursor-pointer no-underline md:hover:text-magenta md:focus:text-magenta border-b border-solid border-current text-salemsfur md:hover:border-magenta\" data-tracking=\"{&quot;action&quot;:&quot;click&quot;,&quot;category&quot;:&quot;intextLink&quot;,&quot;label&quot;:&quot;https:\/\/www.t-online.de\/themen\/eintracht-frankfurt\/&quot;}\" data-sctrack=\"BodyAnchor\" rel=\"nofollow noopener\" target=\"_blank\">Eintracht Frankfurt<\/a> hat Ellyes Skhiri f\u00fcr Verhandlungen mit anderen Vereinen freigestellt. Der 31-J\u00e4hrige geh\u00f6rt deshalb nicht zum 27-k\u00f6pfigen Kader, der am Donnerstag ins Sommertrainingslager nach Grassau gereist ist.<\/p>\n<p class=\"text-18 leading-17 user-text-lg:text-22 user-text-xl:text-24\">Nach Informationen des &#8222;Geissblog&#8220; befindet sich der defensive Mittelfeldspieler konkret in Gespr\u00e4chen mit dem 1. FC K\u00f6ln. Eine R\u00fcckkehr zu seinem fr\u00fcheren Verein werde wahrscheinlicher, eine Einigung sei dem Vernehmen nach in Reichweite. Auch der Hessische Rundfunk berichtet \u00fcber die Verhandlungen.<\/p>\n<p>Skhiri vor R\u00fcckkehr zum 1. FC K\u00f6ln?<\/p>\n<p class=\"text-18 leading-17 user-text-lg:text-22 user-text-xl:text-24\">Vollst\u00e4ndig gekl\u00e4rt ist der Wechsel allerdings noch nicht. Dem Bericht zufolge sind noch vertragliche Details offen. Skhiri m\u00fcsste f\u00fcr sein Comeback in K\u00f6ln offenbar finanzielle Abstriche machen und ein geringeres Gehalt akzeptieren. In Frankfurt l\u00e4uft sein Vertrag bis zum Sommer 2027.<\/p>\n<p class=\"text-18 leading-17 user-text-lg:text-22 user-text-xl:text-24\">F\u00fcr den FC hatte Skhiri bereits zwischen 2019 und 2023 gespielt. In 133 Pflichtspielen f\u00fcr die K\u00f6lner erzielte der tunesische Nationalspieler 20 Tore und bereitete acht weitere vor. Bei den Fans wurde er unter anderem wegen seiner Laufst\u00e4rke und Torgefahr zum Publikumsliebling.<\/p>\n<p>Skhiri in Frankfurt auf dem Abstellgleis<\/p>\n<p class=\"text-18 leading-17 user-text-lg:text-22 user-text-xl:text-24\">Im Sommer 2023 wechselte Skhiri nach dem Ende seines Vertrags abl\u00f6sefrei nach Frankfurt. Seitdem kam er f\u00fcr die Eintracht in 117 Pflichtspielen zum Einsatz, erzielte sieben Tore und bereitete sieben weitere Treffer vor. Zuletzt hatte Skhiri seinen Stammplatz allerdings verloren. In der vergangenen Saison stand er wettbewerbs\u00fcbergreifend 20-mal in der Startelf, bei 14 weiteren Eins\u00e4tzen wurde er eingewechselt. Unter dem neuen Trainer Adi H\u00fctter scheint er nun keine zentrale Rolle mehr zu spielen.<\/p>\n<p class=\"text-18 leading-17 user-text-lg:text-22 user-text-xl:text-24\">In K\u00f6ln wird derzeit ein Nachfolger f\u00fcr Eric Martel gesucht. Skhiri kennt den Verein und das Umfeld bereits \u2013 jetzt k\u00f6nnte er drei Jahre nach seinem Abschied den umgekehrten Weg zur\u00fcck ans Gei\u00dfbockheim antreten.<\/p>\n<p class=\"text-18 leading-17 user-text-lg:text-22 user-text-xl:text-24\">Im Trainingslager arbeitet H\u00fctter derweil mit 27 Spielern. Neben mehreren Nachwuchskr\u00e4ften geh\u00f6ren auch Ritsu Doan, Can Uzun sowie Junior Dina Ebimbe und Niels Nkounkou zum Aufgebot. Mehrere WM-Teilnehmer steigen erst sp\u00e4ter in die Vorbereitung ein.<\/p>\n","protected":false},"excerpt":{"rendered":"R\u00fcckkehr zum Ex-Klub? Eintracht stellt Mittelfeld-Star frei 23.07.2026 &#8211; 19:25 UhrLesedauer: 2 Min. Ellyes Skhiri im Einsatz f\u00fcr&hellip;\n","protected":false},"author":2,"featured_media":1187858,"comment_status":"","ping_status":"","sticky":false,"template":"","format":"standard","meta":{"footnotes":"","_share_on_mastodon":"0"},"categories":[1829],"tags":[623,522,67395,29,460,152780,2050,2051,30,248086,2052,33240,9392,1420,3171],"class_list":["post-1187857","post","type-post","status-publish","format-standard","has-post-thumbnail","category-frankfurt-am-main","tag-1-fc-koeln","tag-522","tag-adi-huetter","tag-deutschland","tag-eintracht-frankfurt","tag-ellyes-skhiri","tag-frankfurt","tag-frankfurt-am-main","tag-germany","tag-grassau","tag-hessen","tag-hessischer-rundfunk","tag-klub","tag-koeln","tag-trainingslager"],"share_on_mastodon":{"url":"","error":""},"_links":{"self":[{"href":"https:\/\/www.europesays.com\/de\/wp-json\/wp\/v2\/posts\/1187857","targetHints":{"allow":["GET"]}}],"collection":[{"href":"https:\/\/www.europesays.com\/de\/wp-json\/wp\/v2\/posts"}],"about":[{"href":"https:\/\/www.europesays.com\/de\/wp-json\/wp\/v2\/types\/post"}],"author":[{"embeddable":true,"href":"https:\/\/www.europesays.com\/de\/wp-json\/wp\/v2\/users\/2"}],"replies":[{"embeddable":true,"href":"https:\/\/www.europesays.com\/de\/wp-json\/wp\/v2\/comments?post=1187857"}],"version-history":[{"count":0,"href":"https:\/\/www.europesays.com\/de\/wp-json\/wp\/v2\/posts\/1187857\/revisions"}],"wp:featuredmedia":[{"embeddable":true,"href":"https:\/\/www.europesays.com\/de\/wp-json\/wp\/v2\/media\/1187858"}],"wp:attachment":[{"href":"https:\/\/www.europesays.com\/de\/wp-json\/wp\/v2\/media?parent=1187857"}],"wp:term":[{"taxonomy":"category","embeddable":true,"href":"https:\/\/www.europesays.com\/de\/wp-json\/wp\/v2\/categories?post=1187857"},{"taxonomy":"post_tag","embeddable":true,"href":"https:\/\/www.europesays.com\/de\/wp-json\/wp\/v2\/tags?post=1187857"}],"curies":[{"name":"wp","href":"https:\/\/api.w.org\/{rel}","templated":true}]}}