{"id":118791,"date":"2025-05-17T22:20:16","date_gmt":"2025-05-17T22:20:16","guid":{"rendered":"https:\/\/www.europesays.com\/de\/118791\/"},"modified":"2025-05-17T22:20:16","modified_gmt":"2025-05-17T22:20:16","slug":"rueckblick-auf-die-feiern-zum-8-mai-gedanken-zum-gedenken","status":"publish","type":"post","link":"https:\/\/www.europesays.com\/de\/118791\/","title":{"rendered":"R\u00fcckblick auf die Feiern zum 8. Mai: Gedanken zum Gedenken"},"content":{"rendered":"<p class=\"tspAUhl tspAUhm\">Berlin beging in diesem Jahr den <a href=\"https:\/\/www.tagesspiegel.de\/berlin\/gedenken-zu-80-jahren-kriegsende-am-8-mai-der-senat-von-berlin-ladt-keine-offiziellen-vertreter-anderer-staaten-ein-13587076.html?icid=in-text-link_13710358\" class=\"link link--internal\" data-gtm-class=\"article-text-link\" data-gtm-val=\"internal\" target=\"_blank\" rel=\"noopener\">8. Mai als zus\u00e4tzlichen gesetzlichen Feiertag<\/a> im Gedenken an die Befreiung vom Nationalsozialismus vor 80 Jahren durch die Alliierten. Unter den Befreiern beklagten die V\u00f6lker der damaligen Sowjetunion und ihre Rote Armee die ungleich meisten Menschenopfer.<\/p>\n<p class=\"tspAUhl\">Wir Arbeitgeberverb\u00e4nde sind <a href=\"https:\/\/www.tagesspiegel.de\/wirtschaft\/um-arbeitsangebot-zu-steigern-ifo-prasident-fuest-fordert-streichung-eines-feiertags-l-13319701.html?icid=in-text-link_13710358\" class=\"link link--internal\" data-gtm-class=\"article-text-link\" data-gtm-val=\"internal\" target=\"_blank\" rel=\"noopener\">keine Anh\u00e4nger zus\u00e4tzlicher Feiertage<\/a> und machen das oft deutlich. Der Handelsverband und seine Mitglieder protestierten diesmal nicht. Zu gro\u00df unser Respekt vor dem historischen Ereignis, vor Abermillionen Toten.<\/p>\n<p class=\"tspAUhl\">Nach ausf\u00fchrlichem Studium der Polizeiverf\u00fcgungen zu den Verboten beim Gedenken gelangte ich durch Polizeisperren in das Ehrenmal Sch\u00f6nholz. Ich wurde Zeuge, wie ein Besucher Polizisten sein \u201eAbzeichen\u201c am Revers zu erkl\u00e4ren hatte, sein Kontrolleur kannte das Bundesverdienstkreuz nicht \u2026<\/p>\n<p><img decoding=\"async\" src=\"https:\/\/www.europesays.com\/de\/wp-content\/uploads\/2025\/05\/nils-busch-petersen.jpeg\"   alt=\"\" width=\"767\" height=\"767\" loading=\"lazy\" class=\"tspA4iu\"\/><\/p>\n<p class=\"tspB0lm\"><strong>Nils  Busch-Petersen<\/strong> ist Hauptgesch\u00e4ftsf\u00fchrer des Handelsverbandes Berlin-Brandenburg e. V.\u00a0<\/p>\n<p class=\"tspAUhl\">Amtliche Beschr\u00e4nkungen des Gedenkens sind der Dimension des Ereignisses nicht gerecht geworden. Die Anregung des Ausw\u00e4rtigen Amtes, offiziellen Vertretern von Russland und Belarus den <a href=\"https:\/\/www.tagesspiegel.de\/berlin\/kriegsgedenken-regierung-verteidigt-ausladung-von-russischem-botschafter-13587673.html?icid=in-text-link_13710358\" class=\"link link--internal\" data-gtm-class=\"article-text-link\" data-gtm-val=\"internal\" target=\"_blank\" rel=\"noopener\">Zutritt zu Gedenkveranstaltungen<\/a> per Hausrecht zu verwehren, war nicht richtig. Torgau und Seelow haben bewiesen, dass es auch anders in W\u00fcrde ging. <\/p>\n<p class=\"tspTef\">Empfohlener redaktioneller Inhalt<\/p>\n<p> An dieser Stelle finden Sie einen von unseren Redakteuren ausgew\u00e4hlten, externen Inhalt, der den Artikel f\u00fcr Sie mit zus\u00e4tzlichen Informationen anreichert. Sie k\u00f6nnen sich hier den externen Inhalt mit einem Klick anzeigen lassen oder wieder ausblenden. <\/p>\n<p> Externen Inhalt anzeigen <\/p>\n<p class=\"tspTel\"> Ich bin damit einverstanden, dass mir der externe Inhalt angezeigt wird. Damit k\u00f6nnen personenbezogene Daten an Drittplattformen \u00fcbermittelt werden.  Mehr Informationen dazu erhalten Sie in den Datenschutz-Einstellungen. Diese finden Sie ganz unten auf unserer Seite im Footer, sodass Sie Ihre Einstellungen jederzeit verwalten oder widerrufen k\u00f6nnen. <\/p>\n<p class=\"tspAUhl\">In Sch\u00f6nholz stand ich an der Erinnerungsplakette f\u00fcr einen 21-j\u00e4hrigen Leutnant der Roten Armee. <\/p>\n<p class=\"tspAUhl\">Ungef\u00e4hr zur gleichen Zeit entgleiste unser <a href=\"https:\/\/www.tagesspiegel.de\/politik\/gedenken-an-kriegsende-vor-80-jahren-steinmeier-wirft-putin-geschichtslugen-und-trump-wertebruch-vor-13658182.html?icid=in-text-link_13710358\" class=\"link link--internal\" data-gtm-class=\"article-text-link\" data-gtm-val=\"internal\" target=\"_blank\" rel=\"noopener\">Bundespr\u00e4sident w\u00e4hrend der Gedenkstunde im Bundestag<\/a> mit dem Satz: \u201eDie Befreier von Auschwitz sind zu neuen Aggressoren geworden.\u201c <\/p>\n<p> Weitere Folgen \u201eIn der Lobby\u201c <a href=\"https:\/\/www.tagesspiegel.de\/berlin\/berliner-wirtschaft\/gewerkschaften-als-gegenmacht-beschaftigte-kampfen-wieder-gegen-antidemokraten-13663663.html?icid=topic-list_13710358___\" data-gtm-class=\"article-mzt-link\" class=\"tspCCmu\" target=\"_blank\" rel=\"noopener\">Gewerkschaften als Gegenmacht Besch\u00e4ftigte k\u00e4mpfen wieder gegen Antidemokraten <\/a><a href=\"https:\/\/www.tagesspiegel.de\/berlin\/berliner-wirtschaft\/irgendwas-mit-handwerk-eine-ausbildung-bietet-oft-mehr-als-ein-studium-13628515.html?icid=topic-list_13710358___\" data-gtm-class=\"article-mzt-link\" class=\"tspCCmu\" target=\"_blank\" rel=\"noopener\">Irgendwas mit Handwerk Eine Ausbildung bietet oft mehr als ein Studium <\/a><a href=\"https:\/\/www.tagesspiegel.de\/berlin\/berliner-wirtschaft\/die-ausbildungsabgabe-ist-eine-mogelpackung-berlin-will-betriebe-mit-noch-mehr-burokratie-und-formularen-gangeln-13594069.html?icid=topic-list_13710358___\" data-gtm-class=\"article-mzt-link\" class=\"tspCCmu\" target=\"_blank\" rel=\"noopener\">Die Ausbildungsabgabe ist eine Mogelpackung Berlin will Betriebe mit noch mehr B\u00fcrokratie und Formularen g\u00e4ngeln <\/a><\/p>\n<p class=\"tspAUhl\">Auschwitz wurde von Soldaten der Sowjetunion befreit, Angeh\u00f6rigen vieler V\u00f6lker. Vielleicht auch von jenem Leutnant, der heute in Sch\u00f6nholz ruht. Auch wenn Putin von einer Vollendung der Ziele des Zweiten Weltkrieges schwadroniert, keiner der Befreier von Auschwitz und Berlin hat etwas mit dem <a href=\"https:\/\/www.tagesspiegel.de\/politik\/themen\/krieg-in-der-ukraine\" target=\"_blank\" rel=\"noopener\" class=\"link link--external\" data-gtm-class=\"article-text-link\" data-gtm-val=\"external\" aria-describedby=\"message-target-blank\">Krieg Russlands gegen die Ukraine<\/a> zu tun. S\u00e4tze wie der von Frank-Walter Steinmeier verletzen ihr Angedenken. <\/p>\n","protected":false},"excerpt":{"rendered":"Berlin beging in diesem Jahr den 8. Mai als zus\u00e4tzlichen gesetzlichen Feiertag im Gedenken an die Befreiung vom&hellip;\n","protected":false},"author":2,"featured_media":118792,"comment_status":"","ping_status":"","sticky":false,"template":"","format":"standard","meta":{"footnotes":""},"categories":[1825],"tags":[296,29,30,2989,9681,9944,2657],"class_list":{"0":"post-118791","1":"post","2":"type-post","3":"status-publish","4":"format-standard","5":"has-post-thumbnail","7":"category-berlin","8":"tag-berlin","9":"tag-deutschland","10":"tag-germany","11":"tag-geschichte","12":"tag-holocaust","13":"tag-in-der-lobby","14":"tag-zweiter-weltkrieg"},"share_on_mastodon":{"url":"https:\/\/pubeurope.com\/@de\/114525505226217895","error":""},"_links":{"self":[{"href":"https:\/\/www.europesays.com\/de\/wp-json\/wp\/v2\/posts\/118791","targetHints":{"allow":["GET"]}}],"collection":[{"href":"https:\/\/www.europesays.com\/de\/wp-json\/wp\/v2\/posts"}],"about":[{"href":"https:\/\/www.europesays.com\/de\/wp-json\/wp\/v2\/types\/post"}],"author":[{"embeddable":true,"href":"https:\/\/www.europesays.com\/de\/wp-json\/wp\/v2\/users\/2"}],"replies":[{"embeddable":true,"href":"https:\/\/www.europesays.com\/de\/wp-json\/wp\/v2\/comments?post=118791"}],"version-history":[{"count":0,"href":"https:\/\/www.europesays.com\/de\/wp-json\/wp\/v2\/posts\/118791\/revisions"}],"wp:featuredmedia":[{"embeddable":true,"href":"https:\/\/www.europesays.com\/de\/wp-json\/wp\/v2\/media\/118792"}],"wp:attachment":[{"href":"https:\/\/www.europesays.com\/de\/wp-json\/wp\/v2\/media?parent=118791"}],"wp:term":[{"taxonomy":"category","embeddable":true,"href":"https:\/\/www.europesays.com\/de\/wp-json\/wp\/v2\/categories?post=118791"},{"taxonomy":"post_tag","embeddable":true,"href":"https:\/\/www.europesays.com\/de\/wp-json\/wp\/v2\/tags?post=118791"}],"curies":[{"name":"wp","href":"https:\/\/api.w.org\/{rel}","templated":true}]}}