{"id":118794,"date":"2025-05-17T22:22:13","date_gmt":"2025-05-17T22:22:13","guid":{"rendered":"https:\/\/www.europesays.com\/de\/118794\/"},"modified":"2025-05-17T22:22:13","modified_gmt":"2025-05-17T22:22:13","slug":"cannes-2025-von-wegen-weniger-stars-feiern-mit-wahnsinns-kleidern-unterhaltung","status":"publish","type":"post","link":"https:\/\/www.europesays.com\/de\/118794\/","title":{"rendered":"Cannes 2025: Von wegen weniger! Stars feiern mit Wahnsinns-Kleidern | Unterhaltung"},"content":{"rendered":"<p><b>Es war die strengste Kleiderordnung in der Geschichte der legend\u00e4ren Filmfestspiele von Cannes an der C\u00f4te d\u2019Azur.<\/b><\/p>\n<p>Bereits im Vorfeld machten die Veranstalter eine unmissverst\u00e4ndliche Ansage: \u201eAus Gr\u00fcnden des Anstands ist Nacktheit auf dem roten Teppich, wie auch in allen anderen Bereichen des Festivals, verboten. Volumin\u00f6se Kleidungsst\u00fccke, insbesondere solche mit gro\u00dfer Schleppe, die den reibungslosen Verkehr der G\u00e4ste behindern und die Sitzordnung im Theater erschweren, sind nicht gestattet.\u201c <\/p>\n<p><b>Rumms, das hat gesessen! Allerdings nicht bei den Weltstars.<\/b><\/p>\n<p><b>Die meisten machten weiter wie bisher \u2013 und erfreuten unsere Augen mit Busenblitzern, bunten Schleppen und gaaaanz viel nackter Haut! So wie Supermodel <\/b><a href=\"https:\/\/www.bild.de\/unterhaltung\/leute\/heidi-klum\/heidi-klum-alle-infos-76664276.bild.html\" class=\"text-link\" rel=\"nofollow noopener\" target=\"_blank\"><b>Heidi Klum<\/b><\/a><b> (51).<\/b><\/p>\n<p>Gro\u00dfes Kino bei den 78. Filmfestspielen von Cannes!<\/p>\n<p>Wegen der neuen Kleiderordnung musste Jury-Mitglied Halle Berry (58) umdisponieren. Statt eines Kleids mit Schleppe trug sie eine weniger opulente Kreation mit schwarz-wei\u00dfen L\u00e4ngsstreifen. <\/p>\n<p><img decoding=\"async\" width=\"992\" height=\"661\" alt=\"Pom Klementieff (39, Mitte) versucht, Tom Cruise (62) zu bezirzen\" src=\"https:\/\/www.europesays.com\/de\/wp-content\/uploads\/2025\/05\/83b7caebde6b2eccf581a35086348fce,8b4f38cb\"   class=\"dynamic\" loading=\"lazy\"\/><\/p>\n<p class=\"fig__caption__text\">Pom Klementieff (39, Mitte) versucht, Tom Cruise (62) zu bezirzen<\/p>\n<p>Foto: Julie Edwards \/ Avalon<\/p>\n<p><b>W\u00e4hrend Schauspielerin Hannah Waddingham (50) in einem schulterfreien hellrosa Abendkleid alle Blicke auf sich zog, verz\u00fcckte die franz\u00f6sische Actrice Pom Klementieff Megastar Tom Cruise eindeutig in ihrer fliederfarbenen Robe, die mit ihrem tiefen Ausschnitt sicher nur knapp an dem <\/b><a href=\"https:\/\/www.bild.de\/unterhaltung\/stars-und-leute\/filmfestspiele-in-cannes-nackt-verbot-bosse-aendern-die-regeln-6822ea24e2b5b63444690c82\" class=\"text-link\" rel=\"nofollow noopener\" target=\"_blank\"><b>Nacktkleid-Verbot der Cannes-Bosse<\/b><\/a><b> vorbeischlitterte \u2026<\/b><\/p>\n","protected":false},"excerpt":{"rendered":"Es war die strengste Kleiderordnung in der Geschichte der legend\u00e4ren Filmfestspiele von Cannes an der C\u00f4te d\u2019Azur. Bereits&hellip;\n","protected":false},"author":2,"featured_media":118795,"comment_status":"","ping_status":"","sticky":false,"template":"","format":"standard","meta":{"footnotes":""},"categories":[1776],"tags":[20934,1801,29,214,42383,42470,30,2707,1802,42472,45,215],"class_list":{"0":"post-118794","1":"post","2":"type-post","3":"status-publish","4":"format-standard","5":"has-post-thumbnail","7":"category-prominente","8":"tag-cannes","9":"tag-celebrities","10":"tag-deutschland","11":"tag-entertainment","12":"tag-filmfestival-cannes","13":"tag-filmfestivals","14":"tag-germany","15":"tag-promi","16":"tag-prominente","17":"tag-tarantino-quentin","18":"tag-texttospeech","19":"tag-unterhaltung"},"share_on_mastodon":{"url":"https:\/\/pubeurope.com\/@de\/114525512878834774","error":""},"_links":{"self":[{"href":"https:\/\/www.europesays.com\/de\/wp-json\/wp\/v2\/posts\/118794","targetHints":{"allow":["GET"]}}],"collection":[{"href":"https:\/\/www.europesays.com\/de\/wp-json\/wp\/v2\/posts"}],"about":[{"href":"https:\/\/www.europesays.com\/de\/wp-json\/wp\/v2\/types\/post"}],"author":[{"embeddable":true,"href":"https:\/\/www.europesays.com\/de\/wp-json\/wp\/v2\/users\/2"}],"replies":[{"embeddable":true,"href":"https:\/\/www.europesays.com\/de\/wp-json\/wp\/v2\/comments?post=118794"}],"version-history":[{"count":0,"href":"https:\/\/www.europesays.com\/de\/wp-json\/wp\/v2\/posts\/118794\/revisions"}],"wp:featuredmedia":[{"embeddable":true,"href":"https:\/\/www.europesays.com\/de\/wp-json\/wp\/v2\/media\/118795"}],"wp:attachment":[{"href":"https:\/\/www.europesays.com\/de\/wp-json\/wp\/v2\/media?parent=118794"}],"wp:term":[{"taxonomy":"category","embeddable":true,"href":"https:\/\/www.europesays.com\/de\/wp-json\/wp\/v2\/categories?post=118794"},{"taxonomy":"post_tag","embeddable":true,"href":"https:\/\/www.europesays.com\/de\/wp-json\/wp\/v2\/tags?post=118794"}],"curies":[{"name":"wp","href":"https:\/\/api.w.org\/{rel}","templated":true}]}}