{"id":1187956,"date":"2026-07-23T19:26:17","date_gmt":"2026-07-23T19:26:17","guid":{"rendered":"https:\/\/www.europesays.com\/de\/1187956\/"},"modified":"2026-07-23T19:26:17","modified_gmt":"2026-07-23T19:26:17","slug":"nba-und-euroleague-hainer-ueber-allianz-expansion-und-rolle-des-fc-bayern","status":"publish","type":"post","link":"https:\/\/www.europesays.com\/de\/1187956\/","title":{"rendered":"NBA und Euroleague: Hainer \u00fcber Allianz, Expansion und Rolle des FC Bayern"},"content":{"rendered":"<p>Wenn der gro\u00dfe Tag der Hochzeit naht, dann soll alles m\u00f6glichst perfekt sein, kein Makel, keine Unreinheit, strahlender Glanz. Die Braut will ihrem Br\u00e4utigam so gegen\u00fcbertreten, dass er dahinschmilzt vor Leidenschaft und Liebe, dass sein Jawort mit entwaffnender Selbstverst\u00e4ndlichkeit \u00fcber die Lippen kommt. Was das mit Basketball und der <a href=\"https:\/\/www.abendzeitung-muenchen.de\/organisation\/national-basketball-association\/\" rel=\"nofollow noopener\" target=\"_blank\">NBA<\/a> Europe zu tun hat?<\/p>\n<p>Nun ja, wer die Mitteilungen der Euroleague in j\u00fcngster Vergangenheit verfolgt, der stellt fest, dass sie mit einem au\u00dferordentlich positiven Unterton verfasst wurden, hervorhoben, was sich in Europas Top-Basketballliga zum Guten und Besseren entwickelt. Dazu ist von Expansionspl\u00e4nen und der Etablierung neuer Organisationen die Rede.<\/p>\n<p>Summa summarum gewinnt man den Eindruck, dass sich hier eine Braut nach Kr\u00e4ften aufh\u00fcbscht und schick macht, um ihrem m\u00f6glichen Br\u00e4utigam zu gefallen.<\/p>\n<p>Hainer: &#8222;Haben ein Eigeninteresse, dass die NBA und die Euroleague zusammenarbeiten&#8220;<\/p>\n<p>Wird es also zur Eheschlie\u00dfung kommen? Sagt die NBA ja zur Euroleague und umgekehrt? Immer mehr deutet darauf hin. &#8222;Wir haben eine Verpflichtung und ein Eigeninteresse, dass die NBA und die Euroleague zusammenarbeiten&#8220;, sagt <a href=\"https:\/\/www.abendzeitung-muenchen.de\/person\/herbert-hainer\/\" rel=\"nofollow noopener\" target=\"_blank\">Herbert Hainer<\/a> dazu. Der Pr\u00e4sident des <a href=\"https:\/\/www.abendzeitung-muenchen.de\/sport\/fcbayernbasketball\/\" rel=\"nofollow noopener\" target=\"_blank\">FC Bayern Basketball<\/a> ist wie Finanz-Gesch\u00e4ftsf\u00fchrer Adrian Sarmiento im regen Austausch mit beiden Parteien, wenn es darum geht, die beste und tragf\u00e4higste L\u00f6sung f\u00fcr den europ\u00e4ischen Basketball zu finden.<\/p>\n<p>Beiderseitige Alleing\u00e4nge werden nach Hainers Daf\u00fcrhalten nicht zum Erfolg f\u00fchren, darauf pocht der 71-J\u00e4hrige beharrlich. &#8222;Man muss nicht alles auf die Goldwaage legen, was gesagt und geschrieben wurde&#8220;, berichtete Hainer von den j\u00fcngsten Entwicklungen, die \u00f6ffentlich nach Handreichung klangen, aber auch Zwischent\u00f6ne enthielten.<\/p>\n<p>NBA und Euroleague in Gespr\u00e4chen \u2013 kommt das Miteinander?<\/p>\n<p>Der Bayern-Boss schildert, dass NBA und Euroleague in &#8222;sehr intensiven Gespr\u00e4chen sind, das ist auch die zielf\u00fchrendste Richtung. Dann findet man die bestm\u00f6gliche L\u00f6sung f\u00fcr den europ\u00e4ischen Markt.&#8220; Sarmiento dr\u00fcckt es so aus: &#8222;Wir k\u00f6nnen best\u00e4tigen, dass uns beide Seiten ganz klar best\u00e4tigen, dass sie auch miteinander sprechen. Daran besteht kein Zweifel.&#8220;<\/p>\n<p>     <img decoding=\"async\" loading=\"lazy\" src=\"https:\/\/www.abendzeitung-muenchen.de\/storage\/image\/4\/2\/1\/8\/1718124_ger-bmw-top-four-basketball-bbl-pokal-halbfinale-fc-bayern-muenchen-basketb_artikelbild-75proz_1GoC5k_TMKbXJ.jpg\" alt=\"Der SAP Garden im Basketball-Modus \u2013 ein Ambiente, das auch einer NBA Europe gut zu Gesicht stehen w\u00fcrde.\" title=\"Der SAP Garden im Basketball-Modus \u2013 ein Ambiente, das auch einer NBA Europe gut zu Gesicht stehen w\u00fcrde.\" width=\"609\" height=\"406\"\/><\/p>\n<p>      Der SAP Garden im Basketball-Modus \u2013 ein Ambiente, das auch einer NBA Europe gut zu Gesicht stehen w\u00fcrde.<br \/>\n      \u00a9 IMAGO\/Alexander Trienitz<\/p>\n<p>    Der SAP Garden im Basketball-Modus \u2013 ein Ambiente, das auch einer NBA Europe gut zu Gesicht stehen w\u00fcrde.<\/p>\n<p>von IMAGO\/Alexander Trienitz <\/p>\n<p>&#8222;}&#8220;&gt; <\/p>\n<p>Wenn man die Lage nun interpretieren m\u00f6chte, so scheint sich die Einsicht durchgesetzt zu haben, dass beide voneinander profitieren k\u00f6nnen, statt sich mit einer konfrontativen Haltung gegenseitig zu schaden. Hainer, der sowohl mit NBA-Boss Adam Silver als auch dessen Vize Mark Tatum in Kontakt steht, findet: &#8222;Wenn die NBA als die Basketball-Referenz schlechthin nach Europa kommt, dann ist das gut f\u00fcr Europa, \u00fcberhaupt keine Frage. Aber es muss zu Bedingungen stattfinden, die f\u00fcr alle passen.&#8220;<\/p>\n<p>Hainer: &#8222;Wir bringen nochmal etwas ganz anderes ein als ein reiner Basketballklub&#8220;<\/p>\n<p>Auch f\u00fcr den FC Bayern nat\u00fcrlich, der einer der 13 Anteilseigner der Euroleague und gesetzt ist f\u00fcr das neue Projekt, wie auch immer es im vollendeten Stadium aussieht. J\u00fcngsten Ger\u00fcchten zu anderen Interessenten aus M\u00fcnchen hielt Hainer l\u00e4chelnd entgegen: &#8222;Ich gehe davon, dass es ohne den FC Bayern hier keinen wettbewerbsf\u00e4higen Basketball geben wird.&#8220; Zumal dessen Gewicht \u00fcber den Basketball hinausreicht. &#8222;Ein FC Bayern&#8220;, verdeutlicht Hainer, &#8222;ein <a href=\"https:\/\/www.abendzeitung-muenchen.de\/organisation\/real-madrid\/\" rel=\"nofollow noopener\" target=\"_blank\">Real Madrid<\/a>, ein <a href=\"https:\/\/www.abendzeitung-muenchen.de\/organisation\/fc-barcelona\/\" rel=\"nofollow noopener\" target=\"_blank\">FC Barcelona<\/a>, wir bringen nochmal etwas ganz anderes ein in puncto Fanreichweite, Fanenthusiasmus als ein reiner Basketballklub. Das ist auch der NBA klar.&#8220;<\/p>\n<p>Unterm Strich k\u00f6nnten also die Expansionspl\u00e4ne der Euroleague, die Erweiterung auf 24 Teams zur Saison 2027\/28 zu den Standorten passen, die die NBA ins Auge gefasst hat. Das w\u00e4ren gleichwohl dann schon Detailfragen, wenn man sich grunds\u00e4tzlich geeinigt hat. Ob das Label NBA ab 2027 in Europa firmiert oder etwas sp\u00e4ter, sei da nicht entscheidend, so Hainer: &#8222;Silver hat gesagt, das ist nicht die oberste Priorit\u00e4t. Wenn, dann muss es richtig aufgesetzt sein. Da kommt es auf ein Jahr hin oder her nicht an.&#8220;<\/p>\n<p>Braut und Br\u00e4utigam sollten einander erstmal und unbedingt gefallen. Die Einladungen zur Hochzeitsfeier gehen schon rechtzeitig raus.<\/p>\n","protected":false},"excerpt":{"rendered":"Wenn der gro\u00dfe Tag der Hochzeit naht, dann soll alles m\u00f6glichst perfekt sein, kein Makel, keine Unreinheit, strahlender&hellip;\n","protected":false},"author":2,"featured_media":1187957,"comment_status":"","ping_status":"","sticky":false,"template":"","format":"standard","meta":{"footnotes":"","_share_on_mastodon":"0"},"categories":[3933],"tags":[135556,331,332,548,5842,663,158,3934,3935,13919,13,34756,14,15918,111575,15,12],"class_list":["post-1187956","post","type-post","status-publish","format-standard","has-post-thumbnail","category-eu","tag-adam-silver","tag-aktuelle-nachrichten","tag-aktuelle-news","tag-eu","tag-euroleague","tag-europa","tag-europaeische-union","tag-europe","tag-european-union","tag-fc-bayern-basketball","tag-headlines","tag-herbert-hainer","tag-nachrichten","tag-nba","tag-nba-europe","tag-news","tag-schlagzeilen"],"share_on_mastodon":{"url":"","error":""},"_links":{"self":[{"href":"https:\/\/www.europesays.com\/de\/wp-json\/wp\/v2\/posts\/1187956","targetHints":{"allow":["GET"]}}],"collection":[{"href":"https:\/\/www.europesays.com\/de\/wp-json\/wp\/v2\/posts"}],"about":[{"href":"https:\/\/www.europesays.com\/de\/wp-json\/wp\/v2\/types\/post"}],"author":[{"embeddable":true,"href":"https:\/\/www.europesays.com\/de\/wp-json\/wp\/v2\/users\/2"}],"replies":[{"embeddable":true,"href":"https:\/\/www.europesays.com\/de\/wp-json\/wp\/v2\/comments?post=1187956"}],"version-history":[{"count":0,"href":"https:\/\/www.europesays.com\/de\/wp-json\/wp\/v2\/posts\/1187956\/revisions"}],"wp:featuredmedia":[{"embeddable":true,"href":"https:\/\/www.europesays.com\/de\/wp-json\/wp\/v2\/media\/1187957"}],"wp:attachment":[{"href":"https:\/\/www.europesays.com\/de\/wp-json\/wp\/v2\/media?parent=1187956"}],"wp:term":[{"taxonomy":"category","embeddable":true,"href":"https:\/\/www.europesays.com\/de\/wp-json\/wp\/v2\/categories?post=1187956"},{"taxonomy":"post_tag","embeddable":true,"href":"https:\/\/www.europesays.com\/de\/wp-json\/wp\/v2\/tags?post=1187956"}],"curies":[{"name":"wp","href":"https:\/\/api.w.org\/{rel}","templated":true}]}}