{"id":1187973,"date":"2026-07-23T19:35:15","date_gmt":"2026-07-23T19:35:15","guid":{"rendered":"https:\/\/www.europesays.com\/de\/1187973\/"},"modified":"2026-07-23T19:35:15","modified_gmt":"2026-07-23T19:35:15","slug":"deutscher-stirbt-bei-tauchausflug-in-italien-panorama","status":"publish","type":"post","link":"https:\/\/www.europesays.com\/de\/1187973\/","title":{"rendered":"Deutscher stirbt bei Tauchausflug in Italien &#8211; Panorama"},"content":{"rendered":"<p class=\"rhp-dpa-teaser\"><b>Ein Ausflug hinaus aufs Meer, wie so viele jetzt im Sommer. Im Wasser erleidet ein 61 Jahre alter Taucher jedoch einen Schw\u00e4cheanfall. Er wird noch an Land gebracht &#8211; aber zu sp\u00e4t.<\/b><\/p>\n<p>Tropea (dpa) &#8211; Bei einem Tauchausflug vor der s\u00fcditalienischen K\u00fcste ist ein deutscher Urlauber im <a class=\"rtr-entity\" data-rtr-entity=\"Mittelmeer\" data-rtr-id=\"89c2a00b5289eba023c2003ae5d36c6abf74f2f3\" data-rtr-score=\"6.895734597156398\" data-rtr-etype=\"location\" data-rtr-index=\"4\" href=\"https:\/\/www.rheinpfalz.de\/themen\/mittelmeer\" rel=\"nofollow noopener\" target=\"_blank\">Mittelmeer<\/a> ums Leben gekommen. Der 61 Jahre alte Mann erlitt in den Gew\u00e4ssern vor der Stadt Tropea unter Wasser einen Schw\u00e4cheanfall und verlor das Bewusstsein, wie die Rettungsdienste mitteilten. Er wurde an die Wasseroberfl\u00e4che und dann auch an Land gebracht. Alle Hilfe kam jedoch zu sp\u00e4t.<\/p>\n<p>Das Ungl\u00fcck ereignete sich nach diesen Angaben am Donnerstag gegen 16.30 Uhr. Der Taucher sei schnell zur\u00fcck auf das Begleitboot gebracht worden, hie\u00df es. Dort versuchten mehrere \u00c4rzte, die ebenfalls an der Exkursion teilnahmen, ihn wiederzubeleben. Mit einem Hubschrauber wurde er dann in den nahegelegenen Hafen von Tropea geflogen, eine Felsenstadt direkt an der K\u00fcste der Region Kalabrien. Nach weiteren 50 Minuten Wiederbelebungsversuchen gaben die Retter jedoch auf.<\/p>\n<p>Der Deutsche hatte Urlaub in einer Ferienanlage der Gemeinde Simeri Mare gemacht. Von dort aus nahm er an einem der kommerziellen Tauchausfl\u00fcge teil, die in Tropea beginnen. Die Hafenbeh\u00f6rde leitete wie \u00fcblich in solchen F\u00e4llen Ermittlungen ein, um den genauen Hergang des Ungl\u00fccks nachzuvollziehen. Zur Herkunft des Mannes machten die italienischen Beh\u00f6rden zun\u00e4chst keine Angaben.<\/p>\n","protected":false},"excerpt":{"rendered":"Ein Ausflug hinaus aufs Meer, wie so viele jetzt im Sommer. Im Wasser erleidet ein 61 Jahre alter&hellip;\n","protected":false},"author":2,"featured_media":1187974,"comment_status":"","ping_status":"","sticky":false,"template":"","format":"standard","meta":{"footnotes":"","_share_on_mastodon":"0"},"categories":[1837],"tags":[772,3364,29,28196,30,355,4823,700,4338,3783,107152,193712,1163,238971,631,7490],"class_list":["post-1187973","post","type-post","status-publish","format-standard","has-post-thumbnail","category-nuernberg","tag-bayern","tag-de","tag-deutschland","tag-dpaticker","tag-germany","tag-italien","tag-meldung","tag-mittelmeer","tag-notfall","tag-nuernberg","tag-schwaecheanfall","tag-tauchausflug","tag-tourismus","tag-tropea","tag-urlaub","tag-vermischtes"],"share_on_mastodon":{"url":"","error":""},"_links":{"self":[{"href":"https:\/\/www.europesays.com\/de\/wp-json\/wp\/v2\/posts\/1187973","targetHints":{"allow":["GET"]}}],"collection":[{"href":"https:\/\/www.europesays.com\/de\/wp-json\/wp\/v2\/posts"}],"about":[{"href":"https:\/\/www.europesays.com\/de\/wp-json\/wp\/v2\/types\/post"}],"author":[{"embeddable":true,"href":"https:\/\/www.europesays.com\/de\/wp-json\/wp\/v2\/users\/2"}],"replies":[{"embeddable":true,"href":"https:\/\/www.europesays.com\/de\/wp-json\/wp\/v2\/comments?post=1187973"}],"version-history":[{"count":0,"href":"https:\/\/www.europesays.com\/de\/wp-json\/wp\/v2\/posts\/1187973\/revisions"}],"wp:featuredmedia":[{"embeddable":true,"href":"https:\/\/www.europesays.com\/de\/wp-json\/wp\/v2\/media\/1187974"}],"wp:attachment":[{"href":"https:\/\/www.europesays.com\/de\/wp-json\/wp\/v2\/media?parent=1187973"}],"wp:term":[{"taxonomy":"category","embeddable":true,"href":"https:\/\/www.europesays.com\/de\/wp-json\/wp\/v2\/categories?post=1187973"},{"taxonomy":"post_tag","embeddable":true,"href":"https:\/\/www.europesays.com\/de\/wp-json\/wp\/v2\/tags?post=1187973"}],"curies":[{"name":"wp","href":"https:\/\/api.w.org\/{rel}","templated":true}]}}