{"id":1188013,"date":"2026-07-23T20:03:19","date_gmt":"2026-07-23T20:03:19","guid":{"rendered":"https:\/\/www.europesays.com\/de\/1188013\/"},"modified":"2026-07-23T20:03:19","modified_gmt":"2026-07-23T20:03:19","slug":"bundesliga-top-klub-gibt-angebot-fuer-el-mala-ab-wechselt-der-koeln-star-doch-fussball","status":"publish","type":"post","link":"https:\/\/www.europesays.com\/de\/1188013\/","title":{"rendered":"Bundesliga: Top-Klub gibt Angebot f\u00fcr El Mala ab! Wechselt der K\u00f6ln-Star doch? | Fu\u00dfball"},"content":{"rendered":"<p><b>Der BVB sucht Ersatz f\u00fcr seinen abgewanderten Offensiv-Star. Karim Adeyemi (24) hat <\/b><a href=\"https:\/\/sportbild.bild.de\/bundesliga\/vereine\/borussia-dortmund\/home-33283690.sport.html\" class=\"text-link\" rel=\"nofollow noopener\" target=\"_blank\"><b>Dortmund<\/b><\/a><b> den R\u00fccken gekehrt und in Barcelona bis 2031 unterschrieben. Die Borussia-Bosse haben bereits einen Wunschkandidaten f\u00fcr die Nachfolge im Blick \u2013 und der spielt in <\/b><a href=\"https:\/\/sportbild.bild.de\/bundesliga\/vereine\/1-fc-koeln\/home-36649352.sport.html\" class=\"text-link\" rel=\"nofollow noopener\" target=\"_blank\"><b>K\u00f6ln: <\/b><\/a><b>FC-Star Said El Mala (19)!<\/b><\/p>\n<p>Laut \u201eSky\u201c-Bericht soll der BVB 26 Millionen Euro plus 16 Millionen an Boni f\u00fcr El Mala geboten haben. SPORT BILD wei\u00df: Tats\u00e4chlich liegt ein Dortmunder Angebot in K\u00f6ln vor, das jedoch deutlich darunter liegt \u2013 34 Millionen Euro fest plus 6 Millionen Boni. Macht in Summe 40 Millionen Euro, sp\u00fcrbar weniger als die K\u00f6lner Schmerzgrenze von 50 Millionen Euro, ab der ein Verkauf \u00fcberhaupt denkbar w\u00e4re. Ein Wechsel ist damit f\u00fcrs Erste vom Tisch!<\/p>\n<p>Mehr zum Thema<\/p>\n<p>Eines steht dabei aber schon fest: Verl\u00e4sst El Mala den FC irgendwann doch, dann nur Richtung Dortmund. Der Grund sind die kurzen Wege zu seiner Familie.<\/p>\n<p>Kessler: \u201eSaid wird diese Saison f\u00fcr den FC spielen\u201c<\/p>\n<p>Wie geht es f\u00fcr El Mala nun weiter? Beim ersten Training nach der Sommerpause feierten ihn die FC-Fans bereits euphorisch. Sportboss Thomas Kessler (40) machte danach eine klare Ansage: \u201eWir haben die letzten Wochen jetzt \u00f6fter dar\u00fcber gesprochen. Es gab das ein oder andere Angebot, das auch in die \u00d6ffentlichkeit gelangt ist. Aber es hat nachher nicht zum Transfer gef\u00fchrt. Und deswegen bin ich der festen \u00dcberzeugung, dass Said diese Saison f\u00fcr den FC spielen wird.\u201c<\/p>\n<p>Wirbel um Luxus-Villa: Boateng k\u00fcndigt Olise den Mietvertrag<a class=\"anchor video-teaser__anchor\" href=\"https:\/\/sportbild.bild.de\/fussball\/1-bundesliga\/wirbel-um-luxus-villa-boateng-kuendigt-olise-den-mietvertrag-6a622ae826ebb8e13e2eecd8\" rel=\"nofollow noopener\" target=\"_blank\"><img decoding=\"async\" width=\"992\" height=\"558\" alt=\"\" loading=\"lazy\" src=\"https:\/\/www.europesays.com\/de\/wp-content\/uploads\/2026\/07\/5b53f6ab81f62b4fb6729833eef13879,417ddd78.jpeg\"   class=\"landscape teaser__image\"\/><\/a><\/p>\n<p>Quelle: BILD23.07.2026<\/p>\n<p>Der K\u00f6lner Kader-Umbau wurde bewusst so geplant, dass der Klub nicht auf eine Mega-Abl\u00f6se f\u00fcr El Mala angewiesen ist. Stattdessen soll der Offensivspieler fest zur neuen Saison eingeplant werden. Nach SPORT BILD-Informationen k\u00f6nnte einzig ein Mega-Angebot eines internationalen Topklubs die K\u00f6lner Haltung noch kippen oder El Mala selbst zum Umdenken bewegen \u2013 damit rechnet in K\u00f6ln aktuell aber niemand.  <\/p>\n<p>Kessler untermauert seine Aussage: \u201eSaid ist hier, er hat einen langfristigen Vertrag bei uns und ich bin einfach happy, dass er da ist. Wenn man ihn heute auf dem Platz gesehen hat, hat er wieder eine gute Einheit gemacht. Und ich habe ihn vor dem Training noch abfangen k\u00f6nnen. Er wirkt voller Tatendrang. Er freut sich total, hier zu sein. Und wir ganz genauso!\u201c<\/p>\n","protected":false},"excerpt":{"rendered":"Der BVB sucht Ersatz f\u00fcr seinen abgewanderten Offensiv-Star. Karim Adeyemi (24) hat Dortmund den R\u00fccken gekehrt und in&hellip;\n","protected":false},"author":2,"featured_media":1188014,"comment_status":"","ping_status":"","sticky":false,"template":"","format":"standard","meta":{"footnotes":"","_share_on_mastodon":"0"},"categories":[1828],"tags":[623,1263,888,29,538,30,1420,9662,1209,126193,1576,1261,10780],"class_list":["post-1188013","post","type-post","status-publish","format-standard","has-post-thumbnail","category-koeln","tag-1-fc-koeln","tag-aufmacher-bereich","tag-borussia-dortmund","tag-deutschland","tag-erste-bundesliga","tag-germany","tag-koeln","tag-no-sport-app","tag-nordrhein-westfalen","tag-spobi-bundesliga","tag-super-a-teaser","tag-toralarm-top-news","tag-transfercoup"],"share_on_mastodon":{"url":"https:\/\/pubeurope.com\/@de\/116971086590025947","error":""},"_links":{"self":[{"href":"https:\/\/www.europesays.com\/de\/wp-json\/wp\/v2\/posts\/1188013","targetHints":{"allow":["GET"]}}],"collection":[{"href":"https:\/\/www.europesays.com\/de\/wp-json\/wp\/v2\/posts"}],"about":[{"href":"https:\/\/www.europesays.com\/de\/wp-json\/wp\/v2\/types\/post"}],"author":[{"embeddable":true,"href":"https:\/\/www.europesays.com\/de\/wp-json\/wp\/v2\/users\/2"}],"replies":[{"embeddable":true,"href":"https:\/\/www.europesays.com\/de\/wp-json\/wp\/v2\/comments?post=1188013"}],"version-history":[{"count":0,"href":"https:\/\/www.europesays.com\/de\/wp-json\/wp\/v2\/posts\/1188013\/revisions"}],"wp:featuredmedia":[{"embeddable":true,"href":"https:\/\/www.europesays.com\/de\/wp-json\/wp\/v2\/media\/1188014"}],"wp:attachment":[{"href":"https:\/\/www.europesays.com\/de\/wp-json\/wp\/v2\/media?parent=1188013"}],"wp:term":[{"taxonomy":"category","embeddable":true,"href":"https:\/\/www.europesays.com\/de\/wp-json\/wp\/v2\/categories?post=1188013"},{"taxonomy":"post_tag","embeddable":true,"href":"https:\/\/www.europesays.com\/de\/wp-json\/wp\/v2\/tags?post=1188013"}],"curies":[{"name":"wp","href":"https:\/\/api.w.org\/{rel}","templated":true}]}}