{"id":118805,"date":"2025-05-17T22:29:11","date_gmt":"2025-05-17T22:29:11","guid":{"rendered":"https:\/\/www.europesays.com\/de\/118805\/"},"modified":"2025-05-17T22:29:11","modified_gmt":"2025-05-17T22:29:11","slug":"fc-bayern-uli-hoeness-teilt-aus-er-spricht-von-schoenem-mist-und-jeden-furz-sport","status":"publish","type":"post","link":"https:\/\/www.europesays.com\/de\/118805\/","title":{"rendered":"FC Bayern: Uli Hoene\u00df teilt aus \u2013 Er spricht von \u201esch\u00f6nem Mist\u201c und \u201ejeden Furz\u201c | Sport"},"content":{"rendered":"<p><b>Mega-Attacke von Uli Hoene\u00df (73)!<\/b><\/p>\n<p>Der Bayern-Patron holt nach dem 4:0 gegen Hoffenheim am Rande der Bayern-Meisterparty im \u201eZenith\u201c zum Rundumschlag aus, \u00e4u\u00dfert sich zum Ibiza-Trip, Leroy San\u00e9 (29) und der Zukunft von Florian Wirtz (22). Bei seiner Kritik hat er es besonders auf die Medien abgesehen. <\/p>\n<p>Die Berichterstattung zur Ibiza-Reise gefiel ihm offenbar gar nicht!<\/p>\n<p><b>Hoene\u00df zu BILD: \u201eJa, das sind so Dinge, die so typisch sind f\u00fcr den Zustand unserer Medien, dass sie so einen Schwachsinn wie so eine kleine Reise so wichtig nehmen. Es geht gar nicht mehr um Fu\u00dfball, es geht nur um jeden Furz links und rechts daneben! Und dann m\u00fcsst ihr euch mal hinterfragen, ob das noch das ist, was die Zuschauer h\u00f6ren, lesen und sehen wollen.\u201c<\/b><\/p>\n<p>Meisterlicher Auftritt: Olise-Show bei M\u00fcllers Bundesliga-Abschied<a href=\"https:\/\/www.bild.de\/sport\/fussball\/bayern-highlights-olise-show-bei-muellers-bundesliga-abschied-6825b0eef55c83463530590d\" class=\"anchor\" rel=\"nofollow noopener\" target=\"_blank\"><img decoding=\"async\" width=\"992\" height=\"558\" alt=\"Bayern-Highlights: Olise-Show bei M\u00fcllers Bundesliga-Abschied\" src=\"https:\/\/www.europesays.com\/de\/wp-content\/uploads\/2025\/05\/7c1edb3eab044323bdddb70ea68a7d96-landscape,e9ebcbdd\"   class=\"landscape teaser__image\" loading=\"lazy\"\/><\/a><\/p>\n<p>Quelle: Bild17.05.2025<\/p>\n<p><b>Hintergrund: <\/b>14 Stars des deutschen Rekordmeisters feierten die 34. Meisterschaft zwei Tage lang auf der beliebten Balearen-Insel Ibiza im Beach Club \u201eBlue Marlin\u201c und in der In-Disko \u201ePacha\u201c. Unter anderem dabei waren Manuel Neuer (39), Thomas M\u00fcller (35), Harry Kane (31) und Joshua Kimmich (30)! Daf\u00fcr gab es u.\u00a0a. von Mainz-Boss Heidel Kritik. <\/p>\n<p>In der Liga hatte der Trip f\u00fcr gro\u00dfe Diskussionen gesorgt. Hoffenheim h\u00e4tte theoretisch noch auf den Relegationsrang abrutschen k\u00f6nnen, h\u00e4tte Heidenheim gegen Werder gewonnen.<\/p>\n<p>Lesen Sie auch<\/p>\n<p><b>Au\u00dferdem spricht Hoene\u00df \u00fcber einen m\u00f6glichen Bayern-Abschied von San\u00e9. BILD und Sky hatten am Freitag berichtet, dass der deutsche Nationalspieler das Vertragsangebot des FC Bayern ablehnt.<\/b><\/p>\n<p>Hoene\u00df redet sich so richtig in Rage: \u201eHat er schon Nein gesagt? Warum macht ihr immer so Spekulationen? Er hat uns nicht mitgeteilt, dass er weggeht. Ihr m\u00fcsst alle miteinander lernen, dass Entscheidungen erst diskutiert werden, wenn sie getroffen sind. Uns hat niemand gesagt, dass er weggeht und wenn er weggeht, dann wollen wir dazu was sagen.\u201c<\/p>\n<p>Was Hoene\u00df noch nicht wusste: <a href=\"https:\/\/www.bild.de\/sport\/fussball\/fc-bayern-max-eberl-verraet-leroy-sane-hat-vertragsangebot-abgelehnt-6828b35884e3037fe68bed56\" class=\"text-link\" rel=\"nofollow noopener\" target=\"_blank\">Nach dem Sieg gegen Hoffenheim hatte Sportvorstand Max Eberl (51) den BILD-Bericht bereits best\u00e4tigt.<\/a> <\/p>\n<p><b>Zudem geht es auch um Wirtz. BILD berichtete exklusiv, dass sich der Nationalspieler und der FC Bayern einig sind. <\/b><\/p>\n<p><img decoding=\"async\" width=\"992\" height=\"661\" alt=\"DFB-Star Florian Wirtz (22) machte am Samstag sein letztes Spiel f\u00fcr Leverkusen\" src=\"https:\/\/www.europesays.com\/de\/wp-content\/uploads\/2025\/05\/1044f27ebb20190e87ecad1a48f8d3d4,8ccde0bd\"   class=\"dynamic\" loading=\"lazy\"\/><\/p>\n<p class=\"fig__caption__text\">DFB-Star Florian Wirtz (22) machte am Samstag wom\u00f6glich sein letztes Spiel f\u00fcr Leverkusen<\/p>\n<p>Foto: Bayer 04 Leverkusen via Getty Images<\/p>\n<p><b>Hoene\u00df:<\/b> \u201eWas soll ich Ihnen jetzt sagen? Ihr habt doch jetzt wochenlang sch\u00f6nen Mist geschrieben, er geht zu Manchester City, dabei war er in Liverpool. Wir versorgen euch irgendwann mit Fakten und nicht mit weiteren Spekulationen!\u201c<\/p>\n<p><b>Generell kommen Hoene\u00df die Bayern zu schlecht weg: \u201eWenn man aber die Medien der letzten Wochen oder \u00fcberhaupt \u00fcber das ganze Jahr verfolgt hat, hat man immer das Gef\u00fchl gehabt, Bayern spielt eine ganz schwache Saison, wir sind im Abstiegskampf. So souver\u00e4n haben wir selten eine Meisterschaft gewonnen wie dieses Jahr.\u201c<\/b><\/p>\n","protected":false},"excerpt":{"rendered":"Mega-Attacke von Uli Hoene\u00df (73)! Der Bayern-Patron holt nach dem 4:0 gegen Hoffenheim am Rande der Bayern-Meisterparty im&hellip;\n","protected":false},"author":2,"featured_media":118806,"comment_status":"","ping_status":"","sticky":false,"template":"","format":"standard","meta":{"footnotes":""},"categories":[136],"tags":[1263,29,14490,538,458,347,30,14491,8845,265,1470,1576,45,1261],"class_list":{"0":"post-118805","1":"post","2":"type-post","3":"status-publish","4":"format-standard","5":"has-post-thumbnail","7":"category-sport","8":"tag-aufmacher-bereich","9":"tag-deutschland","10":"tag-eberl-max","11":"tag-erste-bundesliga","12":"tag-fc-bayern-muenchen","13":"tag-fussball","14":"tag-germany","15":"tag-hoeness-uli","16":"tag-mueller-thomas","17":"tag-sport","18":"tag-sport-leuchtturm-muenchen","19":"tag-super-a-teaser","20":"tag-texttospeech","21":"tag-toralarm-top-news"},"share_on_mastodon":{"url":"https:\/\/pubeurope.com\/@de\/114525540433077792","error":""},"_links":{"self":[{"href":"https:\/\/www.europesays.com\/de\/wp-json\/wp\/v2\/posts\/118805","targetHints":{"allow":["GET"]}}],"collection":[{"href":"https:\/\/www.europesays.com\/de\/wp-json\/wp\/v2\/posts"}],"about":[{"href":"https:\/\/www.europesays.com\/de\/wp-json\/wp\/v2\/types\/post"}],"author":[{"embeddable":true,"href":"https:\/\/www.europesays.com\/de\/wp-json\/wp\/v2\/users\/2"}],"replies":[{"embeddable":true,"href":"https:\/\/www.europesays.com\/de\/wp-json\/wp\/v2\/comments?post=118805"}],"version-history":[{"count":0,"href":"https:\/\/www.europesays.com\/de\/wp-json\/wp\/v2\/posts\/118805\/revisions"}],"wp:featuredmedia":[{"embeddable":true,"href":"https:\/\/www.europesays.com\/de\/wp-json\/wp\/v2\/media\/118806"}],"wp:attachment":[{"href":"https:\/\/www.europesays.com\/de\/wp-json\/wp\/v2\/media?parent=118805"}],"wp:term":[{"taxonomy":"category","embeddable":true,"href":"https:\/\/www.europesays.com\/de\/wp-json\/wp\/v2\/categories?post=118805"},{"taxonomy":"post_tag","embeddable":true,"href":"https:\/\/www.europesays.com\/de\/wp-json\/wp\/v2\/tags?post=118805"}],"curies":[{"name":"wp","href":"https:\/\/api.w.org\/{rel}","templated":true}]}}