{"id":118815,"date":"2025-05-17T22:34:18","date_gmt":"2025-05-17T22:34:18","guid":{"rendered":"https:\/\/www.europesays.com\/de\/118815\/"},"modified":"2025-05-17T22:34:18","modified_gmt":"2025-05-17T22:34:18","slug":"rechtextremisten-reisen-trotz-verbots-nach-italien","status":"publish","type":"post","link":"https:\/\/www.europesays.com\/de\/118815\/","title":{"rendered":"Rechtextremisten reisen trotz Verbots nach Italien"},"content":{"rendered":"<p>Auto statt Flugzeug <\/p>\n<p>Rechtextremisten reisen trotz Verbots nach Italien<\/p>\n<p>17.05.2025 &#8211; 16:33 UhrLesedauer: 2 Min.<\/p>\n<p><a href=\"#focus-0\" class=\"transition-colors duration-200 focus-within:text-magenta block text-current relative\" data-sctrack=\"FocusGalleryImage.Reference\"><img fetchpriority=\"high\" data-testid=\"Opener.Image\" style=\"--lqipURL:url('https:\/\/images.t-online.de\/2025\/05\/0PHkH4LhaXdM\/0x209:4000x2250\/fit-in\/150x0\/filters:blur(25)\/grenzkontrolle-bei-der-einreise-nach-deutschland-trotz-ausreiseverbots-reiste-eine-gruppe-rechtsextremisten-nach-italien.jpg')\"   loading=\"eager\" src=\"https:\/\/www.europesays.com\/de\/wp-content\/uploads\/2025\/05\/grenzkontrolle-bei-der-einreise-nach-deutschland-trotz-ausreiseverbots-reiste-eine-gruppe-rechtsextr.jpeg\" alt=\"Grenzkontrolle bei der Einreise nach Deutschland: Trotz Ausreiseverbots reiste eine Gruppe Rechtsextremisten nach Italien.\" title=\"Grenzkontrolle bei der Einreise nach Deutschland: Trotz Ausreiseverbots reiste eine Gruppe Rechtsextremisten nach Italien.\" width=\"4000\" height=\"2250\" class=\"bg-[url:var(--lqipURL)] bg-cover bg-center flex w-full max-w-full h-full\" decoding=\"async\"\/><img style=\"--width:32;--height:32\" loading=\"lazy\" src=\"https:\/\/www.europesays.com\/de\/wp-content\/uploads\/2025\/05\/zoom-in.f7dae02f.svg.svg+xml\" alt=\"Vergr\u00f6\u00dfern des Bildes\" title=\"Vergr\u00f6\u00dfern des Bildes\" class=\"&#10;        block&#10;        h-[calc(var(--height)_\/_16_*_1rem)]&#10;        w-[calc(var(--width)_\/_16_*_1rem)]&#10;        max-w-none&#10;        absolute bottom-8 right-8 rounded-4 bg-snow p-8\" decoding=\"async\"\/><\/a><\/p>\n<p>Grenzkontrolle bei der Einreise nach Deutschland: Trotz Ausreiseverbots reiste eine Gruppe Rechtsextremisten nach Italien. (Quelle: Frank H\u00f6rmann\/Sven Simon\/imago-images-bilder)<\/p>\n<p class=\"font-bold text-18 leading-17\">Sie waren am M\u00fcnchner Flughafen an der Ausreise gehindert worden. Eine Gruppe deutscher Rechtsextremisten ist trotz Verbots zu einem Treffen nach Italien gereist.<\/p>\n<p class=\"text-18 leading-17\">Eine Gruppe der &#8222;Identit\u00e4ren Bewegung&#8220; ist trotz eines Ausreiseverbots nach <a class=\"transition-colors duration-200 cursor-pointer text-inherit no-underline text-salemsfur md:hover:text-magenta md:hover:border-magenta md:focus:text-magenta border-current border-b border-solid break-words\" href=\"https:\/\/www.t-online.de\/themen\/italien\/\" data-sctrack=\"BodyAnchor\" rel=\"nofollow noopener\" target=\"_blank\">Italien<\/a> zu einem Vernetzungstreffen europ\u00e4ischer Gleichgesinnter gereist. Am Donnerstagabend hatte die Bundespolizei am <a class=\"transition-colors duration-200 cursor-pointer text-inherit no-underline text-salemsfur md:hover:text-magenta md:hover:border-magenta md:focus:text-magenta border-current border-b border-solid break-words\" href=\"https:\/\/www.t-online.de\/themen\/flughafen-muenchen\/\" data-sctrack=\"BodyAnchor\" rel=\"nofollow noopener\" target=\"_blank\">Flughafen M\u00fcnchen<\/a> sechs M\u00e4nner und zwei Frauen \u00fcber mehrere Stunden festgehalten und befragt. Die acht Personen wollten mit einem Linienflugzeug nach Italien reisen. Gegen sie war eine Ausreisesperre nach Italien, <a class=\"transition-colors duration-200 cursor-pointer text-inherit no-underline text-salemsfur md:hover:text-magenta md:hover:border-magenta md:focus:text-magenta border-current border-b border-solid break-words\" href=\"https:\/\/www.t-online.de\/themen\/oesterreich\/\" data-sctrack=\"BodyAnchor\" rel=\"nofollow noopener\" target=\"_blank\">\u00d6sterreich<\/a> und in die Schweiz angeordnet, die bis Samstagabend gelten sollte (<a class=\"transition-colors duration-200 cursor-pointer text-inherit no-underline text-salemsfur md:hover:text-magenta md:hover:border-magenta md:focus:text-magenta border-current border-b border-solid break-words\" href=\"https:\/\/www.t-online.de\/nachrichten\/panorama\/kriminalitaet\/id_100726320\/muenchen-rechtsextremisten-duerfen-nicht-nach-italien.html\" data-sctrack=\"BodyAnchor\" rel=\"nofollow noopener\" target=\"_blank\">t-online berichtete<\/a>).<\/p>\n<p class=\"text-18 leading-17\">Damit sollte offenbar die Teilnahme der Gruppe an einem &#8222;Remigrations&#8220;-Gipfel in <a class=\"transition-colors duration-200 cursor-pointer text-inherit no-underline text-salemsfur md:hover:text-magenta md:hover:border-magenta md:focus:text-magenta border-current border-b border-solid break-words\" href=\"https:\/\/www.t-online.de\/themen\/mailand\/\" data-sctrack=\"BodyAnchor\" rel=\"nofollow noopener\" target=\"_blank\">Mailand<\/a> verhindert werden. Von diesem Treffen verbreiteten Teilnehmer und der Veranstalter aber am Samstag Fotos von einigen der gestoppten Aktivisten auf der B\u00fchne bei dem Treffen. Zwei von ihnen standen in Lederhose und mit T-Shirt der &#8222;Identit\u00e4ren Bewegung Bayern&#8220; neben Martin Sellner, Galionsfigur der Identit\u00e4ren Bewegung.<\/p>\n<p class=\"text-18 leading-17\">Sellner ist ein Hauptredner der Veranstaltung in Mailand und arbeitet seit Jahren daran, den Begriff Remigration zum Schlagwort zu machen. Es ist in der Wissenschaft der neutrale Begriff f\u00fcr R\u00fcckwanderung von Menschen in ein Land, in dem sie Wurzeln haben. F\u00fcr Sellner, Identit\u00e4re und Teile der <a class=\"transition-colors duration-200 cursor-pointer text-inherit no-underline text-salemsfur md:hover:text-magenta md:hover:border-magenta md:focus:text-magenta border-current border-b border-solid break-words\" href=\"https:\/\/www.t-online.de\/themen\/alternative-fuer-deutschland\/\" data-sctrack=\"BodyAnchor\" rel=\"nofollow noopener\" target=\"_blank\">AfD<\/a> ist es ein Programm f\u00fcr massenhafte Vertreibung von Menschen.<\/p>\n<p class=\"text-18 leading-17\">Die Konsequenzen der Ausreise sind noch unklar. Die Italienfahrer k\u00f6nnten gegen die Meldeauflage versto\u00dfen haben, t\u00e4glich zwischen 17 und 20 Uhr auf einer Polizeistation in <a class=\"transition-colors duration-200 cursor-pointer text-inherit no-underline text-salemsfur md:hover:text-magenta md:hover:border-magenta md:focus:text-magenta border-current border-b border-solid break-words\" href=\"https:\/\/www.t-online.de\/region\/bayern\/\" data-sctrack=\"BodyAnchor\" rel=\"nofollow noopener\" target=\"_blank\">Bayern<\/a> zu erscheinen. Das Passgesetz, das Grundlage f\u00fcr das Ausreiseverbot war, kennt auch einen Straftatbestand, wenn jemand trotz bestehenden Verbots \u00fcber eine Auslandsgrenze ausreist. Darauf steht eine Freiheitsstrafe von bis zu einem Jahr. Gegen einen Teil der Reisenden laufen ohnehin noch Strafverfahren im Zusammenhang mit einem Auftritt teils vermummt an einem Fl\u00fcchtlingsheim, einer wird in Zusammenhang gebracht mit einem Raub. Dabei ging es offenbar um eine t\u00fcrkische Fahne.<\/p>\n<p class=\"text-18 leading-17\">Die Gruppe hatte am Freitag noch versucht, per Eilantrag die Anordnung zu kippen und doch legal nach Italien reisen zu k\u00f6nnen. Das Verwaltungsgericht <a rel=\"nofollow noopener\" target=\"_blank\" class=\"transition-colors duration-200 cursor-pointer text-inherit no-underline text-salemsfur md:hover:text-magenta md:hover:border-magenta md:focus:text-magenta border-current border-b border-solid break-words\" href=\"https:\/\/muenchen.t-online.de\/region\/muenchen\/\" data-sctrack=\"BodyAnchor\">M\u00fcnchen<\/a> hatte das aber zur\u00fcckgewiesen und auf ein Hauptsacheverfahren verwiesen. Nach Ansicht des Gerichts war das Ausreiseverbot nicht klar ungeeignet f\u00fcr das Ziel, damit Schaden f\u00fcr das Ansehen der Bundesrepublik Deutschland abzuwenden.<\/p>\n<p class=\"text-18 leading-17\">Das Ausreiseverbot war mit dem Argument begr\u00fcndet worden, die deutschen Rechtsextremisten trieben die transnationale Vernetzung der rechtsextremistischen Szene voran und w\u00fcrden aktiv f\u00fcr menschenverachtende Ideologie werben. Das berge die Gefahr f\u00fcr die Radikalisierung weiterer Personen und Erschlie\u00dfung finanzieller Mittel. Das Verwaltungsgericht war dem Anwalt der Identit\u00e4ren zufolge dem Argument gefolgt, internationales Ansehen und die Glaubw\u00fcrdigkeit der Bundesrepublik Deutschland k\u00f6nnten erheblichen Schaden erleiden. Das sei m\u00f6glich, &#8222;wenn der Eindruck entst\u00fcnde, es w\u00fcrde nicht versucht, den Neonazismus, insbesondere grenz\u00fcberschreitend, zu unterbinden&#8220;.<\/p>\n<p class=\"text-18 leading-17\">Die Identit\u00e4ren triumphierten auf dem Netzwerk X, die Grenzen seien offen, nachdem sie offenbar bei der Ausreise auf dem Landweg nicht kontrolliert wurden. Martin Sellner war in der Vergangenheit bei der Einreise nach Deutschland gestoppt worden.<\/p>\n","protected":false},"excerpt":{"rendered":"Auto statt Flugzeug Rechtextremisten reisen trotz Verbots nach Italien 17.05.2025 &#8211; 16:33 UhrLesedauer: 2 Min. Grenzkontrolle bei der&hellip;\n","protected":false},"author":2,"featured_media":118816,"comment_status":"","ping_status":"","sticky":false,"template":"","format":"standard","meta":{"footnotes":""},"categories":[2],"tags":[9170,44912,513,772,421,29,4039,10647,30,8014,13,3392,355,12305,44909,14,15,1433,27123,12,293,226,10,8,9,11,857,45411],"class_list":{"0":"post-118815","1":"post","2":"type-post","3":"status-publish","4":"format-standard","5":"has-post-thumbnail","7":"category-deutschland","8":"tag-ausreise","9":"tag-ausreiseverbot","10":"tag-auto","11":"tag-bayern","12":"tag-bundespolizei","13":"tag-deutschland","14":"tag-einreise","15":"tag-flughafen-muenchen","16":"tag-germany","17":"tag-grenzkontrolle","18":"tag-headlines","19":"tag-identitaere-bewegung","20":"tag-italien","21":"tag-mailand","22":"tag-martin-sellner","23":"tag-nachrichten","24":"tag-news","25":"tag-oesterreich","26":"tag-rechtsextremisten","27":"tag-schlagzeilen","28":"tag-schweiz","29":"tag-t-online","30":"tag-top-news","31":"tag-top-meldungen","32":"tag-topmeldungen","33":"tag-topnews","34":"tag-verbot","35":"tag-vernetzungstreffen"},"share_on_mastodon":{"url":"https:\/\/pubeurope.com\/@de\/114525560437778469","error":""},"_links":{"self":[{"href":"https:\/\/www.europesays.com\/de\/wp-json\/wp\/v2\/posts\/118815","targetHints":{"allow":["GET"]}}],"collection":[{"href":"https:\/\/www.europesays.com\/de\/wp-json\/wp\/v2\/posts"}],"about":[{"href":"https:\/\/www.europesays.com\/de\/wp-json\/wp\/v2\/types\/post"}],"author":[{"embeddable":true,"href":"https:\/\/www.europesays.com\/de\/wp-json\/wp\/v2\/users\/2"}],"replies":[{"embeddable":true,"href":"https:\/\/www.europesays.com\/de\/wp-json\/wp\/v2\/comments?post=118815"}],"version-history":[{"count":0,"href":"https:\/\/www.europesays.com\/de\/wp-json\/wp\/v2\/posts\/118815\/revisions"}],"wp:featuredmedia":[{"embeddable":true,"href":"https:\/\/www.europesays.com\/de\/wp-json\/wp\/v2\/media\/118816"}],"wp:attachment":[{"href":"https:\/\/www.europesays.com\/de\/wp-json\/wp\/v2\/media?parent=118815"}],"wp:term":[{"taxonomy":"category","embeddable":true,"href":"https:\/\/www.europesays.com\/de\/wp-json\/wp\/v2\/categories?post=118815"},{"taxonomy":"post_tag","embeddable":true,"href":"https:\/\/www.europesays.com\/de\/wp-json\/wp\/v2\/tags?post=118815"}],"curies":[{"name":"wp","href":"https:\/\/api.w.org\/{rel}","templated":true}]}}