{"id":118834,"date":"2025-05-17T22:45:11","date_gmt":"2025-05-17T22:45:11","guid":{"rendered":"https:\/\/www.europesays.com\/de\/118834\/"},"modified":"2025-05-17T22:45:11","modified_gmt":"2025-05-17T22:45:11","slug":"mannheim-amtsblatt-wirbt-fuer-bildungsreise-zu-swingerclub-regional","status":"publish","type":"post","link":"https:\/\/www.europesays.com\/de\/118834\/","title":{"rendered":"Mannheim: Amtsblatt wirbt f\u00fcr Bildungsreise zu Swingerclub | Regional"},"content":{"rendered":"<p>Mannheim (Baden-W\u00fcrttemberg) \u2013 <b>In den Amtsbl\u00e4ttern deutscher Gemeinden stehen in der Regel trockene Verlautbarungen und all die Informationen, die eine Beh\u00f6rde ver\u00f6ffentlichen muss. Ob sie gelesen werden oder nicht. In diesem Fall dachten wohl viele an einen schr\u00e4gen Scherz \u2026<\/b><\/p>\n<p>Julien Ferrat (33) ist Gemeinderat einer 1-Mann-Wahlvereinigung in Mannheim (<a href=\"https:\/\/www.bild.de\/regional\/baden-wuerttemberg\/home-aK1F2gtJlD2xs4m3tWkn\" class=\"text-link\" target=\"_blank\" rel=\"noopener\">Baden-W\u00fcrttemberg<\/a>) und hat im \u00f6rtlichen Gemeindeblatt zu einer Bildungsreise im August eingeladen: ins Swinger-Resort Cap d\u2019Agde an der franz\u00f6sischen Mittelmeerk\u00fcste.<\/p>\n<p>\u201eAndere Politiker laden nach Berlin oder Br\u00fcssel ein\u201c<img decoding=\"async\" width=\"992\" height=\"558\" alt=\"Neujahrsfeier im Nudisten-Camp von Cap d'Agde\" src=\"https:\/\/www.europesays.com\/de\/wp-content\/uploads\/2025\/05\/2886e4da430eadf8047e63ac61cc774e,bf459bb5\"   class=\"landscape\" loading=\"lazy\"\/><\/p>\n<p class=\"fig__caption__text\">Neujahrsfeier im Nudisten-Camp von Cap d\u2019Agde<\/p>\n<p>Foto: SYLVAIN THOMAS\/AFP<\/p>\n<p><b>\u201eIch bin Teil der <\/b><a href=\"https:\/\/www.bild.de\/themen\/organisationen\/swingerclub\/nachrichten-news-erotik-fotos-videos-22752354.bild.html\" class=\"text-link\" target=\"_blank\" rel=\"noopener\"><b>Swinger-Community<\/b><\/a><b>\u201c, sagt der Gemeinderat gegen\u00fcber BILD. <\/b><\/p>\n<p>\u201eAndere Politiker laden zu Reisen in den <a href=\"https:\/\/www.bild.de\/themen\/orte\/deutscher-bundestag\/nachrichten-news-fotos-videos-SKFoY9SLoW4VnOsaPXrD\" class=\"text-link\" target=\"_blank\" rel=\"noopener\">Bundestag<\/a> oder ins Europ\u00e4ische Parlament ein. Cap d\u2019Agde ist aus der Sicht der Stadtentwicklung hochinteressant. Das ist komplett auf dem Rei\u00dfbrett entstanden. Die Bewohner dort haben eine lohnende Nische im Tourismus gefunden.\u201c<\/p>\n<p><b>In dem Beitrag zeigt sich Ferrat nackt an einem Strand, nur mit einem Schild \u201eDie Mannheimer im Gemeinderat\u201c bedeckt. Er wirbt f\u00fcr einen \u201eunvergesslichen FKK-Swinger-<\/b><a href=\"https:\/\/www.bild.de\/themen\/specials\/urlaub\/reise-news-fotos-videos-17008080.bild.html?t_ref=https%253A%252F%252Fwww.google.com%252F\" class=\"text-link\" target=\"_blank\" rel=\"noopener\"><b>Urlaub<\/b><\/a><b>.\u201c<\/b><\/p>\n<p>Bei vielen Anmeldungen will Ferrat einen Bus organisieren<\/p>\n<p>Der Sozialwissenschaftler und Online-H\u00e4ndler zu BILD: \u201eDie <a href=\"https:\/\/www.bild.de\/reise\/startseite\/aktivurlaub\/reise-15478744.bild.html\" class=\"text-link\" target=\"_blank\" rel=\"noopener\">Reise<\/a> zahlt jeder selbst, wenn sich genug Interessierte bei mir melden, k\u00f6nnte ich auch einen Bus organisieren.\u201c<\/p>\n<p><img decoding=\"async\" width=\"992\" height=\"558\" alt=\"Das Amtsblatt ist sonst bekannt f\u00fcr offizielle Nachrichten der Parteien und Beh\u00f6rden\" src=\"https:\/\/www.europesays.com\/de\/wp-content\/uploads\/2025\/05\/d94933e302be277c65d6daa0f27e5570,f9e5fb60\"   class=\"landscape\" loading=\"lazy\"\/><\/p>\n<p class=\"fig__caption__text\">Das Amtsblatt ist sonst bekannt f\u00fcr offizielle Nachrichten der Parteien und Beh\u00f6rden<\/p>\n<p>Foto: Uwe Anspach\/dpa<\/p>\n<p><b>Die \u201eBildungsreise\u201c sorgt f\u00fcr Zoff im Mannheimer Stadtparlament. \u201eHirnverbrannt\u201c nennt die <\/b><a href=\"https:\/\/www.bild.de\/politik\/inland\/cdu\/cdu-csu-alle-infos-76661590.bild.html\" class=\"text-link\" target=\"_blank\" rel=\"noopener\"><b>CDU<\/b><\/a><b> den Aufruf. \u201eEs ist einfach nur zum Fremdsch\u00e4men\u201c, sagt CDU-Kreisvorsitzender Christian H\u00f6tting (49).<\/b><\/p>\n<p>Besuche in mehreren Swingerclubs geplant<\/p>\n<p>Neben der Strand-Visite plant Ferrat mit seiner Mannheimer Delegation auch Besuche in einigen der sechs Swinger- und BDSM-Clubs und Gespr\u00e4che mit Tourismus-Funktion\u00e4ren und <a href=\"https:\/\/www.bild.de\/themen\/organisationen\/hotels\/news-fotos-videos-17019924.bild.html\" class=\"text-link\" target=\"_blank\" rel=\"noopener\">Hoteliers<\/a>.<\/p>\n<p><b>Es ist nicht das erste Mal, dass der Gemeinderat im Amtsblatt die H\u00fcllen fallen l\u00e4sst. 2018 lud er zu einer <\/b><a href=\"https:\/\/www.bild.de\/video\/clip\/fkk\/hier-laedt-ein-stadtrat-zur-nackt-sprechstunde-mannheim-fkk-strand-57111130.bild.html\" class=\"text-link\" target=\"_blank\" rel=\"noopener\"><b>Nackt-B\u00fcrgersprechstunde<\/b><\/a><b> ein.<\/b><\/p>\n<p>Wie er es mit diesem Skandal ins biedere Amtsblatt geschafft hat? Die Stadtverwaltung verweist auf die parteipolitische Neutralit\u00e4t, Beitr\u00e4ge werden nur abgelehnt, wenn sie ehrverletzend sind oder L\u00fcgen verbreiten.<\/p>\n<p>Lesen Sie auch<\/p>\n<p><b>Gegen\u00fcber BILD zeigt sich Ferrat seine besondere B\u00fcrgern\u00e4he: \u201eIch habe in der Anlage eine <\/b><a href=\"https:\/\/www.bild.de\/themen\/specials\/fkk\/reisen-und-veranstaltungender-freikoerperkultur-16907460.bild.html\" class=\"text-link\" target=\"_blank\" rel=\"noopener\"><b>FKK<\/b><\/a><b>-H\u00fctte gemietet, da passen bis zu 10 Personen rein. Wer will, kann auch dort wohnen.\u201c<\/b><\/p>\n","protected":false},"excerpt":{"rendered":"Mannheim (Baden-W\u00fcrttemberg) \u2013 In den Amtsbl\u00e4ttern deutscher Gemeinden stehen in der Regel trockene Verlautbarungen und all die Informationen,&hellip;\n","protected":false},"author":2,"featured_media":118835,"comment_status":"","ping_status":"","sticky":false,"template":"","format":"standard","meta":{"footnotes":""},"categories":[1845],"tags":[1634,7443,3364,29,548,663,3934,37885,45412,30,13,5035,45415,2096,14,45413,15,5566,15151,12,1108,27877,45414,45],"class_list":{"0":"post-118834","1":"post","2":"type-post","3":"status-publish","4":"format-standard","5":"has-post-thumbnail","7":"category-mannheim","8":"tag-baden-wuerttemberg","9":"tag-behoerden","10":"tag-de","11":"tag-deutschland","12":"tag-eu","13":"tag-europa","14":"tag-europe","15":"tag-fkk","16":"tag-fkk-urlaub","17":"tag-germany","18":"tag-headlines","19":"tag-kohlmaier-hannes","20":"tag-kommunalbehoerden","21":"tag-mannheim","22":"tag-nachrichten","23":"tag-nacktbaden","24":"tag-news","25":"tag-parteien","26":"tag-politiker","27":"tag-schlagzeilen","28":"tag-stadtrat","29":"tag-swinger","30":"tag-swingerclub","31":"tag-texttospeech"},"share_on_mastodon":{"url":"https:\/\/pubeurope.com\/@de\/114525603355438644","error":""},"_links":{"self":[{"href":"https:\/\/www.europesays.com\/de\/wp-json\/wp\/v2\/posts\/118834","targetHints":{"allow":["GET"]}}],"collection":[{"href":"https:\/\/www.europesays.com\/de\/wp-json\/wp\/v2\/posts"}],"about":[{"href":"https:\/\/www.europesays.com\/de\/wp-json\/wp\/v2\/types\/post"}],"author":[{"embeddable":true,"href":"https:\/\/www.europesays.com\/de\/wp-json\/wp\/v2\/users\/2"}],"replies":[{"embeddable":true,"href":"https:\/\/www.europesays.com\/de\/wp-json\/wp\/v2\/comments?post=118834"}],"version-history":[{"count":0,"href":"https:\/\/www.europesays.com\/de\/wp-json\/wp\/v2\/posts\/118834\/revisions"}],"wp:featuredmedia":[{"embeddable":true,"href":"https:\/\/www.europesays.com\/de\/wp-json\/wp\/v2\/media\/118835"}],"wp:attachment":[{"href":"https:\/\/www.europesays.com\/de\/wp-json\/wp\/v2\/media?parent=118834"}],"wp:term":[{"taxonomy":"category","embeddable":true,"href":"https:\/\/www.europesays.com\/de\/wp-json\/wp\/v2\/categories?post=118834"},{"taxonomy":"post_tag","embeddable":true,"href":"https:\/\/www.europesays.com\/de\/wp-json\/wp\/v2\/tags?post=118834"}],"curies":[{"name":"wp","href":"https:\/\/api.w.org\/{rel}","templated":true}]}}