{"id":1188487,"date":"2026-07-24T01:00:26","date_gmt":"2026-07-24T01:00:26","guid":{"rendered":"https:\/\/www.europesays.com\/de\/1188487\/"},"modified":"2026-07-24T01:00:26","modified_gmt":"2026-07-24T01:00:26","slug":"motiv-hass-auf-demokraten-moerder-von-us-politikerin-hortman-kommt-lebenslang-in-haft","status":"publish","type":"post","link":"https:\/\/www.europesays.com\/de\/1188487\/","title":{"rendered":"Motiv: Hass auf Demokraten: M\u00f6rder von US-Politikerin Hortman kommt lebenslang in Haft"},"content":{"rendered":"<p>Motiv: Hass auf DemokratenM\u00f6rder von US-Politikerin Hortman kommt lebenslang in Haft<\/p>\n<p>23.07.2026, 23:07 Uhr <\/p>\n<p>Artikel anh\u00f6ren(02:27 min)<\/p>\n<p><img decoding=\"async\" class=\"Image_img__fQCi0 Image_Img_16_9__4BLfH widget-picture-inline_maximizable__t_E7h\" loading=\"eager\" fetchpriority=\"high\" src=\"https:\/\/www.europesays.com\/de\/wp-content\/uploads\/2026\/07\/FILE-Pictures-of-Mark-and-Melissa-Hortman-are-set-up-inside-the-sanctuary-at-the-Basilica-of-St-Mary.webp\" alt=\"FILE-Pictures-of-Mark-and-Melissa-Hortman-are-set-up-inside-the-sanctuary-at-the-Basilica-of-St-Mary-s-during-funeral-services-for-Mark-and-Melissa-Hortman-in-Minneapolis-Saturday-June-28-2025\"\/>Melissa und Mark Hortman wurden in ihrem Haus erschossen. (Foto: Alex Kormann\/Minnesota Star Trib)TeilenFolgen auf:<a href=\"https:\/\/www.whatsapp.com\/channel\/0029Va5cdVJD8SDp5YZgYF01\" title=\"Auf WhatsApp folgen\" target=\"_blank\" rel=\"nofollow noopener\"><img decoding=\"async\" src=\"https:\/\/www.n-tv.de\/socialIcons\/whatsapp.svg\" alt=\"whatsapp\" class=\"ArticleShare_icon__FsrC2\"\/><\/a><a href=\"https:\/\/www.google.com\/preferences\/source?q=n-tv.de\" title=\"ntv als bevorzugte Quelle auf Google hinzuf\u00fcgen\" target=\"_blank\" rel=\"nofollow noopener\"><img decoding=\"async\" src=\"https:\/\/www.n-tv.de\/socialIcons\/google.svg\" alt=\"whatsapp\" class=\"ArticleShare_icon__FsrC2\"\/><\/a><\/p>\n<p class=\"Typography_text-m__XI0da Typography_weight-bold__uT6mq storyline_lead_text_leadtext__q_wg8\">In Minnesota erschie\u00dft ein Mann die Kongressabgeordnete Melissa Hortman und ihren Ehemann und verletzt zwei weitere Abgeordnete schwer. Er plante wohl noch weitere Morde. Mehr als ein Jahr nach der Tat wird er verurteilt.<\/p>\n<p class=\"Typography_text-default__P3otY Typography_weight-normal__pqUbH storyline_paragraph_p__qSR5N\">Gut ein Jahr nach dem Mord an der US-Politikerin Melissa Hortman und ihrem Mann Mark muss der T\u00e4ter bis zum Ende seines Lebens ins Gef\u00e4ngnis. Der Bundesrichter John Tunheim verurteilte den Todessch\u00fctzen in Minneapolis zu zwei Mal lebenslanger Haft plus 40 Jahren, wie US-Medien berichteten. Eine vorzeitige Entlassung des 59-j\u00e4hrigen ist damit ausgeschlossen.<\/p>\n<p class=\"Typography_text-default__P3otY Typography_weight-normal__pqUbH storyline_paragraph_p__qSR5N\">Der Verurteilte hatte gestanden, die Demokratin Hortman und ihren Mann im Juni 2025 erschossen und zwei weitere Menschen schwer verletzt zu haben. Die Anklage hatte zuvor auf die Forderung nach der Todesstrafe verzichtet. Richter Tunheim sprach von einem &#8222;brutalen Angriff auf gew\u00e4hlte Amtstr\u00e4ger und ihre Familien&#8220;. Er komme einem &#8222;Angriff auf die Demokratie&#8220; gleich, sagte er laut der Zeitung &#8222;Minnesota Star Tribune&#8220;.<\/p>\n<p>T\u00e4ter wollte weiter morden<\/p>\n<p class=\"Typography_text-default__P3otY Typography_weight-normal__pqUbH storyline_paragraph_p__qSR5N\">Der T\u00e4ter hatte als Polizist verkleidet am Haus der Hortmans geklingelt und das Paar kaltbl\u00fctig erschossen. Zuvor hatte er bereits den Politiker John Hoffman und seine Frau Yvette durch Sch\u00fcsse schwer verletzt, beide \u00fcberlebten jedoch. Nach einer aufwendigen Verfolgungsjagd mit Drohnen und 20 Spezialeinsatzkommandos konnte er schlie\u00dflich in einem Waldst\u00fcck festgenommen werden. <\/p>\n<p class=\"Typography_text-default__P3otY Typography_weight-normal__pqUbH storyline_paragraph_p__qSR5N\">Melissa Hortman und John Hoffman sa\u00dfen f\u00fcr die Demokratische Partei im Kongress des US-Bundesstaats Minnesota. Im Auto des Sch\u00fctzen fanden die Ermittler sp\u00e4ter eine Art Todesliste mit mehr als 45 Politiker-Namen. Nach Ermittler-Angaben war er offenbar ein evangelikaler Abtreibungsgegner und von einem Hass auf Demokraten angetrieben.<\/p>\n<p class=\"Typography_text-default__P3otY Typography_weight-normal__pqUbH storyline_paragraph_p__qSR5N\">Die USA werden immer wieder von politischer Gewalt ersch\u00fcttert. Der heutige Pr\u00e4sident Donald Trump wurde w\u00e4hrend eines Wahlkampfauftritts 2024 durch einen Schuss am Ohr verletzt. Im vergangenen September erschoss ein Mann zudem den Trump-nahen Aktivisten Charlie Kirk.<\/p>\n<p class=\"Typography_text-s__wu_cm Typography_weight-normal__pqUbH Typography_color-darkgrey__sZEnP article-detail-footer_source__KslPc\">Quelle: ntv.de, ino\/dpa<\/p>\n","protected":false},"excerpt":{"rendered":"Motiv: Hass auf DemokratenM\u00f6rder von US-Politikerin Hortman kommt lebenslang in Haft 23.07.2026, 23:07 Uhr Artikel anh\u00f6ren(02:27 min) Melissa&hellip;\n","protected":false},"author":2,"featured_media":1188488,"comment_status":"","ping_status":"","sticky":false,"template":"","format":"standard","meta":{"footnotes":"","_share_on_mastodon":"0"},"categories":[3],"tags":[15728,8046,13,11752,14,15,16,12,10,8,9,11,64,103,104],"class_list":["post-1188487","post","type-post","status-publish","format-standard","has-post-thumbnail","category-welt","tag-attentate","tag-demokraten","tag-headlines","tag-mord-und-totschlag","tag-nachrichten","tag-news","tag-politik","tag-schlagzeilen","tag-top-news","tag-top-meldungen","tag-topmeldungen","tag-topnews","tag-usa","tag-welt","tag-world"],"share_on_mastodon":{"url":"https:\/\/pubeurope.com\/@de\/116972252962179937","error":""},"_links":{"self":[{"href":"https:\/\/www.europesays.com\/de\/wp-json\/wp\/v2\/posts\/1188487","targetHints":{"allow":["GET"]}}],"collection":[{"href":"https:\/\/www.europesays.com\/de\/wp-json\/wp\/v2\/posts"}],"about":[{"href":"https:\/\/www.europesays.com\/de\/wp-json\/wp\/v2\/types\/post"}],"author":[{"embeddable":true,"href":"https:\/\/www.europesays.com\/de\/wp-json\/wp\/v2\/users\/2"}],"replies":[{"embeddable":true,"href":"https:\/\/www.europesays.com\/de\/wp-json\/wp\/v2\/comments?post=1188487"}],"version-history":[{"count":0,"href":"https:\/\/www.europesays.com\/de\/wp-json\/wp\/v2\/posts\/1188487\/revisions"}],"wp:featuredmedia":[{"embeddable":true,"href":"https:\/\/www.europesays.com\/de\/wp-json\/wp\/v2\/media\/1188488"}],"wp:attachment":[{"href":"https:\/\/www.europesays.com\/de\/wp-json\/wp\/v2\/media?parent=1188487"}],"wp:term":[{"taxonomy":"category","embeddable":true,"href":"https:\/\/www.europesays.com\/de\/wp-json\/wp\/v2\/categories?post=1188487"},{"taxonomy":"post_tag","embeddable":true,"href":"https:\/\/www.europesays.com\/de\/wp-json\/wp\/v2\/tags?post=1188487"}],"curies":[{"name":"wp","href":"https:\/\/api.w.org\/{rel}","templated":true}]}}