{"id":1188543,"date":"2026-07-24T01:39:31","date_gmt":"2026-07-24T01:39:31","guid":{"rendered":"https:\/\/www.europesays.com\/de\/1188543\/"},"modified":"2026-07-24T01:39:31","modified_gmt":"2026-07-24T01:39:31","slug":"aussenminister-wadephul-trifft-amtskollegen-lamolla-in-suedafrika","status":"publish","type":"post","link":"https:\/\/www.europesays.com\/de\/1188543\/","title":{"rendered":"Au\u00dfenminister Wadephul trifft Amtskollegen Lamolla in S\u00fcdafrika"},"content":{"rendered":"<p>            <img loading=\"lazy\" decoding=\"async\" class=\"ts-image\" src=\"https:\/\/www.europesays.com\/de\/wp-content\/uploads\/2026\/07\/suedafrika-wadephul-100.jpg\" alt=\"Bundesau\u00dfenminister Johann Wadephul und Ronald Lamola, Au\u00dfenminister S\u00fcdafrikas\" title=\"Bundesau\u00dfenminister Johann Wadephul und Ronald Lamola, Au\u00dfenminister S\u00fcdafrikas | Soeren Stache\/dpa\"\/><\/p>\n<p class=\"metatextline\">Stand: 23.07.2026 \u2022 21:21 Uhr<\/p>\n<p class=\"article-head__shorttext\">\n        <strong>Zum Abschluss seiner viert\u00e4gigen Reise kritisiert Au\u00dfenminister Wadephul den Ausschluss S\u00fcdafrikas vom G20-Gipfel im Dezember in den USA und verspricht: Deutschland wolle sich f\u00fcr das Land einsetzen. <\/strong>\n    <\/p>\n<p>                                    <a class=\"authorline__link\" href=\"https:\/\/www.tagesschau.de\/korrespondenten\/korrespondent-ts-126.html\" rel=\"nofollow noopener\" target=\"_blank\"><br \/>\n                                        <img decoding=\"async\" class=\"authorline__img\" alt=\"Georg Schwarte\" src=\"https:\/\/www.europesays.com\/de\/wp-content\/uploads\/2026\/05\/georg-schwarte-101.jpg\"\/><br \/>\n                                    <\/a><\/p>\n<p class=\"textabsatz m-ten m-offset-one l-eight l-offset-two columns twelve\">Der deutsche Au\u00dfenminister sitzt neben seinem s\u00fcdafrikanischen Amtskollegen und gibt erst einmal eine geographische Einordnung. &#8222;Lieber Roland, von der Kieler Bucht, wo ich wohne und herkomme, bis zum Kap der Guten Hoffnung sind es gut 10.000 Kilometer Luftlinie.&#8220;<\/p>\n<p class=\"textabsatz m-ten m-offset-one l-eight l-offset-two columns twelve\">Aber zwischen den beiden M\u00e4nnern ist der Weg zu Gemeinsamkeiten offenbar k\u00fcrzer. Roland Lamolla jedenfalls ist so voller Lob, dass der Name Wadephul ihm fast wie &#8222;wonderful&#8220; \u00fcber die Lippen kommt.<\/p>\n<p class=\"textabsatz m-ten m-offset-one l-eight l-offset-two columns twelve\">Der s\u00fcdafrikanische Au\u00dfenminister kann aber auch anders. Etwa als es um die <a href=\"https:\/\/www.tagesschau.de\/ausland\/amerika\/usa-trump-keine-g20-einladung-suedafrika-100.html\" title=\"Trump l\u00e4dt S\u00fcdafrika wegen angeblichem V\u00f6lkermord vom n\u00e4chsten G20-Gipfel aus\" rel=\"nofollow noopener\" target=\"_blank\">Ausladung seines Landes zum G-20-Gipfel<\/a> im Dezember in Florida ging. US-Pr\u00e4sident Donald Trump hatte beschlossen, er wolle S\u00fcdafrika dort nicht sehen.<\/p>\n<p>    &#8222;Wir sind doch nicht irgendein Land&#8220;<\/p>\n<p class=\"textabsatz m-ten m-offset-one l-eight l-offset-two columns twelve\">Lamolla wird da schneidend. &#8222;Wir sind doch nicht irgendein Land, das man ein- oder ausl\u00e4dt. Wir sind G20-Gr\u00fcndungsmitglied&#8220;, sagt er. Trump machte es trotzdem.<\/p>\n<p class=\"textabsatz m-ten m-offset-one l-eight l-offset-two columns twelve\">Minister Wadephul sitzt in Pretoria neben seinem s\u00fcdafrikanischen Kollegen und wei\u00df, jetzt muss auch Deutschland erneut Position beziehen. Nach dem Motto: gegen Trump, aber diplomatisch. S\u00fcdafrika, sagt Wadephul schlie\u00dflich, sei und bleibe Partner. &#8222;Seine Stimme hat weltweit Gewicht und Einfluss. Diese Stimme sollte geh\u00f6rt werden. Deshalb ist und bleibt S\u00fcdafrika f\u00fcr uns ein unverzichtbares Mitglied im Kreise der G20.&#8220;<\/p>\n<p class=\"textabsatz m-ten m-offset-one l-eight l-offset-two columns twelve\">Trump aber redet vom Genozid an wei\u00dfen Farmern, hatte selbst den G20-Gipfel im Dezember in Johannesburg boykottiert. S\u00fcdafrikas Minister ist sauer. &#8222;Ist das dann wirklich ein G20-Gipfel, wenn ein Gr\u00fcndungsmitglied fehlt? Wollt ihr das so nennen?&#8220;, fragt er.<\/p>\n<p class=\"textabsatz m-ten m-offset-one l-eight l-offset-two columns twelve\">Die Frage war rhetorisch. Wadephul sagt sp\u00e4ter, Deutschland werde den Gipfel nicht boykottieren, aber f\u00fcr S\u00fcdafrika sprechen.<\/p>\n<p>    Grundsatzrede vor Studenten<\/p>\n<p class=\"textabsatz m-ten m-offset-one l-eight l-offset-two columns twelve\">Das tat er \u00fcbrigens schon am Morgen in einer Grundsatzrede vor Studenten in Johannesburg. Die Botschaft: S\u00fcdafrika ist die Stimme Afrikas, des globalen S\u00fcdens. Und Afrika insgesamt brauche einen permanenten Sitz im UN-Sicherheitsrat. Es gebe keine repr\u00e4sentative UN ohne einen afrikanischen Sitz im Sicherheitsrat.<\/p>\n<p class=\"textabsatz m-ten m-offset-one l-eight l-offset-two columns twelve\">Klingt nach viel Einigkeit auf Wadephuls letzter Station in S\u00fcdafrika. Aber es gibt auch Dissonanzen, etwa \u00fcber den Gazakrieg. S\u00fcdafrika hat Israel vor dem Internationalen Strafgerichtshof verklagt, spricht von Genozid. Deutschland sieht das anders, verweist auf das Recht zur Verteidigung.<\/p>\n<p>    S\u00fcdafrika und der Iran-Krieg<\/p>\n<p class=\"textabsatz m-ten m-offset-one l-eight l-offset-two columns twelve\">Aber Wadephul sagt auch, das internationale Recht gelte f\u00fcr alle. &#8222;Deswegen spreche ich auch mit meinem israelischen Kollegen kritisch \u00fcber Siedleraktivit\u00e4ten im Westjordanland. Aber ich sage genauso klar, dass Iran die Freiheit der Navigation in der Stra\u00dfe von Hormus verletzt durch das Verminen und durch das Beschie\u00dfen von Schiffen, wie es jetzt geschehen ist.&#8220;<\/p>\n<p class=\"textabsatz m-ten m-offset-one l-eight l-offset-two columns twelve\">Stichwort Iran-Krieg. Afrika bekommt die Auswirkungen massiv zu sp\u00fcren. Da sind die drei F &#8211; Fuel Fertilizer, Food. Also Treibstoff, D\u00fcnger und Lebensmittel. Auch dar\u00fcber hat Wadephul mit dem S\u00fcdafrikaner gesprochen.<\/p>\n<p class=\"textabsatz m-ten m-offset-one l-eight l-offset-two columns twelve\">Im Anschluss an des Treffen geht es f\u00fcr Wadephul dann zur\u00fcck nach Berlin. Etwas Urlaub, aber vorher noch eine Sondersitzung der Fraktion. Aber anstrengender als drei afrikanische Staaten in vier Tagen d\u00fcrfte die Sitzung f\u00fcr den Au\u00dfenminister auch nicht werden.<\/p>\n","protected":false},"excerpt":{"rendered":"Stand: 23.07.2026 \u2022 21:21 Uhr Zum Abschluss seiner viert\u00e4gigen Reise kritisiert Au\u00dfenminister Wadephul den Ausschluss S\u00fcdafrikas vom G20-Gipfel&hellip;\n","protected":false},"author":2,"featured_media":1188544,"comment_status":"","ping_status":"","sticky":false,"template":"","format":"standard","meta":{"footnotes":"","_share_on_mastodon":"0"},"categories":[5],"tags":[331,332,3364,29,30,13,14,15,12,7116,30616],"class_list":["post-1188543","post","type-post","status-publish","format-standard","has-post-thumbnail","category-nachrichten","tag-aktuelle-nachrichten","tag-aktuelle-news","tag-de","tag-deutschland","tag-germany","tag-headlines","tag-nachrichten","tag-news","tag-schlagzeilen","tag-suedafrika","tag-wadephul"],"share_on_mastodon":{"url":"https:\/\/pubeurope.com\/@de\/116972407505052638","error":""},"_links":{"self":[{"href":"https:\/\/www.europesays.com\/de\/wp-json\/wp\/v2\/posts\/1188543","targetHints":{"allow":["GET"]}}],"collection":[{"href":"https:\/\/www.europesays.com\/de\/wp-json\/wp\/v2\/posts"}],"about":[{"href":"https:\/\/www.europesays.com\/de\/wp-json\/wp\/v2\/types\/post"}],"author":[{"embeddable":true,"href":"https:\/\/www.europesays.com\/de\/wp-json\/wp\/v2\/users\/2"}],"replies":[{"embeddable":true,"href":"https:\/\/www.europesays.com\/de\/wp-json\/wp\/v2\/comments?post=1188543"}],"version-history":[{"count":0,"href":"https:\/\/www.europesays.com\/de\/wp-json\/wp\/v2\/posts\/1188543\/revisions"}],"wp:featuredmedia":[{"embeddable":true,"href":"https:\/\/www.europesays.com\/de\/wp-json\/wp\/v2\/media\/1188544"}],"wp:attachment":[{"href":"https:\/\/www.europesays.com\/de\/wp-json\/wp\/v2\/media?parent=1188543"}],"wp:term":[{"taxonomy":"category","embeddable":true,"href":"https:\/\/www.europesays.com\/de\/wp-json\/wp\/v2\/categories?post=1188543"},{"taxonomy":"post_tag","embeddable":true,"href":"https:\/\/www.europesays.com\/de\/wp-json\/wp\/v2\/tags?post=1188543"}],"curies":[{"name":"wp","href":"https:\/\/api.w.org\/{rel}","templated":true}]}}