{"id":1188674,"date":"2026-07-24T03:06:23","date_gmt":"2026-07-24T03:06:23","guid":{"rendered":"https:\/\/www.europesays.com\/de\/1188674\/"},"modified":"2026-07-24T03:06:23","modified_gmt":"2026-07-24T03:06:23","slug":"die-usa-bereiten-die-einfuehrung-von-zoellen-in-hoehe-von-10-12-auf-waren-von-60-handelspartnern-vor","status":"publish","type":"post","link":"https:\/\/www.europesays.com\/de\/1188674\/","title":{"rendered":"Die USA bereiten die Einf\u00fchrung von Z\u00f6llen in H\u00f6he von 10-12% auf Waren von 60 Handelspartnern vor."},"content":{"rendered":"<p style=\"text-align: left;\">Dieser Schritt ist der j\u00fcngste Versuch des Wei\u00dfen Hauses, Pr\u00e4sident Donald Trumps Versprechen nahezu globaler Z\u00f6lle zu erf\u00fcllen, nachdem der Oberste Gerichtshof <a class=\"data-link\" data-org-href=\"https:\/\/www.vietnam.vn\/tag\/my\" href=\"https:\/\/www.vietnam.vn\/tag\/my\" title=\"Amerika\" target=\"_blank\" rel=\"nofollow noopener\">der USA<\/a> im Februar die von ihm im Rahmen eines nationalen Notstandsgesetzes zur Verringerung des US-Handelsdefizits verh\u00e4ngten \u201egegenseitigen\u201c Z\u00f6lle in H\u00f6he von 10 bis 50 % zur\u00fcckgewiesen hatte.<\/p>\n<p style=\"text-align: left;\"> Als Reaktion auf dieses Urteil verh\u00e4ngte Trump einen befristeten Zoll von 10 % f\u00fcr 150 Tage, der am 24. Juli um 00:01 Uhr Ostk\u00fcstenzeit (11:01 Uhr <a class=\"data-link\" data-org-href=\"https:\/\/www.vietnam.vn\/destination\/ha-noi\" href=\"https:\/\/www.vietnam.vn\/destination\/ha-noi\" title=\"Hanoi\" target=\"_blank\" rel=\"nofollow noopener\">Hanoi-<\/a> Zeit) auslief. Er berief sich dabei auf Abschnitt 122 des Handelsgesetzes von 1974, einem Gesetz zur Eind\u00e4mmung von Zahlungsbilanzkrisen. Der neue Zoll tritt sofort in Kraft; Waren, die sich bereits im Transit befinden, sind bis zum 28. Juli von den Z\u00f6llen ausgenommen. <\/p>\n<p><img style=\"cursor:pointer\" src=\"https:\/\/www.europesays.com\/de\/wp-content\/uploads\/2026\/07\/1784860900014_donald-trump-28-gty-gmh-260722_1784753432967_hpmain-071317_887-093752.jpeg\" alt=\"T\u1ed5ng th\u1ed1ng M\u1ef9 Donald Trump. \u1ea2nh: ABC.\" title=\"US-Pr\u00e4sident Donald Trump. Foto: ABC.\" width=\"1920\" loading=\"lazy\" data-imgwm=\"\" data-this=\"545518\" decoding=\"async\"\/><\/p>\n<p class=\"expEdit h2\"> US-Pr\u00e4sident Donald Trump. Foto: ABC.<\/p>\n<p style=\"text-align: left;\"> Ein hochrangiger Beamter der Trump-Administration hat trotz des Zeitpunkts, der \u00e4hnlichen Zolls\u00e4tze und des breiten Anwendungsbereichs, der die meisten US-Importe umfasst, Vermutungen zur\u00fcckgewiesen, dass die Z\u00f6lle auf Zwangsarbeit \u2013 die gem\u00e4\u00df Abschnitt 301 des Handelsgesetzes von 1974 eingef\u00fchrt wurden \u2013 lediglich ein direkter Ersatz f\u00fcr auslaufende Z\u00f6lle seien.<\/p>\n<p style=\"text-align: left;\"> Der Beamte erkl\u00e4rte, dass die USA strengere Einfuhrverbote f\u00fcr Waren haben, die mit Zwangsarbeit hergestellt wurden, und diese auch strenger durchsetzen als jedes andere Land, wodurch den Wettbewerbern ein unfairer Handelsvorteil gegen\u00fcber den USA entsteht.<\/p>\n<p style=\"text-align: left;\"> Sowohl Demokraten als auch Republikaner im <a class=\"data-link\" data-org-href=\"https:\/\/www.vietnam.vn\/tag\/quoc-hoi\" href=\"https:\/\/www.vietnam.vn\/tag\/quoc-hoi\" title=\"Nationalversammlung\" target=\"_blank\" rel=\"nofollow noopener\">Kongress<\/a> haben die Abschaffung von Zwangsarbeit in den globalen Lieferketten gefordert, \u201ewir reagieren also auf diese Forderung\u201c.<\/p>\n<p style=\"text-align: left;\"> Der Beamte f\u00fcgte hinzu, Trump werde \u201eimmer alle ihm zur Verf\u00fcgung stehenden Mittel nutzen, um seine handelspolitischen Ziele zu erreichen, einschlie\u00dflich Z\u00f6llen\u201c.<\/p>\n<p style=\"text-align: left;\"> Der Beamte erkl\u00e4rte, dass zahlreiche Waren von Z\u00f6llen befreit w\u00fcrden, darunter \u00d6l und Gas, D\u00fcngemittel, bestimmte Lebensmittel sowie G\u00fcter, die bereits den Z\u00f6llen gem\u00e4\u00df Abschnitt 232 der nationalen Sicherheitsbestimmungen unterliegen, wie beispielsweise Automobile, Stahl, Aluminium und Kupfer. Auch Importe im Rahmen des Freihandelsabkommens zwischen den USA, Mexiko und Kanada (USMCA) w\u00e4ren von Z\u00f6llen ausgenommen.<\/p>\n<p style=\"text-align: left;\"> Bestimmte L\u00e4nder k\u00f6nnen nach Ma\u00dfnahmen gegen Vorw\u00fcrfe der Zwangsarbeit einen Zollsatz von 10 % statt 12,5 % zahlen. Regierungsbeamte geben jedoch an, dass sie sich nicht sicher sind, ob die betroffenen L\u00e4nder diese Praxis in absehbarer Zeit beenden werden, und die USA daher bereit sind, die h\u00f6heren Z\u00f6lle beizubehalten.<\/p>\n<p style=\"text-align: left;\"> Durch j\u00fcngste Ma\u00dfnahmen mehrerer L\u00e4nder, darunter Indien, wurden die Z\u00f6lle seit ihrer ersten Ank\u00fcndigung auf 10 % gesenkt.<\/p>\n<p class=\"mb-0\"> Quelle: https:\/\/nongnghiepmoitruong.vn\/my-chuan-bi-ap-thue-10-12-voi-60-doi-tac-thuong-mai-d822919.html<\/p>\n","protected":false},"excerpt":{"rendered":"Dieser Schritt ist der j\u00fcngste Versuch des Wei\u00dfen Hauses, Pr\u00e4sident Donald Trumps Versprechen nahezu globaler Z\u00f6lle zu erf\u00fcllen,&hellip;\n","protected":false},"author":2,"featured_media":1188675,"comment_status":"","ping_status":"","sticky":false,"template":"","format":"standard","meta":{"footnotes":"","_share_on_mastodon":"0"},"categories":[3977],"tags":[331,332,3057,3986,13,14,15,3678,12,247647,4017,4018,4016,64,4019,4020,160721,211],"class_list":["post-1188674","post","type-post","status-publish","format-standard","has-post-thumbnail","category-usa","tag-aktuelle-nachrichten","tag-aktuelle-news","tag-amerika","tag-handel","tag-headlines","tag-nachrichten","tag-news","tag-partner","tag-schlagzeilen","tag-steuern-erheben","tag-united-states","tag-united-states-of-america","tag-us","tag-usa","tag-vereinigte-staaten","tag-vereinigte-staaten-von-amerika","tag-vorbereiten","tag-zoelle"],"share_on_mastodon":{"url":"https:\/\/pubeurope.com\/@de\/116972747952315738","error":""},"_links":{"self":[{"href":"https:\/\/www.europesays.com\/de\/wp-json\/wp\/v2\/posts\/1188674","targetHints":{"allow":["GET"]}}],"collection":[{"href":"https:\/\/www.europesays.com\/de\/wp-json\/wp\/v2\/posts"}],"about":[{"href":"https:\/\/www.europesays.com\/de\/wp-json\/wp\/v2\/types\/post"}],"author":[{"embeddable":true,"href":"https:\/\/www.europesays.com\/de\/wp-json\/wp\/v2\/users\/2"}],"replies":[{"embeddable":true,"href":"https:\/\/www.europesays.com\/de\/wp-json\/wp\/v2\/comments?post=1188674"}],"version-history":[{"count":0,"href":"https:\/\/www.europesays.com\/de\/wp-json\/wp\/v2\/posts\/1188674\/revisions"}],"wp:featuredmedia":[{"embeddable":true,"href":"https:\/\/www.europesays.com\/de\/wp-json\/wp\/v2\/media\/1188675"}],"wp:attachment":[{"href":"https:\/\/www.europesays.com\/de\/wp-json\/wp\/v2\/media?parent=1188674"}],"wp:term":[{"taxonomy":"category","embeddable":true,"href":"https:\/\/www.europesays.com\/de\/wp-json\/wp\/v2\/categories?post=1188674"},{"taxonomy":"post_tag","embeddable":true,"href":"https:\/\/www.europesays.com\/de\/wp-json\/wp\/v2\/tags?post=1188674"}],"curies":[{"name":"wp","href":"https:\/\/api.w.org\/{rel}","templated":true}]}}