{"id":118884,"date":"2025-05-17T23:14:29","date_gmt":"2025-05-17T23:14:29","guid":{"rendered":"https:\/\/www.europesays.com\/de\/118884\/"},"modified":"2025-05-17T23:14:29","modified_gmt":"2025-05-17T23:14:29","slug":"graffitis-an-stadtbahnen-in-hannover-wohnungen-durchsucht-ndr-de-nachrichten-niedersachsen","status":"publish","type":"post","link":"https:\/\/www.europesays.com\/de\/118884\/","title":{"rendered":"Graffitis an Stadtbahnen in Hannover: Wohnungen durchsucht | NDR.de &#8211; Nachrichten &#8211; Niedersachsen"},"content":{"rendered":"<p>\nStand: 16.05.2025 16:24 Uhr\n<\/p>\n<p><a href=\"https:\/\/www.europesays.com\/de\/wp-content\/uploads\/2025\/05\/graffiti850_v-contentgross.jpg\" class=\"zoomimage\" title=\"Ein Zusammenhang mit den mehr als 100 beschmierten Stra\u00dfenbahnwaggons kann laut Polizei nicht ganz ausgeschlossen werden. (Archivbild) \u00a9 NDR Foto: Svenja Estner\"><\/p>\n<p><img decoding=\"async\" src=\"https:\/\/www.europesays.com\/de\/wp-content\/uploads\/2025\/05\/graffiti850_v-contentgross.jpg\" alt=\"Eine Stadtbahn der \u00dcstra in Hannover mit einem Graffiti. \u00a9 NDR Foto: Svenja Estner\" title=\"Eine Stadtbahn der \u00dcstra in Hannover mit einem Graffiti.\" class=\"responsive\"\/><\/p>\n<p><\/a><br \/>\nEin Zusammenhang mit den mehr als 100 beschmierten Stra\u00dfenbahnwaggons kann laut Polizei nicht ganz ausgeschlossen werden. (Archivbild)<\/p>\n<p>Einsatzkr\u00e4fte der Polizei Hannover haben am Montag zwei Wohnungen in Hannover durchsucht. Das teilte die Polizei am Freitag mit. Die Objekte befanden sich demnach in der Nordstadt sowie im Stadtteil List. In den Wohnungen eines 19- und eines 20-j\u00e4hrigen Mannes haben die Beamten den Angaben zufolge &#8222;verfahrensrelevante Beweismittel&#8220; beschlagnahmt. Darunter auch Datentr\u00e4ger und Skizzen. Die beiden M\u00e4nner stehen laut einer Polizeisprecherin im Verdacht in mindestens sieben F\u00e4llen Graffiti unter anderem an Stadtbahnen und an Hausw\u00e4nden angebracht zu haben. Auch ein Zusammenhang mit den mehr als 100 bespr\u00fchten <a href=\"https:\/\/www.ndr.de\/nachrichten\/niedersachsen\/hannover_weser-leinegebiet\/Hannover-Mehr-als-100-Stadtbahnwaggons-mit-Graffiti-besprueht,graffiti846.html\" title=\"Zum Artikel: Hannover: Mehr als 100 Stadtbahnwaggons mit Graffiti bespr\u00fcht\" rel=\"nofollow noopener\" target=\"_blank\">Stadtbahnwaggons<\/a> der \u00dcstra kann demnach nicht ganz ausgeschlossen werden. Die Daten werden nun ausgewertet. Festnahmen gab es keine, hei\u00dft es.<\/p>\n<p>Weitere Informationen<\/p>\n<p><img decoding=\"async\" src=\"https:\/\/www.europesays.com\/de\/wp-content\/uploads\/2025\/05\/graffiti848_v-contentgross.jpg\" alt=\"Eine Stadtbahn der \u00dcstra in Hannover mit einem Graffiti. \u00a9 NDR Foto: Svenja Estner\" title=\"Eine Stadtbahn der \u00dcstra in Hannover mit einem Graffiti.\" class=\"responsive\"\/><\/p>\n<p>\nEin Drittel der Flotte ist betroffen. Um den Betrieb aufrechtzuerhalten, muss die \u00dcstra auch die beschmierten Wagen einsetzen.<br \/>\n<a title=\"Zum Artikel: Hannover: Mehr als 100 Stadtbahnwaggons mit Graffiti bespr\u00fcht\" href=\"https:\/\/www.ndr.de\/nachrichten\/niedersachsen\/hannover_weser-leinegebiet\/Hannover-Mehr-als-100-Stadtbahnwaggons-mit-Graffiti-besprueht,graffiti846.html\" class=\"cta \" rel=\"nofollow noopener\" target=\"_blank\">mehr<\/a>\n<\/p>\n<p>Jederzeit zum Nachh\u00f6ren<\/p>\n<p><img decoding=\"async\" src=\"https:\/\/www.europesays.com\/de\/wp-content\/uploads\/2025\/04\/regionalh100_v-contentgross.jpg\" alt=\"Das Rathaus am Maschsee. \u00a9 NDR Foto: Julius Matuschik\" title=\"Das Rathaus am Maschsee.\" class=\"responsive\"\/><\/p>\n<p>8 Min<\/p>\n<p>\nWas in Ihrer Region wichtig ist, h\u00f6ren Sie in dem Mitschnitt der 15.00 Uhr Regional-Nachrichten auf NDR 1 Niedersachsen.<br \/>\n<a title=\"Zum Audiobeitrag: Nachrichten aus dem Studio Hannover\" href=\"https:\/\/www.ndr.de\/ndr1niedersachsen\/Nachrichten-aus-dem-Studio-Hannover,audio1874570.html\" class=\"cta \" rel=\"nofollow noopener\" target=\"_blank\">8 Min<\/a>\n<\/p>\n<p><img decoding=\"async\" src=\"https:\/\/www.europesays.com\/de\/wp-content\/uploads\/2025\/03\/ndr_printlogo.gif\" alt=\"NDR Logo\" title=\"NDR Logo\"\/><\/p>\n","protected":false},"excerpt":{"rendered":"Stand: 16.05.2025 16:24 Uhr Ein Zusammenhang mit den mehr als 100 beschmierten Stra\u00dfenbahnwaggons kann laut Polizei nicht ganz&hellip;\n","protected":false},"author":2,"featured_media":118885,"comment_status":"","ping_status":"","sticky":false,"template":"","format":"standard","meta":{"footnotes":""},"categories":[1836],"tags":[590,3364,29,6978,30,12530,46,14,15,1411,11238,31035,29030],"class_list":{"0":"post-118884","1":"post","2":"type-post","3":"status-publish","4":"format-standard","5":"has-post-thumbnail","7":"category-hannover","8":"tag-aktuell","9":"tag-de","10":"tag-deutschland","11":"tag-durchsuchungen","12":"tag-germany","13":"tag-graffiti","14":"tag-hannover","15":"tag-nachrichten","16":"tag-news","17":"tag-niedersachsen","18":"tag-stadtbahn","19":"tag-uestra","20":"tag-waggon"},"share_on_mastodon":{"url":"https:\/\/pubeurope.com\/@de\/114525717981115460","error":""},"_links":{"self":[{"href":"https:\/\/www.europesays.com\/de\/wp-json\/wp\/v2\/posts\/118884","targetHints":{"allow":["GET"]}}],"collection":[{"href":"https:\/\/www.europesays.com\/de\/wp-json\/wp\/v2\/posts"}],"about":[{"href":"https:\/\/www.europesays.com\/de\/wp-json\/wp\/v2\/types\/post"}],"author":[{"embeddable":true,"href":"https:\/\/www.europesays.com\/de\/wp-json\/wp\/v2\/users\/2"}],"replies":[{"embeddable":true,"href":"https:\/\/www.europesays.com\/de\/wp-json\/wp\/v2\/comments?post=118884"}],"version-history":[{"count":0,"href":"https:\/\/www.europesays.com\/de\/wp-json\/wp\/v2\/posts\/118884\/revisions"}],"wp:featuredmedia":[{"embeddable":true,"href":"https:\/\/www.europesays.com\/de\/wp-json\/wp\/v2\/media\/118885"}],"wp:attachment":[{"href":"https:\/\/www.europesays.com\/de\/wp-json\/wp\/v2\/media?parent=118884"}],"wp:term":[{"taxonomy":"category","embeddable":true,"href":"https:\/\/www.europesays.com\/de\/wp-json\/wp\/v2\/categories?post=118884"},{"taxonomy":"post_tag","embeddable":true,"href":"https:\/\/www.europesays.com\/de\/wp-json\/wp\/v2\/tags?post=118884"}],"curies":[{"name":"wp","href":"https:\/\/api.w.org\/{rel}","templated":true}]}}