{"id":1188872,"date":"2026-07-24T05:16:16","date_gmt":"2026-07-24T05:16:16","guid":{"rendered":"https:\/\/www.europesays.com\/de\/1188872\/"},"modified":"2026-07-24T05:16:16","modified_gmt":"2026-07-24T05:16:16","slug":"eintracht-frankfurt-noel-futkeu-fehlt-im-trainingslager","status":"publish","type":"post","link":"https:\/\/www.europesays.com\/de\/1188872\/","title":{"rendered":"Eintracht Frankfurt: Noel Futkeu fehlt im Trainingslager"},"content":{"rendered":"<p>Eintracht Frankfurt <\/p>\n<p>19 Tore in der Vorsaison \u2013 und trotzdem auf dem Abstellgleis<\/p>\n<p>24.07.2026 &#8211; 06:58 UhrLesedauer: 2 Min.<\/p>\n<p><a href=\"#focus-0\" class=\"transition-colors block text-current relative\" data-sctrack=\"FocusGalleryImage.Reference\"><img fetchpriority=\"high\" data-testid=\"Opener.Image\"   loading=\"eager\" src=\"https:\/\/www.europesays.com\/de\/wp-content\/uploads\/2026\/07\/training-eintracht-frankfurt-noel-futkeu-eintracht-frankfurt-training-von-eintracht-frankfurt-am-20-.jpeg\" alt=\"imago images 1080293237\" title=\"imago images 1080293237\" width=\"4000\" height=\"2250\" class=\"bg-[url:var(--lqipURL)] bg-cover bg-center flex h-full w-full max-w-full\" style=\"--lqipURL:url('https:\/\/images.t-online.de\/2026\/07\/oVBzAqL5S-fr\/0x210:4000x2250\/fit-in\/150x0\/filters:blur(25)\/training-eintracht-frankfurt-noel-futkeu-eintracht-frankfurt-training-von-eintracht-frankfurt-am-20-juli-2026-im-deutsche-bank-park-in-frankfurt-am-main-frankfurt-am-main-hessen-deutschland-deutsche-bank-park-eintracht-frankfurt-training-noel-futkeu-eintracht-frankfurt-training-session-held-on-july-20-2026-at-deutsche-bank-park-in-frankfurt-am-main-frankfurt-am-main-hesse-germany-deutsche-bank-park.jpg')\" decoding=\"async\"\/><img loading=\"lazy\" src=\"https:\/\/frankfurt.t-online.de\/s\/paper\/_next\/static\/media\/zoom-in.f7dae02f.svg\" alt=\"Vergr\u00f6\u00dfern des Bildes\" title=\"Vergr\u00f6\u00dfern des Bildes\" class=\"block h-[calc(var(--height)_\/_16_*_1rem)] w-[calc(var(--width)_\/_16_*_1rem)] max-w-none absolute right-8 bottom-8 rounded-4 bg-snow p-8\" style=\"--width:32;--height:32\" decoding=\"async\"\/><\/a><\/p>\n<p>Noel Futke (Archivbild): Der Frankfurter wurde ausgebootet. (Quelle: IMAGO\/J\u00fcrgen Kessler\/imago)<\/p>\n<p><img loading=\"lazy\" src=\"https:\/\/frankfurt.t-online.de\/s\/paper\/_next\/static\/media\/audio-volume.6689034c.svg\" alt=\"\" title=\"\" class=\"block h-[calc(var(--height)_\/_16_*_1rem)] w-[calc(var(--width)_\/_16_*_1rem)] max-w-none group-hover:brightness-0 group-hover:invert\" style=\"--width:16;--height:16\" decoding=\"async\"\/>Vorlesen<\/p>\n<p>Aktuelle Zeit:0:00Gesamtdauer:0:00<\/p>\n<p>1x<\/p>\n<p class=\"text-center\">Jetzt neu bei t-online:<\/p>\n<p class=\"text-center\">Schriftgr\u00f6\u00dfe anpassen!<\/p>\n<p><img loading=\"lazy\" src=\"https:\/\/frankfurt.t-online.de\/s\/paper\/_next\/static\/media\/font-sizes.32942e33.svg\" alt=\"\" title=\"\" class=\"block h-[calc(var(--height)_\/_16_*_1rem)] w-[calc(var(--width)_\/_16_*_1rem)] max-w-none group-hover:hidden group-aria-expanded:hidden\" style=\"--width:16;--height:16\" decoding=\"async\"\/><img loading=\"lazy\" src=\"https:\/\/frankfurt.t-online.de\/s\/paper\/_next\/static\/media\/font-sizes-dark-mode.e382645c.svg\" alt=\"\" title=\"\" class=\"block h-[calc(var(--height)_\/_16_*_1rem)] w-[calc(var(--width)_\/_16_*_1rem)] max-w-none hidden group-hover:block group-aria-expanded:block\" style=\"--width:16;--height:16\" decoding=\"async\"\/><img loading=\"lazy\" src=\"https:\/\/frankfurt.t-online.de\/s\/paper\/_next\/static\/media\/sharing-menu-icon.1eb71368.svg\" alt=\"\" title=\"\" class=\"block h-[calc(var(--height)_\/_16_*_1rem)] w-[calc(var(--width)_\/_16_*_1rem)] max-w-none group-hover:brightness-0 group-hover:invert\" style=\"--width:16;--height:16\" decoding=\"async\"\/>Artikel teilen<\/p>\n<p class=\"font-bold text-18 leading-17 user-text-lg:text-22 user-text-xl:text-24\">Noel Futkeu traf in der Vorsaison 19-mal und war bester Zweitliga-Torj\u00e4ger. Im Eintracht-Trainingslager fehlt er trotzdem.<\/p>\n<p class=\"text-18 leading-17 user-text-lg:text-22 user-text-xl:text-24\">Neunzehn Tore, bester Torsch\u00fctze der 2. Bundesliga \u2013 und trotzdem kein Platz im Aufgebot: Noel Futkeu geh\u00f6rt nicht zum Kader von <a href=\"https:\/\/www.t-online.de\/themen\/eintracht-frankfurt\/\" class=\"transition-colors cursor-pointer no-underline md:hover:text-magenta md:focus:text-magenta border-b border-solid border-current text-salemsfur md:hover:border-magenta\" data-tracking=\"{&quot;action&quot;:&quot;click&quot;,&quot;category&quot;:&quot;intextLink&quot;,&quot;label&quot;:&quot;https:\/\/www.t-online.de\/themen\/eintracht-frankfurt\/&quot;}\" data-sctrack=\"BodyAnchor\" rel=\"nofollow noopener\" target=\"_blank\">Eintracht Frankfurt<\/a> f\u00fcr das an diesem Donnerstag beginnende Trainingslager in Grassau. N\u00e4here Angaben machte der Klub dazu nicht. Neben dem 23-J\u00e4hrigen fehlen auch die Angreifer Michy Batshuayi, 55-facher belgischer Nationalspieler, und Jessic Ngankam.<\/p>\n<p class=\"text-18 leading-17 user-text-lg:text-22 user-text-xl:text-24\">Dass die drei keine Perspektive mehr in Frankfurt haben, zeichnete sich bereits vergangene Woche ab. Beim Auftakttraining nominierte Trainer Adi H\u00fctter sie nicht f\u00fcr das Abschlussspiel, stattdessen mussten sie Runden um den Platz laufen. Bemerkenswert ist das vor allem bei <a href=\"https:\/\/frankfurt.t-online.de\/region\/frankfurt-am-main\/id_101222188\/eintracht-frankfurt-holt-stuermer-noel-futkeu-von-greuther-fuerth-zurueck.html\" class=\"transition-colors cursor-pointer no-underline md:hover:text-magenta md:focus:text-magenta border-b border-solid border-current text-salemsfur md:hover:border-magenta\" data-tracking=\"{&quot;action&quot;:&quot;click&quot;,&quot;category&quot;:&quot;intextLink&quot;,&quot;label&quot;:&quot;\/region\/frankfurt-am-main\/id_101222188\/eintracht-frankfurt-holt-stuermer-noel-futkeu-von-greuther-fuerth-zurueck.html&quot;}\" data-sctrack=\"BodyAnchor\" rel=\"nofollow noopener\" target=\"_blank\">Futkeu, der bei Greuther F\u00fcrth eine herausragende Spielzeit hinter sich hatte und die Franken mit seinen Toren beinahe im Alleingang in der zweiten Liga hielt<\/a>.<\/p>\n<p>Eintracht Frankfurt will wohl zehn Millionen Euro f\u00fcr Noel Futkeu<\/p>\n<p class=\"text-18 leading-17 user-text-lg:text-22 user-text-xl:text-24\">Die Eintracht zog die vertraglich vereinbarte R\u00fcckkaufoption \u00fcber 1,3 Millionen Euro und rechnet nun mit einem deutlich h\u00f6heren Erl\u00f6s. Rund zehn Millionen Euro peilen die Frankfurter nach Informationen von hr-sport an \u2013 eine Summe, die bislang kein Interessent aufbringen will. Ein konkretes Angebot liegt dem Klub demnach weder f\u00fcr Futkeu noch f\u00fcr Batshuayi oder Ngankam vor.<\/p>\n<p class=\"text-18 leading-17 user-text-lg:text-22 user-text-xl:text-24\">Mit Junior Dina Ebimbe und Niels Nkounkou reisen dagegen zwei Profis mit, denen intern ebenfalls keine Chance einger\u00e4umt wird. Als m\u00f6glichen Grund f\u00fcr die unterschiedliche Behandlung nennt hr-sport die Kaderstruktur: In der Offensive ist die Eintracht ohnehin gut best\u00fcckt, defensiv ausgerichtete Au\u00dfenbahnspieler sind dagegen rar.<\/p>\n<p class=\"text-18 leading-17 user-text-lg:text-22 user-text-xl:text-24\">Ebenfalls nicht dabei ist Ellyes Skhiri, allerdings aus bekanntem Grund: Der Mittelfeldspieler ist f\u00fcr Gespr\u00e4che mit einem anderen Verein freigestellt und steht vor einer R\u00fcckkehr zum 1. FC K\u00f6ln, wo er die L\u00fccke im defensiven Mittelfeld schlie\u00dfen soll. Beim Gehalt liegen Spieler und Interessent noch etwas auseinander, eine Einigung gilt aber als absehbar.<\/p>\n","protected":false},"excerpt":{"rendered":"Eintracht Frankfurt 19 Tore in der Vorsaison \u2013 und trotzdem auf dem Abstellgleis 24.07.2026 &#8211; 06:58 UhrLesedauer: 2&hellip;\n","protected":false},"author":2,"featured_media":1188873,"comment_status":"","ping_status":"","sticky":false,"template":"","format":"standard","meta":{"footnotes":"","_share_on_mastodon":"0"},"categories":[1829],"tags":[722,3176,67395,29,460,2050,2051,248255,30,248086,2052,124653,8306],"class_list":["post-1188872","post","type-post","status-publish","format-standard","has-post-thumbnail","category-frankfurt-am-main","tag-722","tag-3176","tag-adi-huetter","tag-deutschland","tag-eintracht-frankfurt","tag-frankfurt","tag-frankfurt-am-main","tag-futkeu","tag-germany","tag-grassau","tag-hessen","tag-michy-batshuayi","tag-spvgg-greuther-fuerth"],"share_on_mastodon":{"url":"https:\/\/pubeurope.com\/@de\/116973261436150386","error":""},"_links":{"self":[{"href":"https:\/\/www.europesays.com\/de\/wp-json\/wp\/v2\/posts\/1188872","targetHints":{"allow":["GET"]}}],"collection":[{"href":"https:\/\/www.europesays.com\/de\/wp-json\/wp\/v2\/posts"}],"about":[{"href":"https:\/\/www.europesays.com\/de\/wp-json\/wp\/v2\/types\/post"}],"author":[{"embeddable":true,"href":"https:\/\/www.europesays.com\/de\/wp-json\/wp\/v2\/users\/2"}],"replies":[{"embeddable":true,"href":"https:\/\/www.europesays.com\/de\/wp-json\/wp\/v2\/comments?post=1188872"}],"version-history":[{"count":0,"href":"https:\/\/www.europesays.com\/de\/wp-json\/wp\/v2\/posts\/1188872\/revisions"}],"wp:featuredmedia":[{"embeddable":true,"href":"https:\/\/www.europesays.com\/de\/wp-json\/wp\/v2\/media\/1188873"}],"wp:attachment":[{"href":"https:\/\/www.europesays.com\/de\/wp-json\/wp\/v2\/media?parent=1188872"}],"wp:term":[{"taxonomy":"category","embeddable":true,"href":"https:\/\/www.europesays.com\/de\/wp-json\/wp\/v2\/categories?post=1188872"},{"taxonomy":"post_tag","embeddable":true,"href":"https:\/\/www.europesays.com\/de\/wp-json\/wp\/v2\/tags?post=1188872"}],"curies":[{"name":"wp","href":"https:\/\/api.w.org\/{rel}","templated":true}]}}