{"id":1188898,"date":"2026-07-24T05:32:20","date_gmt":"2026-07-24T05:32:20","guid":{"rendered":"https:\/\/www.europesays.com\/de\/1188898\/"},"modified":"2026-07-24T05:32:20","modified_gmt":"2026-07-24T05:32:20","slug":"unter-uns-wochenvorschau-ab-dem-27-07-2026-ringos-kopfverletzung-hat-unerwartete-folgen","status":"publish","type":"post","link":"https:\/\/www.europesays.com\/de\/1188898\/","title":{"rendered":"\u201eUnter uns\u201d-Wochenvorschau ab dem 27.07.2026: Ringos Kopfverletzung hat unerwartete Folgen"},"content":{"rendered":"<p>Die \u201eUnter uns\u201c-Wochenvorschau ab dem 27.07.2026 in drei TeilenRingos Kopfverletzung hat unerwartete FolgenNach einer Operation ist Ringo nicht mehr der Alte (Wochenvorschau Teil 1)<\/p>\n<p class=\"AnnotatedMarkup_paragraph__IUT9l\">Zwischen Ringo und <a href=\"https:\/\/www.rtl.de\/sendungen\/unter-uns\/unter-uns-wochenvorschau-ab-dem-20-07-2026-jori-bricht-mit-patrizia-id31081345.html\" target=\"_self\" rel=\"nofollow noopener\">Julius\u2019 gef\u00e4hrlichem Onkel Alexander<\/a> ist es zu einer verh\u00e4ngnisvollen Schl\u00e4gerei gekommen. Dabei ist Ringo heftig mit dem Kopf auf dem Boden aufgeschlagen. Wegen dieser Verletzung kommt er in der n\u00e4chsten Woche ins Krankenhaus und wird operiert. Als er danach wieder zu sich kommt, wacht Ehemann Easy voller Hoffnung an seinem Bett. Doch der erlebt den Schreck seines Lebens: Ringo ist nach der Operation nicht mehr der, der er mal war.<\/p>\n<p>\u201cDie Hure von Tokio\u201d &#8211; hat Anna eine unr\u00fchmliche Vergangenheit? (Wochenvorschau Teil 2)<\/p>\n<p class=\"AnnotatedMarkup_paragraph__IUT9l\">In ihrer Familie ist nur eines \u00fcber Anna bekannt: Sie hatte in Japan eine eigene Back-Show, mit der sie \u00fcber viele Jahre erfolgreich war. Doch in der n\u00e4chsten Woche kommt ein unr\u00fchmliches Detail ihrer Vergangenheit ans Tageslicht. In der japanischen Presse war sie einst als <a href=\"https:\/\/www.rtl.de\/sendungen\/unter-uns\/unter-uns-spoiler-anna-weigels-dunkles-geheimnis-fliegt-vor-ferhat-auf-id31091379.html\" target=\"_self\" rel=\"nofollow noopener\">\u201cHure von Tokio\u201d<\/a> verschrien. Was hat es mit diesem skandal\u00f6sen Spitznamen auf sich? Das gesteht Anna ihrem Cousin Paco nun.<\/p>\n<p><img alt=\"Gespannt, wie es weitergeht?\u00a0Die n\u00e4chsten Folgen vorab auf RTL+\" fetchpriority=\"auto\" loading=\"lazy\" width=\"615\" height=\"346\" decoding=\"async\" data-nimg=\"1\" class=\"Image_image__SdgLQ RtlPlusContent_image__Gbn0N\" style=\"color:transparent\"   src=\"https:\/\/www.europesays.com\/de\/wp-content\/uploads\/2026\/07\/1784871140_631_gespannt-wie-es-weitergeht-die-naechsten-folgen-vorab-auf-rtlplus.webp\"\/>Anzeige:<\/p>\n<p>Empfehlungen unserer Partner<\/p>\n<p>Larissa trifft auf einen unseri\u00f6sen Vermieter (Wochenvorschau Teil 3)<\/p>\n<p class=\"AnnotatedMarkup_paragraph__IUT9l\">Larissa geht in der n\u00e4chsten Woche auf Wohnungssuche. Denn ihr Zimmer im Hotel Maybach ist keine Dauerl\u00f6sung f\u00fcr sie. Schon bald entdeckt sie ein interessantes Wohnungsangebot im Netz und glaubt, einen Volltreffer gelandet zu haben. Kurzerhand nimmt sie Kontakt zu dem Vermieter auf und trifft sich mit ihm am Beach in der Schillerallee. Doch im Gespr\u00e4ch mit ihm erkennt Larissa schnell, dass die Sache einen Haken hat: Denn der Vermieter verh\u00e4lt sich \u00e4u\u00dferst fragw\u00fcrdig \u2013 und das f\u00e4llt nicht nur ihr auf.<\/p>\n","protected":false},"excerpt":{"rendered":"Die \u201eUnter uns\u201c-Wochenvorschau ab dem 27.07.2026 in drei TeilenRingos Kopfverletzung hat unerwartete FolgenNach einer Operation ist Ringo nicht&hellip;\n","protected":false},"author":2,"featured_media":1188899,"comment_status":"","ping_status":"","sticky":false,"template":"","format":"standard","meta":{"footnotes":"","_share_on_mastodon":"0"},"categories":[1773],"tags":[29,214,3066,30,640,3064,471,1780,1808,684,3062,215,3063,1339,3065],"class_list":["post-1188898","post","type-post","status-publish","format-standard","has-post-thumbnail","category-serien","tag-deutschland","tag-entertainment","tag-folgenvorschau","tag-germany","tag-rtl","tag-schillerallee","tag-serien","tag-series","tag-soap","tag-tv","tag-unter-uns","tag-unterhaltung","tag-uu","tag-vorschau","tag-weigel"],"share_on_mastodon":{"url":"https:\/\/pubeurope.com\/@de\/116973324172493479","error":""},"_links":{"self":[{"href":"https:\/\/www.europesays.com\/de\/wp-json\/wp\/v2\/posts\/1188898","targetHints":{"allow":["GET"]}}],"collection":[{"href":"https:\/\/www.europesays.com\/de\/wp-json\/wp\/v2\/posts"}],"about":[{"href":"https:\/\/www.europesays.com\/de\/wp-json\/wp\/v2\/types\/post"}],"author":[{"embeddable":true,"href":"https:\/\/www.europesays.com\/de\/wp-json\/wp\/v2\/users\/2"}],"replies":[{"embeddable":true,"href":"https:\/\/www.europesays.com\/de\/wp-json\/wp\/v2\/comments?post=1188898"}],"version-history":[{"count":0,"href":"https:\/\/www.europesays.com\/de\/wp-json\/wp\/v2\/posts\/1188898\/revisions"}],"wp:featuredmedia":[{"embeddable":true,"href":"https:\/\/www.europesays.com\/de\/wp-json\/wp\/v2\/media\/1188899"}],"wp:attachment":[{"href":"https:\/\/www.europesays.com\/de\/wp-json\/wp\/v2\/media?parent=1188898"}],"wp:term":[{"taxonomy":"category","embeddable":true,"href":"https:\/\/www.europesays.com\/de\/wp-json\/wp\/v2\/categories?post=1188898"},{"taxonomy":"post_tag","embeddable":true,"href":"https:\/\/www.europesays.com\/de\/wp-json\/wp\/v2\/tags?post=1188898"}],"curies":[{"name":"wp","href":"https:\/\/api.w.org\/{rel}","templated":true}]}}