{"id":1188973,"date":"2026-07-24T06:14:16","date_gmt":"2026-07-24T06:14:16","guid":{"rendered":"https:\/\/www.europesays.com\/de\/1188973\/"},"modified":"2026-07-24T06:14:16","modified_gmt":"2026-07-24T06:14:16","slug":"transformation-gemeinsam-gestalten-energy4u-bringt-mittelstand-und-innovation-zusammen","status":"publish","type":"post","link":"https:\/\/www.europesays.com\/de\/1188973\/","title":{"rendered":"Transformation gemeinsam gestalten: \u201eEnergy4u\u201c bringt Mittelstand und Innovation zusammen"},"content":{"rendered":"<p>Rund um die Themen Energieeffizienz, Betriebsoptimierung, W\u00e4rmeversorgung, Ladeinfrastruktur, Energiespeicher und innovative Technologien kamen Unternehmer, Wissenschaft, Politik und regionale Partner zusammen, um konkrete L\u00f6sungen f\u00fcr den Mittelstand zu diskutieren.<\/p>\n<p>Veranstalter war das EnergieForum der Stadt Karlsruhe, das seit 20 Jahren den Austausch zwischen Wirtschaft, Wissenschaft und Politik rund um innovative Energietechnologien f\u00f6rdert, zusammen mit der Hochschule Karlsruhe und dem \u201eGreen Energy Lab Reallabor\u201c, dem Innovationszentrum von \u201eRothweiler Feinwerkmechanik\u201c. Ob Austausch oder praxisnahe Impulse: Zum Auftakt betonten Karlsruhes Erste B\u00fcrgermeisterin Bettina Lisbach und Andrea B\u00fchler vom EnergieForum Karlsruhe die Bedeutung und Wichtigkeit gemeinsamer Strategien f\u00fcr einen resilienten Mittelstand und die enge Zusammenarbeit regionaler Akteure.<\/p>\n<p>Von der Geb\u00e4udeh\u00fclle bis zum intelligenten Energiemanagement<\/p>\n<p>Den Schwerpunkt der ersten Fachsession bildete die Frage, wie Unternehmen ihren Energieverbrauch wirtschaftlich optimieren k\u00f6nnen. Laura Geyer von der \u201eEnergieberatung Geyer\u201c zeigte auf, wie sich bereits am Schornstein der energetische Sanierungsbedarf eines Geb\u00e4udes erkennen l\u00e4sst; hier sei eine Praxisbetrachtung n\u00f6tig! Benjamin Kirchg\u00e4ssner von \u201ee0 Energiekonzepte\u201c erl\u00e4uterte \u2013 mit Blick auf Planungssicherheit, Vorgaben, Immobilienwert und F\u00f6rderm\u00f6glichkeiten \u2013 den Mehrwert individueller Sanierungsfahrpl\u00e4ne f\u00fcr Wohngeb\u00e4ude als Grundlage langfristiger Investitionen. Grundlagenermittlung, Systembeschreibung, Simulation, Auswertung und Empfehlung: Wie datenbasierte Analysen Investitionsentscheidungen verbessern k\u00f6nnen, erkl\u00e4rte Gunnar B\u00f6ttger von \u201eSES Ingenieure GmbH\u201c anhand der Multiparameteranalyse. Es brauche praxisnahe Beispiele statt theoretischer Konzepte: Dr. Jan Br\u00f6cking von \u201eEnergowise\u201c demonstrierte am Praxisbeispiel des \u201eGreen Energy Lab Reallabors\u201c, wie KMU mithilfe von Lastganganalysen und intelligentem Energiemanagement ihre Energieverbr\u00e4uche optimieren und wirtschaftliche Potenziale erschlie\u00dfen k\u00f6nnen. Dies erm\u00f6gliche eine Skalierbarkeit der Konzepte.<\/p>\n<p>Innovative Technologien f\u00fcr die Energiewende<\/p>\n<p>Am Nachmittag standen aktuelle Entwicklungen rund um Photovoltaik, Energiespeicherung und Ladeinfrastruktur im Fokus. Sascha Eckerter von der Hochschule Karlsruhe stellte neueste Forschungsergebnisse zur Ertragsoptimierung von Photovoltaikanlagen vor und zeigte, wie sich mittels Innovation Verschattungseinfl\u00fcsse minimieren lassen. Einen Blick auf innovative und verl\u00e4ssliche Speichertechnologien warf Dr. Jens Willenbockel von \u201epowerloop tech GmbH\u201c mit den neuesten Natrium-Metall-Chlorid-Batterien, die Strom in Salz speichern. Joshua Kr\u00e4mer von \u201eSTZ Energieberatung\u201c pr\u00e4sentierte moderne L\u00f6sungen f\u00fcr Energieberatung und Energiemonitoring in Industrie- und Gewerbegeb\u00e4uden, griff dabei Daten des \u201eGreen Energy Lab Reallabors\u201c auf. Vieles sei schon bei der Planung vermeidbar, betonte Dr. Br\u00f6cking zum Abschluss \u2013 und zeigte auf, wie Unternehmen Ladeinfrastruktur intelligent in ein ganzheitliches Energiemanagement integrieren und so Elektromobilit\u00e4t mit einer wirtschaftlichen Energieversorgung verbinden k\u00f6nnen. Lastmanagement optimiere das Laden, Energiemanagement optimiere das Zusammenspiel des Standorts.<\/p>\n<p>Innovation braucht Austausch<\/p>\n<p>Neben den Fachvortr\u00e4gen bot \u201eEnergy4u\u201czahlreiche Gelegenheiten zum Netzwerken; Unternehmer, Forschungseinrichtungen und Vertreter aus Politik und Wirtschaft nutzten die Plattform, um Erfahrungen auszutauschen, Kooperationen anzusto\u00dfen und neue Impulse f\u00fcr die Transformation des Mittelstands mitzunehmen.<\/p>\n<p>Die Veranstaltung machte deutlich: Die Energie- und W\u00e4rmewende gelingt nur im Zusammenspiel von Innovation, Forschung und Praxis. Mit ihrem Mix aus wissenschaftlichen Erkenntnissen, konkreten Anwendungsbeispielen und regionalem Netzwerk zeigte \u201eEnergy4u\u201c, wie Unternehmen die Transformation aktiv gestalten und zugleich ihre Wettbewerbsf\u00e4higkeit st\u00e4rken k\u00f6nnen. Gerade f\u00fcr den Mittelstand biete der kontinuierliche Wissenstransfer zwischen Forschung und Praxis \u201eentscheidende Impulse, um Transformation aktiv zu gestalten und die Wettbewerbsf\u00e4higkeit langfristig zu sichern, so B\u00fchler. Das \u201eGreen Energy Lab Reallabor\u201c erwies sich dabei als passender Ort, an dem innovative Technologien nicht nur vorgestellt, sondern auch praxisnah erlebbar wurden.<\/p>\n","protected":false},"excerpt":{"rendered":"Rund um die Themen Energieeffizienz, Betriebsoptimierung, W\u00e4rmeversorgung, Ladeinfrastruktur, Energiespeicher und innovative Technologien kamen Unternehmer, Wissenschaft, Politik und regionale&hellip;\n","protected":false},"author":2,"featured_media":1188974,"comment_status":"","ping_status":"","sticky":false,"template":"","format":"standard","meta":{"footnotes":"","_share_on_mastodon":"0"},"categories":[1842],"tags":[1741,3364,29,147619,248264,248265,30,1209,202882],"class_list":["post-1188973","post","type-post","status-publish","format-standard","has-post-thumbnail","category-bonn","tag-bonn","tag-de","tag-deutschland","tag-energietechnik","tag-energy4u","tag-fachvortraege","tag-germany","tag-nordrhein-westfalen","tag-pfinztal"],"share_on_mastodon":{"url":"https:\/\/pubeurope.com\/@de\/116973487149765991","error":""},"_links":{"self":[{"href":"https:\/\/www.europesays.com\/de\/wp-json\/wp\/v2\/posts\/1188973","targetHints":{"allow":["GET"]}}],"collection":[{"href":"https:\/\/www.europesays.com\/de\/wp-json\/wp\/v2\/posts"}],"about":[{"href":"https:\/\/www.europesays.com\/de\/wp-json\/wp\/v2\/types\/post"}],"author":[{"embeddable":true,"href":"https:\/\/www.europesays.com\/de\/wp-json\/wp\/v2\/users\/2"}],"replies":[{"embeddable":true,"href":"https:\/\/www.europesays.com\/de\/wp-json\/wp\/v2\/comments?post=1188973"}],"version-history":[{"count":0,"href":"https:\/\/www.europesays.com\/de\/wp-json\/wp\/v2\/posts\/1188973\/revisions"}],"wp:featuredmedia":[{"embeddable":true,"href":"https:\/\/www.europesays.com\/de\/wp-json\/wp\/v2\/media\/1188974"}],"wp:attachment":[{"href":"https:\/\/www.europesays.com\/de\/wp-json\/wp\/v2\/media?parent=1188973"}],"wp:term":[{"taxonomy":"category","embeddable":true,"href":"https:\/\/www.europesays.com\/de\/wp-json\/wp\/v2\/categories?post=1188973"},{"taxonomy":"post_tag","embeddable":true,"href":"https:\/\/www.europesays.com\/de\/wp-json\/wp\/v2\/tags?post=1188973"}],"curies":[{"name":"wp","href":"https:\/\/api.w.org\/{rel}","templated":true}]}}