{"id":1189048,"date":"2026-07-24T07:08:17","date_gmt":"2026-07-24T07:08:17","guid":{"rendered":"https:\/\/www.europesays.com\/de\/1189048\/"},"modified":"2026-07-24T07:08:17","modified_gmt":"2026-07-24T07:08:17","slug":"dfb-per-mertesacker-wird-offenbar-neuer-geschaeftsfuehrer-sport","status":"publish","type":"post","link":"https:\/\/www.europesays.com\/de\/1189048\/","title":{"rendered":"DFB: Per Mertesacker wird offenbar neuer Gesch\u00e4ftsf\u00fchrer Sport"},"content":{"rendered":"<p>Weltmeister hatte Gespr\u00e4che best\u00e4tigt <\/p>\n<p>Einigung offenbar da: Mertesacker neuer DFB-Boss?<\/p>\n<p>Aktualisiert am 24.07.2026 &#8211; 08:22 UhrLesedauer: 1 Min.<\/p>\n<p><a href=\"#focus-0\" class=\"transition-colors block text-current relative\" data-sctrack=\"FocusGalleryImage.Reference\"><img fetchpriority=\"high\" data-testid=\"Opener.Image\"   loading=\"eager\" src=\"https:\/\/www.europesays.com\/de\/wp-content\/uploads\/2026\/07\/per-mertesacker-der-ehemalige-innenverteidiger-soll-eine-wichtige-rolle-bekommen.jpg\" alt=\"Per Mertesacker: Der ehemalige Innenverteidiger soll eine wichtige Rolle bekommen.\" title=\"Per Mertesacker: Der ehemalige Innenverteidiger soll eine wichtige Rolle bekommen.\" width=\"6122\" height=\"3444\" class=\"bg-[url:var(--lqipURL)] bg-cover bg-center flex h-full w-full max-w-full\" style=\"--lqipURL:url('https:\/\/images.t-online.de\/2026\/07\/hbTIVVntjFdo\/1319x132:6122x3444\/fit-in\/150x0\/filters:blur(25)\/per-mertesacker-der-ehemalige-innenverteidiger-soll-eine-wichtige-rolle-bekommen.jpg')\" decoding=\"async\"\/><img loading=\"lazy\" src=\"https:\/\/www.t-online.de\/s\/paper\/_next\/static\/media\/zoom-in.f7dae02f.svg\" alt=\"Vergr\u00f6\u00dfern des Bildes\" title=\"Vergr\u00f6\u00dfern des Bildes\" class=\"block h-[calc(var(--height)_\/_16_*_1rem)] w-[calc(var(--width)_\/_16_*_1rem)] max-w-none absolute right-8 bottom-8 rounded-4 bg-snow p-8\" style=\"--width:32;--height:32\" decoding=\"async\"\/><\/a><\/p>\n<p>Per Mertesacker: Der ehemalige Innenverteidiger soll eine wichtige Rolle bekommen. (Quelle: IMAGO\/Ulrich Hufnagel)<\/p>\n<p><img loading=\"lazy\" src=\"https:\/\/www.t-online.de\/s\/paper\/_next\/static\/media\/audio-volume.6689034c.svg\" alt=\"\" title=\"\" class=\"block h-[calc(var(--height)_\/_16_*_1rem)] w-[calc(var(--width)_\/_16_*_1rem)] max-w-none group-hover:brightness-0 group-hover:invert\" style=\"--width:16;--height:16\" decoding=\"async\"\/>Vorlesen<\/p>\n<p>Aktuelle Zeit:0:00Gesamtdauer:0:00<\/p>\n<p>1x<\/p>\n<p class=\"text-center\">Jetzt neu bei t-online:<\/p>\n<p class=\"text-center\">Schriftgr\u00f6\u00dfe anpassen!<\/p>\n<p><img loading=\"lazy\" src=\"https:\/\/www.t-online.de\/s\/paper\/_next\/static\/media\/font-sizes.32942e33.svg\" alt=\"\" title=\"\" class=\"block h-[calc(var(--height)_\/_16_*_1rem)] w-[calc(var(--width)_\/_16_*_1rem)] max-w-none group-hover:hidden group-aria-expanded:hidden\" style=\"--width:16;--height:16\" decoding=\"async\"\/><img loading=\"lazy\" src=\"https:\/\/www.t-online.de\/s\/paper\/_next\/static\/media\/font-sizes-dark-mode.e382645c.svg\" alt=\"\" title=\"\" class=\"block h-[calc(var(--height)_\/_16_*_1rem)] w-[calc(var(--width)_\/_16_*_1rem)] max-w-none hidden group-hover:block group-aria-expanded:block\" style=\"--width:16;--height:16\" decoding=\"async\"\/><img loading=\"lazy\" src=\"https:\/\/www.t-online.de\/s\/paper\/_next\/static\/media\/sharing-menu-icon.1eb71368.svg\" alt=\"\" title=\"\" class=\"block h-[calc(var(--height)_\/_16_*_1rem)] w-[calc(var(--width)_\/_16_*_1rem)] max-w-none group-hover:brightness-0 group-hover:invert\" style=\"--width:16;--height:16\" decoding=\"async\"\/>Artikel teilen<\/p>\n<p class=\"font-bold text-18 leading-17 user-text-lg:text-22 user-text-xl:text-24\">Der DFB sucht nicht nur einen neuen Bundestrainer, sondern auch einen Gesch\u00e4ftsf\u00fchrer. Die Suche hat offenbar ein Ende.<\/p>\n<p class=\"text-18 leading-17 user-text-lg:text-22 user-text-xl:text-24\"><a href=\"https:\/\/www.t-online.de\/themen\/per-mertesacker\/\" class=\"transition-colors cursor-pointer no-underline md:hover:text-magenta md:focus:text-magenta border-b border-solid border-current text-salemsfur md:hover:border-magenta\" data-tracking=\"{&quot;action&quot;:&quot;click&quot;,&quot;category&quot;:&quot;intextLink&quot;,&quot;label&quot;:&quot;\/themen\/per-mertesacker\/&quot;}\" data-sctrack=\"BodyAnchor\" rel=\"nofollow noopener\" target=\"_blank\">Per Mertesacker<\/a> wird offenbar der neue Gesch\u00e4ftsf\u00fchrer Sport beim DFB. Der Weltmeister von 2014 tritt damit laut ntv\/RTL und Sky die Nachfolge von Andreas Rettig an. Rettigs Vertrag l\u00e4uft zum Jahresende aus, Mertesacker soll ab Januar dann die Geschicke \u00fcbernehmen und einen langfristigen Vertrag erhalten. In der Zeit bis dahin soll der ehemalige Innenverteidiger eingearbeitet werden.<\/p>\n<p class=\"text-18 leading-17 user-text-lg:text-22 user-text-xl:text-24\">Mit der Verpflichtung des 41-J\u00e4hrigen w\u00fcrde der <a href=\"https:\/\/www.t-online.de\/themen\/dfb\/\" class=\"transition-colors cursor-pointer no-underline md:hover:text-magenta md:focus:text-magenta border-b border-solid border-current text-salemsfur md:hover:border-magenta\" data-tracking=\"{&quot;action&quot;:&quot;click&quot;,&quot;category&quot;:&quot;intextLink&quot;,&quot;label&quot;:&quot;\/themen\/dfb\/&quot;}\" data-sctrack=\"BodyAnchor\" rel=\"nofollow noopener\" target=\"_blank\">DFB<\/a> sein Vorhaben umsetzen, fr\u00fchere Spitzenspieler in verantwortungsvoller Position einzubinden. Mertesacker hatte zuletzt als WM-Experte f\u00fcr das <a href=\"https:\/\/www.t-online.de\/themen\/zdf\/\" class=\"transition-colors cursor-pointer no-underline md:hover:text-magenta md:focus:text-magenta border-b border-solid border-current text-salemsfur md:hover:border-magenta\" data-tracking=\"{&quot;action&quot;:&quot;click&quot;,&quot;category&quot;:&quot;intextLink&quot;,&quot;label&quot;:&quot;\/themen\/zdf\/&quot;}\" data-sctrack=\"BodyAnchor\" rel=\"nofollow noopener\" target=\"_blank\">ZDF<\/a> gearbeitet. Im Hauptjob war er bis zum Ende der abgelaufenen Saison Leiter der Jugendakademie des englischen Meisters <a href=\"https:\/\/www.t-online.de\/themen\/fc-arsenal-london\/\" class=\"transition-colors cursor-pointer no-underline md:hover:text-magenta md:focus:text-magenta border-b border-solid border-current text-salemsfur md:hover:border-magenta\" data-tracking=\"{&quot;action&quot;:&quot;click&quot;,&quot;category&quot;:&quot;intextLink&quot;,&quot;label&quot;:&quot;\/themen\/fc-arsenal-london\/&quot;}\" data-sctrack=\"BodyAnchor\" rel=\"nofollow noopener\" target=\"_blank\">FC Arsenal<\/a>. Der 63 Jahre alte Rettig wollte seinen Vertrag \u2013 allerdings unabh\u00e4ngig vom fr\u00fchen WM-Aus im Sechzehntelfinale \u2013 nicht verl\u00e4ngern.<\/p>\n<ul class=\"text-18 leading-17 block pl-24 *:pb-16 *:before:inline-block *:before:size-8 *:before:bg-magenta *:before:mt-0 *:before:mr-12 *:before:mb-2 *:before:-ml-[20px]\">\n<li><strong class=\"font-bold\">Wut wegen Schiedsrichter<\/strong>: <a href=\"https:\/\/www.t-online.de\/sport\/fussball\/wm\/id_101356052\/wm-2026-fans-aus-argentinien-fordern-wiederholung-des-finales.html\" class=\"transition-colors cursor-pointer no-underline md:hover:text-magenta md:focus:text-magenta border-b border-solid border-current text-salemsfur md:hover:border-magenta\" data-tracking=\"{&quot;action&quot;:&quot;click&quot;,&quot;category&quot;:&quot;intextLink&quot;,&quot;label&quot;:&quot;\/sport\/fussball\/wm\/id_101356052\/wm-2026-fans-aus-argentinien-fordern-wiederholung-des-finales.html&quot;}\" data-sctrack=\"BodyAnchor\" rel=\"nofollow noopener\" target=\"_blank\">Argentinier fordern Wiederholung des WM-Finales<\/a><\/li>\n<li><strong class=\"font-bold\">Wappenstreit und Zwangsabstieg<\/strong>: <a href=\"https:\/\/www.t-online.de\/sport\/fussball\/id_101355506\/wappenstreit-und-zwangsabstieg-der-bizarre-neustart-von-1860-muenchen.html\" class=\"transition-colors cursor-pointer no-underline md:hover:text-magenta md:focus:text-magenta border-b border-solid border-current text-salemsfur md:hover:border-magenta\" data-tracking=\"{&quot;action&quot;:&quot;click&quot;,&quot;category&quot;:&quot;intextLink&quot;,&quot;label&quot;:&quot;\/sport\/fussball\/id_101355506\/wappenstreit-und-zwangsabstieg-der-bizarre-neustart-von-1860-muenchen.html&quot;}\" data-sctrack=\"BodyAnchor\" rel=\"nofollow noopener\" target=\"_blank\">Der bizarre Neustart von 1860 M\u00fcnchen<\/a><\/li>\n<\/ul>\n<p class=\"text-18 leading-17 user-text-lg:text-22 user-text-xl:text-24\">Mertesacker ist eine von mehreren neuen Personalien beim DFB. Die prominenteste ist die des designierten Bundestrainer <a href=\"https:\/\/www.t-online.de\/themen\/juergen-klopp\/\" class=\"transition-colors cursor-pointer no-underline md:hover:text-magenta md:focus:text-magenta border-b border-solid border-current text-salemsfur md:hover:border-magenta\" data-tracking=\"{&quot;action&quot;:&quot;click&quot;,&quot;category&quot;:&quot;intextLink&quot;,&quot;label&quot;:&quot;\/themen\/juergen-klopp\/&quot;}\" data-sctrack=\"BodyAnchor\" rel=\"nofollow noopener\" target=\"_blank\">J\u00fcrgen Klopp<\/a>, der am heutigen Freitag um 11 Uhr vorgestellt werden soll. In der Einladung zu dem Termin in Frankfurt fehlt der Name des Erfolgstrainers zwar noch.<\/p>\n<p class=\"text-18 leading-17 user-text-lg:text-22 user-text-xl:text-24\">Doch das hat formale Gr\u00fcnde, da Gesellschafterversammlung und Aufsichtsrat der DFB GmbH und Co. KG der Ernennung noch zustimmen m\u00fcssen. Die Gremien kommen am Vormittag zuvor in einer digitalen Schalte zusammen.<\/p>\n","protected":false},"excerpt":{"rendered":"Weltmeister hatte Gespr\u00e4che best\u00e4tigt Einigung offenbar da: Mertesacker neuer DFB-Boss? Aktualisiert am 24.07.2026 &#8211; 08:22 UhrLesedauer: 1 Min.&hellip;\n","protected":false},"author":2,"featured_media":1189049,"comment_status":"","ping_status":"","sticky":false,"template":"","format":"standard","meta":{"footnotes":"","_share_on_mastodon":"0"},"categories":[136],"tags":[70295,29,481,30,54194,640,265],"class_list":["post-1189048","post","type-post","status-publish","format-standard","has-post-thumbnail","category-sport","tag-andreas-rettig","tag-deutschland","tag-dfb","tag-germany","tag-per-mertesacker","tag-rtl","tag-sport"],"share_on_mastodon":{"url":"https:\/\/pubeurope.com\/@de\/116973702637096596","error":""},"_links":{"self":[{"href":"https:\/\/www.europesays.com\/de\/wp-json\/wp\/v2\/posts\/1189048","targetHints":{"allow":["GET"]}}],"collection":[{"href":"https:\/\/www.europesays.com\/de\/wp-json\/wp\/v2\/posts"}],"about":[{"href":"https:\/\/www.europesays.com\/de\/wp-json\/wp\/v2\/types\/post"}],"author":[{"embeddable":true,"href":"https:\/\/www.europesays.com\/de\/wp-json\/wp\/v2\/users\/2"}],"replies":[{"embeddable":true,"href":"https:\/\/www.europesays.com\/de\/wp-json\/wp\/v2\/comments?post=1189048"}],"version-history":[{"count":0,"href":"https:\/\/www.europesays.com\/de\/wp-json\/wp\/v2\/posts\/1189048\/revisions"}],"wp:featuredmedia":[{"embeddable":true,"href":"https:\/\/www.europesays.com\/de\/wp-json\/wp\/v2\/media\/1189049"}],"wp:attachment":[{"href":"https:\/\/www.europesays.com\/de\/wp-json\/wp\/v2\/media?parent=1189048"}],"wp:term":[{"taxonomy":"category","embeddable":true,"href":"https:\/\/www.europesays.com\/de\/wp-json\/wp\/v2\/categories?post=1189048"},{"taxonomy":"post_tag","embeddable":true,"href":"https:\/\/www.europesays.com\/de\/wp-json\/wp\/v2\/tags?post=1189048"}],"curies":[{"name":"wp","href":"https:\/\/api.w.org\/{rel}","templated":true}]}}