{"id":1189164,"date":"2026-07-24T08:17:18","date_gmt":"2026-07-24T08:17:18","guid":{"rendered":"https:\/\/www.europesays.com\/de\/1189164\/"},"modified":"2026-07-24T08:17:18","modified_gmt":"2026-07-24T08:17:18","slug":"radtour-adfc-pinneberg-erkundet-hamburgs-gruenen-ring","status":"publish","type":"post","link":"https:\/\/www.europesays.com\/de\/1189164\/","title":{"rendered":"Radtour: ADFC Pinneberg erkundet Hamburgs Gr\u00fcnen Ring"},"content":{"rendered":"<p class=\"\">\n                    Am Sonntag, 2. August, bietet der ADFC Pinneberg eine Radtour entlang des Gr\u00fcnen Rings 2 in Hamburg an. Auf dieser Tour zeigt sich Hamburg von seiner sch\u00f6nsten, der gr\u00fcnen Seite. Die Route f\u00fchrt fast ausschlie\u00dflich durch Parks und Gr\u00fcnz\u00fcge Hamburgs.<\/p>\n<p>Von Pinneberg aus startet die Tour zun\u00e4chst durch Halstenbek zum Niendorfer Gehege, wo der Hamburger Gr\u00fcne Ring erreicht wird. Am Flughafen entlang geht es dann durch Kleing\u00e4rten und an der Alster entlang bis nach Ohlsdorf, \u00fcber den Ohlsdorfer Friedhof in Richtung Farmsen und durch das Jenfelder Moor zum \u00d6jendorfer See. Entlang der Glinder Au, durch die Boberger Niederung und anschlie\u00dfend \u00fcber die Elbinsel Kaltehofe sowie den Entenwerder Park f\u00fchrt die Route dann zur Veddel. Hier endet die Tour, die R\u00fcckfahrt wird individuell mit der S-Bahn angetreten. Wer m\u00f6chte, f\u00e4hrt in Eigenregie mit dem Rad weiter oder zusammen mit dem Tourleiter zur\u00fcck nach Pinneberg.\n            <\/p>\n<p>\n                                Radlertreff jeden 2. Dienstag im Monat<br \/>\n                            Foto: ADFC Pinneberg<\/p>\n<p><img decoding=\"async\" src=\"https:\/\/www.europesays.com\/de\/wp-content\/uploads\/2026\/07\/cc10f487e024a482.jpg\" title=\"Radlertreff jeden 2. Dienstag im Monat\" alt=\"Radlertreff jeden 2. Dienstag im Monat\" class=\"lightbox__single-image__content__image-wrapper__img\" loading=\"lazy\" width=\"375\" height=\"210\"\/>Icon MaximizeIcon Lightbox Maximize<\/p>\n<p>SchliessenX ZeichenKleines Zeichen welches ein X symbolisiert<\/p>\n<p><img decoding=\"async\" class=\"lightbox--enabled__container__image-wrapper__img\" src=\"\" alt=\"\"\/><\/p>\n<p class=\"\">\n                    Die Tour startet um 10 Uhr an der Drostei in Pinneberg und ist (bis Veddel) etwa 65 km lang, die Fahrgeschwindigkeit wird zwischen 17 und 20 km\/h liegen. Inklusive der R\u00fcckfahrt mit dem Rad betr\u00e4gt die Streckenl\u00e4nge etwa 95 km. Das Ende ist f\u00fcr etwa 17 Uhr am Bahnhof Pinneberg geplant.<\/p>\n<p>Die Radtouren des ADFC Pinneberg stehen allen Interessierten offen, eine Anmeldung ist nicht notwendig.<\/p>\n<p>Weitere Radtouren des ADFC Pinneberg:<br \/><a href=\"https:\/\/www.adfc-pinneberg.de\/radtouren\" class=\"link underline-blue\" title=\"\" target=\"_self\" rel=\"nofollow noopener\">https:\/\/www.adfc-pinneberg.de\/radtouren<\/a><\/p>\n<p>Radtour des ADFC Pinneberg: Es gr\u00fcnt so gr\u00fcn \u2013 nordw\u00e4rts \u2013 Hamburger Gr\u00fcner Ring<br \/>Sonntag, 2. August, zehn Uhr bis 17 Uhr<\/p>\n<p>Dieser Text wurde erstellt von:<br \/>Hauke Krohn<br \/>ADFC Pinneberg\n            <\/p>\n","protected":false},"excerpt":{"rendered":"Am Sonntag, 2. August, bietet der ADFC Pinneberg eine Radtour entlang des Gr\u00fcnen Rings 2 in Hamburg an.&hellip;\n","protected":false},"author":2,"featured_media":1189165,"comment_status":"","ping_status":"","sticky":false,"template":"","format":"standard","meta":{"footnotes":"","_share_on_mastodon":"0"},"categories":[1826],"tags":[21,29,1234,30,15951,692,20873,2087,524],"class_list":["post-1189164","post","type-post","status-publish","format-standard","has-post-thumbnail","category-hamburg","tag-buendnis-90-die-gruenen","tag-deutschland","tag-fahrrad","tag-germany","tag-halstenbek","tag-hamburg","tag-landschaft","tag-pinneberg","tag-strasse"],"share_on_mastodon":{"url":"","error":""},"_links":{"self":[{"href":"https:\/\/www.europesays.com\/de\/wp-json\/wp\/v2\/posts\/1189164","targetHints":{"allow":["GET"]}}],"collection":[{"href":"https:\/\/www.europesays.com\/de\/wp-json\/wp\/v2\/posts"}],"about":[{"href":"https:\/\/www.europesays.com\/de\/wp-json\/wp\/v2\/types\/post"}],"author":[{"embeddable":true,"href":"https:\/\/www.europesays.com\/de\/wp-json\/wp\/v2\/users\/2"}],"replies":[{"embeddable":true,"href":"https:\/\/www.europesays.com\/de\/wp-json\/wp\/v2\/comments?post=1189164"}],"version-history":[{"count":0,"href":"https:\/\/www.europesays.com\/de\/wp-json\/wp\/v2\/posts\/1189164\/revisions"}],"wp:featuredmedia":[{"embeddable":true,"href":"https:\/\/www.europesays.com\/de\/wp-json\/wp\/v2\/media\/1189165"}],"wp:attachment":[{"href":"https:\/\/www.europesays.com\/de\/wp-json\/wp\/v2\/media?parent=1189164"}],"wp:term":[{"taxonomy":"category","embeddable":true,"href":"https:\/\/www.europesays.com\/de\/wp-json\/wp\/v2\/categories?post=1189164"},{"taxonomy":"post_tag","embeddable":true,"href":"https:\/\/www.europesays.com\/de\/wp-json\/wp\/v2\/tags?post=1189164"}],"curies":[{"name":"wp","href":"https:\/\/api.w.org\/{rel}","templated":true}]}}