{"id":1189294,"date":"2026-07-24T09:32:14","date_gmt":"2026-07-24T09:32:14","guid":{"rendered":"https:\/\/www.europesays.com\/de\/1189294\/"},"modified":"2026-07-24T09:32:14","modified_gmt":"2026-07-24T09:32:14","slug":"zur-medienmitteilung-regierungspraesidium-stuttgart-15","status":"publish","type":"post","link":"https:\/\/www.europesays.com\/de\/1189294\/","title":{"rendered":"Zur Medienmitteilung | Regierungspr\u00e4sidium Stuttgart"},"content":{"rendered":"<p><strong>Mit der Sammelausschreibung des Landes werden im Regierungsbezirk Stuttgart 15 Br\u00fccken neu gebaut \u2013 darunter auch die Aichtalbr\u00fccke im Zuge der B\u00a0312. Hier stehen von 29. Juli bis 31. Juli 2026 Schadstoffuntersuchungen auf der Br\u00fccke an. Es kommt am 29. Juli 2026 zeitweise zu verkehrlichen Einschr\u00e4nkungen.<\/strong><\/p>\n<p>Die Aichtalbr\u00fccke im Zuge der B\u00a0312, ein Bauwerk bei Aichtal aus dem Jahr 1960, das in Spannbetonbauweise errichtet wurde, muss neu gebaut werden (<a href=\"https:\/\/rps.baden-wuerttemberg.de\/presse\/artikel\/land-erneuert-ueber-sammelausschreibung-15-bruecken-im-regierungsbezirk\/\" target=\"_blank\" class=\"link-arrow\" rel=\"nofollow noopener\">vergleiche Medienmitteilung des Regierungspr\u00e4sidiums Stuttgart vom 23. April 2025<\/a>). Die Planung des Neubaus wird mit einer Sammelausschreibung des Landes durchgef\u00fchrt.\u00a0<\/p>\n<p>Als Grundlage f\u00fcr die weiteren Planungs- und R\u00fcckbauschritte finden am <strong>Mittwoch, 29. Juli, bis Freitag, 31. Juli 2026,<\/strong> Schadstoffuntersuchungen auf der Aichtalbr\u00fccke statt. Mit Schadstoffen belastete Bauteile m\u00fcssten dann mit R\u00fcckbau der Aichtalbr\u00fccke gesondert entsorgt werden. Bei der Untersuchung werden am Bauwerk Bohrproben entnommen und auf m\u00f6gliche Schadstoffe untersucht. Bei geplanten Ersatzneubauten ist dies der Regelfall. Dabei wird unter anderem gepr\u00fcft, ob m\u00f6glicherweise Asbest im Br\u00fcckenbauwerk vorhanden ist. Die verkehrsrelevanten Arbeiten finden <strong>am Mittwoch, 29. Juli 2026,<\/strong> statt. Die hierf\u00fcr erforderlichen Verkehrssicherungsma\u00dfnahmen werden au\u00dferhalb der Hauptverkehrszeiten eingerichtet. Alle Verkehrsbeziehungen bleiben w\u00e4hrend der Untersuchung erhalten. W\u00e4hrend der Probenahme wird der Verkehr mithilfe einer tempor\u00e4ren Ampelanlage geregelt. Dadurch kommt es zeitweise zu verkehrlichen Einschr\u00e4nkungen.\u00a0<\/p>\n<p>Die ARGE und das RPS bitten alle Verkehrsteilnehmerinnen und Verkehrsteilnehmer um Verst\u00e4ndnis f\u00fcr die Beeintr\u00e4chtigungen w\u00e4hrend der Schadstoffuntersuchung.<\/p>\n<p>Aktuelle Informationen \u00fcber Stra\u00dfenbaustellen im Land k\u00f6nnen Interessierte auf der Internetseite der Stra\u00dfenverkehrszentrale des Landes Baden-W\u00fcrttemberg unter\u00a0<a href=\"http:\/\/www.verkehrsinfo-bw.de\" target=\"_blank\" class=\"link-external\" rel=\"noreferrer nofollow noopener\">www.verkehrsinfo-bw.de<\/a> abrufen.<\/p>\n<p><strong>Hintergrundinformationen<\/strong><\/p>\n<p>Das Land hat \u00fcber die Sammelausschreibung f\u00fcr 15 Br\u00fccken im Stuttgarter Regierungsbezirk eine Arbeitsgemeinschaft beauftragt, die aus vier Ingenieurb\u00fcros besteht. Neben der Entwurfsplanung f\u00fcr die Ersatzneubauten erbringt und koordiniert die ARGE auch die erforderlichen Fachplanungen. Dazu geh\u00f6ren beispielsweise Stra\u00dfenplanung, Baugrundgutachten und naturschutzfachliche Untersuchungen. Diese m\u00fcssen zudem durch die ARGE mit betroffenen Stellen wie den beteiligten Beh\u00f6rden abgestimmt werden.<\/p>\n<p>Weitere Informationen zur Sammelausschreibung f\u00fcr das Land und zur Br\u00fcckensicherheit finden Sie in Medienmitteilungen des Ministeriums f\u00fcr Verkehr vom\u00a0<a href=\"https:\/\/vm.baden-wuerttemberg.de\/de\/service\/presse\/pressemitteilung\/pid\/land-erneuert-31-bruecken-mit-einem-auftrag-1\" target=\"_blank\" class=\"link-external\" rel=\"noreferrer nofollow noopener\">8. Oktober 2024<\/a> sowie vom\u00a0<a href=\"https:\/\/vm.baden-wuerttemberg.de\/de\/service\/presse\/pressemitteilung\/pid\/land-reagiert-bei-brueckensicherheit\" target=\"_blank\" class=\"link-external\" rel=\"noreferrer nofollow noopener\">19. Dezember 2024<\/a>.<\/p>\n<p>Ebenfalls am 19. Dezember 2024 hat das RPS eine Medienmitteilung zum\u00a0<a href=\"https:\/\/rp.baden-wuerttemberg.de\/rps\/presse\/artikel\/bruecken-mit-spannungsrisskorrosionsempfindlichem-spannstahl-im-regierungsbezirk-stuttgart\/\" target=\"_blank\" class=\"link-arrow\" rel=\"nofollow noopener\">Thema: \u201eBr\u00fccken mit spannungsrisskorrosionsempfindlichen Spannstahl im Regierungsbezirk Stuttgart\u201c<\/a> ver\u00f6ffentlicht. Ein Teil dieser Br\u00fccken ist in der Sammelausschreibung des Landes enthalten, zu der eine Medienmitteilung am\u00a0<a href=\"https:\/\/rp.baden-wuerttemberg.de\/rps\/presse\/artikel\/land-erneuert-ueber-sammelausschreibung-15-bruecken-im-regierungsbezirk\/\" target=\"_blank\" class=\"link-arrow\" rel=\"nofollow noopener\">23. April 2025<\/a> ver\u00f6ffentlicht worden ist.<\/p>\n<p>Zum Br\u00fcckenerhaltungsprogramm bis 2030 gibt es au\u00dferdem weitere Informationen in den Medienmitteilungen des Ministeriums f\u00fcr Verkehr vom\u00a0<a href=\"https:\/\/vm.baden-wuerttemberg.de\/de\/service\/presse\/pressemitteilung\/pid\/land-stellt-umsetzungsplan-zur-erhaltung-der-bruecken-vor\" target=\"_blank\" class=\"link-external\" rel=\"noreferrer nofollow noopener\">23. Oktober 2025<\/a> und des RPS vom\u00a0<a href=\"https:\/\/rps.baden-wuerttemberg.de\/presse\/artikel\/60-bruecken-an-bundes-und-landesstrassen-sollen-im-regierungsbezirk-stuttgart-bis-zum-jahr-2030-ersetzt-werden\/\" target=\"_blank\" class=\"link-arrow\" rel=\"nofollow noopener\">23. Oktober 2025.<\/a><\/p>\n","protected":false},"excerpt":{"rendered":"Mit der Sammelausschreibung des Landes werden im Regierungsbezirk Stuttgart 15 Br\u00fccken neu gebaut \u2013 darunter auch die Aichtalbr\u00fccke&hellip;\n","protected":false},"author":2,"featured_media":1189295,"comment_status":"","ping_status":"","sticky":false,"template":"","format":"standard","meta":{"footnotes":"","_share_on_mastodon":"0"},"categories":[1830],"tags":[239040,239042,1634,3364,29,5469,30,3438,248343,1441,7349],"class_list":["post-1189294","post","type-post","status-publish","format-standard","has-post-thumbnail","category-stuttgart","tag-aichtalbruecke","tag-b-312","tag-baden-wuerttemberg","tag-de","tag-deutschland","tag-ersatzneubau","tag-germany","tag-landkreis-esslingen","tag-schadstoffuntersuchungen","tag-stuttgart","tag-verkehrseinschraenkungen"],"share_on_mastodon":{"url":"https:\/\/pubeurope.com\/@de\/116974265926213317","error":""},"_links":{"self":[{"href":"https:\/\/www.europesays.com\/de\/wp-json\/wp\/v2\/posts\/1189294","targetHints":{"allow":["GET"]}}],"collection":[{"href":"https:\/\/www.europesays.com\/de\/wp-json\/wp\/v2\/posts"}],"about":[{"href":"https:\/\/www.europesays.com\/de\/wp-json\/wp\/v2\/types\/post"}],"author":[{"embeddable":true,"href":"https:\/\/www.europesays.com\/de\/wp-json\/wp\/v2\/users\/2"}],"replies":[{"embeddable":true,"href":"https:\/\/www.europesays.com\/de\/wp-json\/wp\/v2\/comments?post=1189294"}],"version-history":[{"count":0,"href":"https:\/\/www.europesays.com\/de\/wp-json\/wp\/v2\/posts\/1189294\/revisions"}],"wp:featuredmedia":[{"embeddable":true,"href":"https:\/\/www.europesays.com\/de\/wp-json\/wp\/v2\/media\/1189295"}],"wp:attachment":[{"href":"https:\/\/www.europesays.com\/de\/wp-json\/wp\/v2\/media?parent=1189294"}],"wp:term":[{"taxonomy":"category","embeddable":true,"href":"https:\/\/www.europesays.com\/de\/wp-json\/wp\/v2\/categories?post=1189294"},{"taxonomy":"post_tag","embeddable":true,"href":"https:\/\/www.europesays.com\/de\/wp-json\/wp\/v2\/tags?post=1189294"}],"curies":[{"name":"wp","href":"https:\/\/api.w.org\/{rel}","templated":true}]}}