{"id":1189334,"date":"2026-07-24T09:54:22","date_gmt":"2026-07-24T09:54:22","guid":{"rendered":"https:\/\/www.europesays.com\/de\/1189334\/"},"modified":"2026-07-24T09:54:22","modified_gmt":"2026-07-24T09:54:22","slug":"dfb-verpflichtet-juergen-klopp-als-neuen-bundestrainer","status":"publish","type":"post","link":"https:\/\/www.europesays.com\/de\/1189334\/","title":{"rendered":"DFB verpflichtet J\u00fcrgen Klopp als neuen Bundestrainer"},"content":{"rendered":"<p>            <img loading=\"lazy\" decoding=\"async\" class=\"ts-image\" src=\"https:\/\/www.europesays.com\/de\/wp-content\/uploads\/2026\/07\/juergen-klopp-434.jpg\" alt=\"J\u00fcrgen Klopp\" title=\"J\u00fcrgen Klopp | Getty Images \/ Christian Kaspar-Bartke\"\/><\/p>\n<p class=\"metatextline\">Stand: 24.07.2026 \u2022 11:42 Uhr<\/p>\n<p class=\"article-head__shorttext\">\n        <strong>Er war seit dem Aus f\u00fcr Julian Nagelsmann der \u00f6ffentlich erkl\u00e4rte Wunschnachfolger des Deutschen Fu\u00dfball-Bundes. Nun steht fest: J\u00fcrgen Klopp \u00fcbernimmt den Job als Bundestrainer. <\/strong>\n    <\/p>\n<p class=\"textabsatz m-ten m-offset-one l-eight l-offset-two columns twelve\">Der 59-J\u00e4hrige unterschrieb einen Vertrag bis 2030. Los geht es am 15. August. Das teilte der Verband am Freitagvormittag w\u00e4hrend der Vorstellungsrunde am Frankfurter DFB-Campus mit und verk\u00fcndete zudem die Bestellung von 2014er-Weltmeister Per Mertesacker als Gesch\u00e4ftsf\u00fchrer Sport zum 1. Januar 2027.<\/p>\n<p class=\"textabsatz m-ten m-offset-one l-eight l-offset-two columns twelve\">&#8222;J\u00fcrgen und wir haben sehr intensiv gesprochen. Er war von Anfang an unsere Wunschl\u00f6sung. Er ist voller Energie und hat gro\u00dfe Lust&#8220;, sagte DFB-Pr\u00e4sident Bernd Neuendorf, der zudem die Co-Trainer Pepijn Lijnders, Peter Krawietz und Sven Bender best\u00e4tigte.<\/p>\n<p>    Klopp: &#8222;Demut und Geduld&#8220;<\/p>\n<p class=\"textabsatz m-ten m-offset-one l-eight l-offset-two columns twelve\">&#8222;Es ist ein sehr, sehr besonderer Tag f\u00fcr mich. Es ist eine gro\u00dfe Ehre, hier zu sitzen&#8220;, sagte Klopp: &#8222;Jetzt freue ich mich auf diese besondere Aufgabe im deutschen Fu\u00dfball, die wir gemeinsam mit Demut und Geduld angehen werden: eine Mannschaft zu entwickeln, die f\u00fcreinander k\u00e4mpft, die Freude am Fu\u00dfball hat und hinter der sich die Menschen in unserem Land mit voller \u00dcberzeugung versammeln k\u00f6nnen.&#8220;.<\/p>\n<p>    DFB hatte sich fr\u00fch auf Klopp festgelegt<\/p>\n<p class=\"textabsatz m-ten m-offset-one l-eight l-offset-two columns twelve\">Der DFB hatte seinen Pr\u00e4ferenzen schon in der Pressemitteilung vom 3. Juli zur Trennung von Julian Nagelsmann bekanntgegeben. &#8222;Hinsichtlich der Neubesetzung des Trainerpostens wird die DFB-Spitze nunmehr das Gespr\u00e4ch mit J\u00fcrgen Klopp suchen. Er hat bereits seine grunds\u00e4tzliche Bereitschaft zur \u00dcbernahme des Postens signalisiert&#8220;, hie\u00df es dort.<\/p>\n<p class=\"textabsatz m-ten m-offset-one l-eight l-offset-two columns twelve\">\u00dcberraschend war das nicht. Hartn\u00e4ckig hatten sich die Ger\u00fcchte bereits zuvor gehalten. Als &#8222;MagentaTV&#8220;-Experte bei der WM war Klopp selbst immer wieder mit ihnen konfrontiert &#8211; und heizte sie mit einer mindestens ungl\u00fccklichen Aussage an: &#8222;Zum Gl\u00fcck stellt Julian Nagelsmann die Mannschaft auf, noch&#8220;, sagte er schon vor dem Er\u00f6ffnungsspiel. Es folgte eine Entschuldigung &#8211; und doch schwebte der Name Klopp sp\u00e4testens jetzt verh\u00e4ngnisvoll \u00fcber Nagelsmann.<\/p>\n<p>    Klopp soll DFB-Team zur\u00fcck in die Weltspitze f\u00fchren<\/p>\n<p class=\"textabsatz m-ten m-offset-one l-eight l-offset-two columns twelve\">Mit dessen Aus war der Weg frei &#8211; fast zumindest. Klopp zeigte Bereitschaft, der DFB wollte auch. Doch der fr\u00fchere Meistermacher aus Dortmund und Liverpool hatte nicht nur den Experten-, sondern auch einen Hauptjob als &#8222;Head of Global Soccer&#8220; im Fu\u00dfball-Imperium des \u00f6sterreichischen Getr\u00e4nke- und Sportentertainment-Konzerns &#8222;Red Bull&#8220;. Der DFB zahlt als &#8222;Abl\u00f6sesumme&#8220; eine Million Euro an eine Stiftung von &#8222;Red Bull&#8220;. Zudem wird es in Leipzig drei L\u00e4nderspiele bis 2030 geben. Neuendorf bedankte sich ausdr\u00fccklich bei &#8222;Red Bull&#8220; f\u00fcr die Freigabe Klopps.<\/p>\n<p class=\"textabsatz m-ten m-offset-one l-eight l-offset-two columns twelve\">Nun ist die n\u00f6tige Einigung erzielt und Klopp soll den viermaligen Weltmeister Deutschland zur\u00fcck in die Weltspitze f\u00fchren. Nach seinem Abgang im Sommer 2024 aus Liverpool ist es zugleich seine R\u00fcckkehr an die Seitenlinie. An der feierte er gro\u00dfe Erfolge. Noch als Zweitliga-Profi und ohne Fu\u00dfballlehrer-Lizenz wurde J\u00fcrgen Klopp im Fr\u00fchjahr 2001 zum Trainer seines langj\u00e4hrigen Klubs 1. FSV Mainz 05 berufen. Drei Jahre sp\u00e4ter gelang den Mainzern der erste Bundesliga-Aufstieg der Vereinsgeschichte.<\/p>\n<p class=\"textabsatz m-ten m-offset-one l-eight l-offset-two columns twelve\">2008 schnappte sich Borussia Dortmund den aufstrebenden Trainer. Klopp erweckte die lange Zeit krisengesch\u00fcttelten Schwarz-Gelben zu neuem Leben. Dies gipfelte im Gewinn der Deutschen Meisterschaft 2011 sowie dem Double aus Meisterschaft und DFB-Pokal 2012. Im Jahr darauf zog der BVB sogar ins Champions-League-Finale ein &#8211; verlor dort aber mit 1:2 gegen den FC Bayern.<\/p>\n<p class=\"textabsatz m-ten m-offset-one l-eight l-offset-two columns twelve\">Gut ein Vierteljahr nach seinem Abschied aus Dortmund heuerte Klopp im Oktober 2015 beim englischen Rekordmeister FC Liverpool an. Es sollten goldene Zeiten f\u00fcr die &#8222;Reds&#8220; mit insgesamt acht Troph\u00e4en in neun Jahren werden &#8211; unter anderem 2020 die erste Englische Meisterschaft des Klubs nach 30-j\u00e4hriger Durstrecke sowie der Champions-League-Sieg 2019.<\/p>\n<p>    Erstes Klopp-Spiel am 24. September<\/p>\n<p class=\"textabsatz m-ten m-offset-one l-eight l-offset-two columns twelve\">Die Hoffnungen des DFB und der Fu\u00dfballnation ruhen darauf, dass Klopp an diese Leistungen auch als Bundestrainer ankn\u00fcpfen kann. An sein Nations-League-Deb\u00fct gegen die Niederlande schlie\u00dfen sich &#8211; in einer XXL-L\u00e4nderspielpause &#8211; gleich drei weitere Spiele an. Drei Tage nach dem Duell am 24. September in Amsterdam spielt Deutschland in Augsburg gegen Griechenland. Daraufhin geht es in M\u00fcnchen gegen Serbien (1. Oktober), ehe es direkt zum Ausw\u00e4rtsspiel nach Griechenland geht (4. Oktober).<\/p>\n","protected":false},"excerpt":{"rendered":"Stand: 24.07.2026 \u2022 11:42 Uhr Er war seit dem Aus f\u00fcr Julian Nagelsmann der \u00f6ffentlich erkl\u00e4rte Wunschnachfolger des&hellip;\n","protected":false},"author":2,"featured_media":1189335,"comment_status":"","ping_status":"","sticky":false,"template":"","format":"standard","meta":{"footnotes":"","_share_on_mastodon":"0"},"categories":[136],"tags":[29,5974,347,30,265,59416],"class_list":["post-1189334","post","type-post","status-publish","format-standard","has-post-thumbnail","category-sport","tag-deutschland","tag-dfb-team","tag-fussball","tag-germany","tag-sport","tag-wm-2026"],"share_on_mastodon":{"url":"https:\/\/pubeurope.com\/@de\/116974354058372303","error":""},"_links":{"self":[{"href":"https:\/\/www.europesays.com\/de\/wp-json\/wp\/v2\/posts\/1189334","targetHints":{"allow":["GET"]}}],"collection":[{"href":"https:\/\/www.europesays.com\/de\/wp-json\/wp\/v2\/posts"}],"about":[{"href":"https:\/\/www.europesays.com\/de\/wp-json\/wp\/v2\/types\/post"}],"author":[{"embeddable":true,"href":"https:\/\/www.europesays.com\/de\/wp-json\/wp\/v2\/users\/2"}],"replies":[{"embeddable":true,"href":"https:\/\/www.europesays.com\/de\/wp-json\/wp\/v2\/comments?post=1189334"}],"version-history":[{"count":0,"href":"https:\/\/www.europesays.com\/de\/wp-json\/wp\/v2\/posts\/1189334\/revisions"}],"wp:featuredmedia":[{"embeddable":true,"href":"https:\/\/www.europesays.com\/de\/wp-json\/wp\/v2\/media\/1189335"}],"wp:attachment":[{"href":"https:\/\/www.europesays.com\/de\/wp-json\/wp\/v2\/media?parent=1189334"}],"wp:term":[{"taxonomy":"category","embeddable":true,"href":"https:\/\/www.europesays.com\/de\/wp-json\/wp\/v2\/categories?post=1189334"},{"taxonomy":"post_tag","embeddable":true,"href":"https:\/\/www.europesays.com\/de\/wp-json\/wp\/v2\/tags?post=1189334"}],"curies":[{"name":"wp","href":"https:\/\/api.w.org\/{rel}","templated":true}]}}