{"id":1189493,"date":"2026-07-24T11:24:16","date_gmt":"2026-07-24T11:24:16","guid":{"rendered":"https:\/\/www.europesays.com\/de\/1189493\/"},"modified":"2026-07-24T11:24:16","modified_gmt":"2026-07-24T11:24:16","slug":"insolvenzantrag-gestellt-batteriehersteller-varta-ist-pleite-geld","status":"publish","type":"post","link":"https:\/\/www.europesays.com\/de\/1189493\/","title":{"rendered":"Insolvenzantrag gestellt: Batteriehersteller Varta ist pleite | Geld"},"content":{"rendered":"<p><a class=\"skip-content skip-content--link\" href=\"#in-content-skip-link-target-v-0-0\">TTS-Player \u00fcberspringen\u21b5<\/a><a id=\"in-content-skip-link-target-v-0-0\" class=\"skip-content--target-link-hidden skip-content skip-content--target-link\" href=\"#in-content-skip-link-target-v-0-0\">Artikel weiterlesen<\/a><\/p>\n<p data-1b35ef44=\"0-2192\">Ellwangen \u2013 <b>Jetzt ist der Krisenfall offiziell! Der angeschlagene Batteriehersteller Varta hat nach Informationen aus Finanzkreisen einen Antrag auf Insolvenz in Eigenverwaltung gestellt. Erst wenige Tage zuvor war bekannt geworden, dass dem Traditionsunternehmen aus Ellwangen sogar die Zerschlagung droht: Wichtige Geldgeber wollen das Gesch\u00e4ft mit Haushaltsbatterien aus dem Konzern herausl\u00f6sen.<\/b><\/p>\n<p data-1b35ef44=\"0-2192\">Das Amtsgericht <a href=\"https:\/\/www.bild.de\/regional\/stuttgart\/stuttgart-regional\/home-16344498.bild.html\" class=\"text-link\" rel=\"nofollow noopener\" target=\"_blank\">Stuttgart<\/a> best\u00e4tigte am Freitag den Eingang von vier Insolvenzantr\u00e4gen des Unternehmens. Diese w\u00fcrden nun von der zust\u00e4ndigen Richterin gepr\u00fcft, hei\u00dft es. Grund f\u00fcr die Insolvenz ist laut Reuters, dass kein frisches Geld mehr floss. Die bisherigen Eigent\u00fcmer \u2013 Sportwagenbauer <a href=\"https:\/\/www.bild.de\/themen\/organisationen\/porsche\/auto-nachrichten-news-fotos-videos-19106644.bild.html\" class=\"text-link\" rel=\"nofollow noopener\" target=\"_blank\">Porsche<\/a> und der \u00f6sterreichische Unternehmer Michael Tojner \u2013 wollten offenbar kein weiteres Geld mehr nachschie\u00dfen. <\/p>\n<p>So soll Varta aufgeteilt werden<\/p>\n<p data-1b35ef44=\"0-2192\">Damit r\u00fcckt die Zerschlagung von Varta immer n\u00e4her. Die wichtigsten Gl\u00e4ubiger, darunter die Deutsche Bank und mehrere Hedgefonds, wollen nach Reuters-Informationen das profitable Gesch\u00e4ft mit Haushaltsbatterien \u00fcbernehmen. Tojner hat demnach Interesse an der Sparte f\u00fcr Mikrobatterien angemeldet \u2013 darunter Knopfzellen f\u00fcr H\u00f6rger\u00e4te.<\/p>\n<p>Mehr zum ThemaDer lange Weg in die Krise<\/p>\n<p data-1b35ef44=\"0-2192\">F\u00fcr Varta ist die <a href=\"https:\/\/www.bild.de\/themen\/specials\/insolvenz\/finanzen-nachrichten-news-fotos-videos-21175522.bild.html\" class=\"text-link\" rel=\"nofollow noopener\" target=\"_blank\">Insolvenz<\/a> der vorl\u00e4ufige Tiefpunkt der 139-j\u00e4hrigen Unternehmensgeschichte. Mit Batterien f\u00fcr Fernbedienungen, Taschenlampen und Spielzeug wurde die Marke zum festen Bestandteil deutscher Haushalte. Nach einer ersten Zerschlagung Anfang der 2000er gelang dem Traditionsunternehmen mit winzigen Knopfzellen-Batterien f\u00fcr kabellose Kopfh\u00f6rer (wie Apple AirPods) das Comeback. <\/p>\n<p>Vom B\u00f6rsenstar zum Insolvenzfall<\/p>\n<p data-1b35ef44=\"0-2192\">2017 kehrte Varta an die B\u00f6rse zur\u00fcck und setzte 2021 mehr als 900 Millionen Euro um. Doch die starke Abh\u00e4ngigkeit von Apple wurde dem Konzern zum Verh\u00e4ngnis. Die Bestellungen gingen zur\u00fcck, asiatische Konkurrenten holten auf und 2022 brach der Umsatz mit den Knopfzellen um 47 Prozent ein. 2024 stiegen Porsche und Investor Michael Tojner im Zuge einer Sanierung ein, die bisherigen Aktion\u00e4re gingen leer aus und Varta verschwand von der B\u00f6rse. Jetzt droht dem 1887 gegr\u00fcndeten Traditionsunternehmen die zweite Zerschlagung seiner Geschichte.<\/p>\n","protected":false},"excerpt":{"rendered":"TTS-Player \u00fcberspringen\u21b5Artikel weiterlesen Ellwangen \u2013 Jetzt ist der Krisenfall offiziell! Der angeschlagene Batteriehersteller Varta hat nach Informationen aus&hellip;\n","protected":false},"author":2,"featured_media":1189494,"comment_status":"","ping_status":"","sticky":false,"template":"","format":"standard","meta":{"footnotes":"","_share_on_mastodon":"0"},"categories":[134],"tags":[162715,3964,1737,175,170,169,29,30,32119,1551,171,174,241825,138370,173,172],"class_list":["post-1189493","post","type-post","status-publish","format-standard","has-post-thumbnail","category-unternehmen-maerkte","tag-autobatterie","tag-batterie","tag-breaking-news","tag-business","tag-companies","tag-companies-markets","tag-deutschland","tag-germany","tag-gewinne","tag-insolvenz","tag-markets","tag-maerkte","tag-newsos-import-bild","tag-team-first","tag-unternehmen","tag-unternehmen-maerkte"],"share_on_mastodon":{"url":"","error":""},"_links":{"self":[{"href":"https:\/\/www.europesays.com\/de\/wp-json\/wp\/v2\/posts\/1189493","targetHints":{"allow":["GET"]}}],"collection":[{"href":"https:\/\/www.europesays.com\/de\/wp-json\/wp\/v2\/posts"}],"about":[{"href":"https:\/\/www.europesays.com\/de\/wp-json\/wp\/v2\/types\/post"}],"author":[{"embeddable":true,"href":"https:\/\/www.europesays.com\/de\/wp-json\/wp\/v2\/users\/2"}],"replies":[{"embeddable":true,"href":"https:\/\/www.europesays.com\/de\/wp-json\/wp\/v2\/comments?post=1189493"}],"version-history":[{"count":0,"href":"https:\/\/www.europesays.com\/de\/wp-json\/wp\/v2\/posts\/1189493\/revisions"}],"wp:featuredmedia":[{"embeddable":true,"href":"https:\/\/www.europesays.com\/de\/wp-json\/wp\/v2\/media\/1189494"}],"wp:attachment":[{"href":"https:\/\/www.europesays.com\/de\/wp-json\/wp\/v2\/media?parent=1189493"}],"wp:term":[{"taxonomy":"category","embeddable":true,"href":"https:\/\/www.europesays.com\/de\/wp-json\/wp\/v2\/categories?post=1189493"},{"taxonomy":"post_tag","embeddable":true,"href":"https:\/\/www.europesays.com\/de\/wp-json\/wp\/v2\/tags?post=1189493"}],"curies":[{"name":"wp","href":"https:\/\/api.w.org\/{rel}","templated":true}]}}