{"id":1189589,"date":"2026-07-24T12:23:18","date_gmt":"2026-07-24T12:23:18","guid":{"rendered":"https:\/\/www.europesays.com\/de\/1189589\/"},"modified":"2026-07-24T12:23:18","modified_gmt":"2026-07-24T12:23:18","slug":"schultheaterfestival-2026-schauspiel-stuttgart","status":"publish","type":"post","link":"https:\/\/www.europesays.com\/de\/1189589\/","title":{"rendered":"Schultheaterfestival 2026 | Schauspiel Stuttgart"},"content":{"rendered":"<p>    <img decoding=\"async\" src=\"https:\/\/www.europesays.com\/de\/wp-content\/uploads\/2026\/07\/blank_1920_1080.png\" alt=\"\" class=\"doubleimage__image js-medialoader\" data-image-url=\"https:\/\/wsts-6a25.kxcdn.com\/images\/ab5b24abbd084c9bb7ac48becee1e3ee\/60836\/_bk45811_stf_c_bjoern_klein.jpg\"\/><br \/>\n    <img decoding=\"async\" src=\"https:\/\/www.europesays.com\/de\/wp-content\/uploads\/2026\/07\/blank_1920_1080.png\" alt=\"\" class=\"doubleimage__image js-medialoader\" data-image-url=\"https:\/\/wsts-6a25.kxcdn.com\/images\/b9cca320b2a4a1aa6c6e608c0bb8e721\/60952\/01_bk44023_stf_eroeffnung_c_bjoern_klein.jpg\"\/><\/p>\n<p>Vom 05. bis 09. Juli 2027 laden das Schauspiel Stuttgart und die Hochschule f\u00fcr Musik und Darstellende K\u00fcnste (HMDK) zum dritten Stuttgarter Schultheaterfestival ein. Sch\u00fcler*innen aller Schulformen pr\u00e4sentieren ihre Inszenierungen unter professionellen Bedingungen auf der B\u00fchne des Kammertheaters und erleben ein abwechslungsreiches Rahmenprogramm mit Workshops, Diskussionsrunden und vielen kreativen Aktionen zum Mitmachen. Ob Klassiker, Performance, Musical oder zeitgen\u00f6ssischer Tanz \u2013 Besucher*innen k\u00f6nnen sich auf die Vielfalt des Schultheaters in Stuttgart und Umgebung freuen.<\/p>\n","protected":false},"excerpt":{"rendered":"Vom 05. bis 09. Juli 2027 laden das Schauspiel Stuttgart und die Hochschule f\u00fcr Musik und Darstellende K\u00fcnste&hellip;\n","protected":false},"author":2,"featured_media":1189590,"comment_status":"","ping_status":"","sticky":false,"template":"","format":"standard","meta":{"footnotes":"","_share_on_mastodon":"0"},"categories":[1830],"tags":[1634,3364,29,30,6903,248400,44860,1441,94],"class_list":["post-1189589","post","type-post","status-publish","format-standard","has-post-thumbnail","category-stuttgart","tag-baden-wuerttemberg","tag-de","tag-deutschland","tag-germany","tag-schauspiel","tag-schultheaterfestival-2026","tag-staatstheater-stuttgart","tag-stuttgart","tag-theater"],"share_on_mastodon":{"url":"https:\/\/pubeurope.com\/@de\/116974940435574533","error":""},"_links":{"self":[{"href":"https:\/\/www.europesays.com\/de\/wp-json\/wp\/v2\/posts\/1189589","targetHints":{"allow":["GET"]}}],"collection":[{"href":"https:\/\/www.europesays.com\/de\/wp-json\/wp\/v2\/posts"}],"about":[{"href":"https:\/\/www.europesays.com\/de\/wp-json\/wp\/v2\/types\/post"}],"author":[{"embeddable":true,"href":"https:\/\/www.europesays.com\/de\/wp-json\/wp\/v2\/users\/2"}],"replies":[{"embeddable":true,"href":"https:\/\/www.europesays.com\/de\/wp-json\/wp\/v2\/comments?post=1189589"}],"version-history":[{"count":0,"href":"https:\/\/www.europesays.com\/de\/wp-json\/wp\/v2\/posts\/1189589\/revisions"}],"wp:featuredmedia":[{"embeddable":true,"href":"https:\/\/www.europesays.com\/de\/wp-json\/wp\/v2\/media\/1189590"}],"wp:attachment":[{"href":"https:\/\/www.europesays.com\/de\/wp-json\/wp\/v2\/media?parent=1189589"}],"wp:term":[{"taxonomy":"category","embeddable":true,"href":"https:\/\/www.europesays.com\/de\/wp-json\/wp\/v2\/categories?post=1189589"},{"taxonomy":"post_tag","embeddable":true,"href":"https:\/\/www.europesays.com\/de\/wp-json\/wp\/v2\/tags?post=1189589"}],"curies":[{"name":"wp","href":"https:\/\/api.w.org\/{rel}","templated":true}]}}