{"id":1189612,"date":"2026-07-24T12:35:23","date_gmt":"2026-07-24T12:35:23","guid":{"rendered":"https:\/\/www.europesays.com\/de\/1189612\/"},"modified":"2026-07-24T12:35:23","modified_gmt":"2026-07-24T12:35:23","slug":"reparatur-bremst-berliner-s-bahn-aus","status":"publish","type":"post","link":"https:\/\/www.europesays.com\/de\/1189612\/","title":{"rendered":"Reparatur bremst Berliner S-Bahn aus"},"content":{"rendered":"<p>Der S-Bahnverkehr auf der Berliner Ringbahn ist am Freitagmorgen f\u00fcr rund zwei Stunden unterbrochen gewesen. Betroffen war der s\u00fcdliche Abschnitt zwischen Westend und Treptower Park.<\/p>\n<p>Grund waren Reparaturarbeiten an einem Stellwerk im Bereich S\u00fcdkreuz, wie die S-Bahn mitteilte. Die genaue Ursache der St\u00f6rung sei noch nicht abschlie\u00dfend gekl\u00e4rt, hie\u00df es von der Bahn.<\/p>\n<p>Am sp\u00e4ten Vormittag fuhren die S-Bahnen wieder durch. Es kommt (Stand ca. 12 Uhr) laut S-Bahn aber noch zu Einschr\u00e4nkungen: Die S41 und S42 verkehren nur im Zehn-Minuten-Takt, die S46 f\u00e4hrt zwischen K\u00f6nigs Wusterhausen und Tempelhof im 20-Minuten-Takt, die S47 f\u00e4hrt zwischen Spindlersfeld und Sch\u00f6neweide.<\/p>\n","protected":false},"excerpt":{"rendered":"Der S-Bahnverkehr auf der Berliner Ringbahn ist am Freitagmorgen f\u00fcr rund zwei Stunden unterbrochen gewesen. Betroffen war der&hellip;\n","protected":false},"author":2,"featured_media":1189613,"comment_status":"","ping_status":"","sticky":false,"template":"","format":"standard","meta":{"footnotes":"","_share_on_mastodon":"0"},"categories":[1825],"tags":[296,29,30,138297,134296,134293],"class_list":["post-1189612","post","type-post","status-publish","format-standard","has-post-thumbnail","category-berlin","tag-berlin","tag-deutschland","tag-germany","tag-rbb24s-bahn","tag-rbb24tagesschau","tag-rbb24verkehr"],"share_on_mastodon":{"url":"","error":""},"_links":{"self":[{"href":"https:\/\/www.europesays.com\/de\/wp-json\/wp\/v2\/posts\/1189612","targetHints":{"allow":["GET"]}}],"collection":[{"href":"https:\/\/www.europesays.com\/de\/wp-json\/wp\/v2\/posts"}],"about":[{"href":"https:\/\/www.europesays.com\/de\/wp-json\/wp\/v2\/types\/post"}],"author":[{"embeddable":true,"href":"https:\/\/www.europesays.com\/de\/wp-json\/wp\/v2\/users\/2"}],"replies":[{"embeddable":true,"href":"https:\/\/www.europesays.com\/de\/wp-json\/wp\/v2\/comments?post=1189612"}],"version-history":[{"count":0,"href":"https:\/\/www.europesays.com\/de\/wp-json\/wp\/v2\/posts\/1189612\/revisions"}],"wp:featuredmedia":[{"embeddable":true,"href":"https:\/\/www.europesays.com\/de\/wp-json\/wp\/v2\/media\/1189613"}],"wp:attachment":[{"href":"https:\/\/www.europesays.com\/de\/wp-json\/wp\/v2\/media?parent=1189612"}],"wp:term":[{"taxonomy":"category","embeddable":true,"href":"https:\/\/www.europesays.com\/de\/wp-json\/wp\/v2\/categories?post=1189612"},{"taxonomy":"post_tag","embeddable":true,"href":"https:\/\/www.europesays.com\/de\/wp-json\/wp\/v2\/tags?post=1189612"}],"curies":[{"name":"wp","href":"https:\/\/api.w.org\/{rel}","templated":true}]}}