{"id":1189763,"date":"2026-07-24T13:57:21","date_gmt":"2026-07-24T13:57:21","guid":{"rendered":"https:\/\/www.europesays.com\/de\/1189763\/"},"modified":"2026-07-24T13:57:21","modified_gmt":"2026-07-24T13:57:21","slug":"mini-pizza-spinatknoedel-und-reisnudeln-kudamm-seitenstrasse-in-berlin-erlebt-ein-gastronomisches-comeback","status":"publish","type":"post","link":"https:\/\/www.europesays.com\/de\/1189763\/","title":{"rendered":"Mini-Pizza, Spinatkn\u00f6del und Reisnudeln: Ku\u2019damm-Seitenstra\u00dfe in Berlin erlebt ein gastronomisches Comeback"},"content":{"rendered":"<p class=\"tspBLlp tspBLlq\">Nach mehreren R\u00fcckschl\u00e4gen lebt eine bekannte Seitenstra\u00dfe des Kurf\u00fcrstendamms in Berlin-Charlottenburg gastronomisch neu auf. Das \u201e<a href=\"https:\/\/lubitsch-berlin.de\/\" target=\"_blank\" rel=\"noopener nofollow\" class=\"link link--external\" data-gtm-class=\"article-text-link\" data-gtm-val=\"external\" aria-describedby=\"message-target-blank\">Restaurant Lubitsch\u201c<\/a> ist nach <a href=\"https:\/\/www.tagesspiegel.de\/berlin\/bezirke\/charlottenburg-wilmersdorf\/beliebte-gastronomie-in-berlin-restaurant-lubitsch-in-charlottenburg-ist-insolvent-15065666.html?icid=in-text-link_15866486\" class=\"link link--internal\" data-gtm-class=\"article-text-link\" data-gtm-val=\"internal\" rel=\"nofollow noopener\" target=\"_blank\">der Pleite im vorigen Jahr<\/a> zur\u00fcckgekehrt, und im fr\u00fcheren \u201eCaf\u00e9 Bleibtreu\u201c er\u00f6ffnete in dieser Woche das chinesische Restaurant \u201eTen Seconds\u201c. Schon seit einem Jahr gibt es nebenan auch wieder <a href=\"https:\/\/www.tagesspiegel.de\/berlin\/bezirke\/charlottenburg-wilmersdorf\/endlich-wieder-mini-pizza-restaurant-ali-baba-hat-in-berlin-charlottenburg-wiedereroffnet-14021078.html?icid=in-text-link_15866486\" class=\"link link--internal\" data-gtm-class=\"article-text-link\" data-gtm-val=\"internal\" rel=\"nofollow noopener\" target=\"_blank\">das f\u00fcr Mini-Pizza ber\u00fchmte \u201eAli Baba\u201c<\/a>, das 2024 \u00fcberraschend geschlossen hatte. Damit haben sich in der Bleibtreustra\u00dfe drei kulinarische L\u00fccken gef\u00fcllt.<\/p>\n","protected":false},"excerpt":{"rendered":"Nach mehreren R\u00fcckschl\u00e4gen lebt eine bekannte Seitenstra\u00dfe des Kurf\u00fcrstendamms in Berlin-Charlottenburg gastronomisch neu auf. Das \u201eRestaurant Lubitsch\u201c ist&hellip;\n","protected":false},"author":2,"featured_media":1189764,"comment_status":"","ping_status":"","sticky":false,"template":"","format":"standard","meta":{"footnotes":"","_share_on_mastodon":"0"},"categories":[1825],"tags":[17655,296,5006,531,29,6338,30,7134],"class_list":["post-1189763","post","type-post","status-publish","format-standard","has-post-thumbnail","category-berlin","tag-baustellen","tag-berlin","tag-bezirke","tag-charlottenburg-wilmersdorf","tag-deutschland","tag-genuss","tag-germany","tag-mieten"],"share_on_mastodon":{"url":"https:\/\/pubeurope.com\/@de\/116975307815937813","error":""},"_links":{"self":[{"href":"https:\/\/www.europesays.com\/de\/wp-json\/wp\/v2\/posts\/1189763","targetHints":{"allow":["GET"]}}],"collection":[{"href":"https:\/\/www.europesays.com\/de\/wp-json\/wp\/v2\/posts"}],"about":[{"href":"https:\/\/www.europesays.com\/de\/wp-json\/wp\/v2\/types\/post"}],"author":[{"embeddable":true,"href":"https:\/\/www.europesays.com\/de\/wp-json\/wp\/v2\/users\/2"}],"replies":[{"embeddable":true,"href":"https:\/\/www.europesays.com\/de\/wp-json\/wp\/v2\/comments?post=1189763"}],"version-history":[{"count":0,"href":"https:\/\/www.europesays.com\/de\/wp-json\/wp\/v2\/posts\/1189763\/revisions"}],"wp:featuredmedia":[{"embeddable":true,"href":"https:\/\/www.europesays.com\/de\/wp-json\/wp\/v2\/media\/1189764"}],"wp:attachment":[{"href":"https:\/\/www.europesays.com\/de\/wp-json\/wp\/v2\/media?parent=1189763"}],"wp:term":[{"taxonomy":"category","embeddable":true,"href":"https:\/\/www.europesays.com\/de\/wp-json\/wp\/v2\/categories?post=1189763"},{"taxonomy":"post_tag","embeddable":true,"href":"https:\/\/www.europesays.com\/de\/wp-json\/wp\/v2\/tags?post=1189763"}],"curies":[{"name":"wp","href":"https:\/\/api.w.org\/{rel}","templated":true}]}}