{"id":1189935,"date":"2026-07-24T15:35:19","date_gmt":"2026-07-24T15:35:19","guid":{"rendered":"https:\/\/www.europesays.com\/de\/1189935\/"},"modified":"2026-07-24T15:35:19","modified_gmt":"2026-07-24T15:35:19","slug":"krankenkassen-fusion-vivida-bkk-und-bkk-scheufelen-planen-zusammenschluss","status":"publish","type":"post","link":"https:\/\/www.europesays.com\/de\/1189935\/","title":{"rendered":"Krankenkassen-Fusion: vivida BKK und BKK Scheufelen planen Zusammenschluss"},"content":{"rendered":"<p>376.000 Versicherte betroffen <\/p>\n<p>Zwei weitere Krankenkassen pr\u00fcfen Zusammenschluss<\/p>\n<p>24.07.2026 &#8211; 15:28 UhrLesedauer: 2 Min.<\/p>\n<p><a href=\"#focus-0\" class=\"transition-colors block text-current relative\" data-sctrack=\"FocusGalleryImage.Reference\"><img fetchpriority=\"high\" data-testid=\"Opener.Image\"   loading=\"eager\" src=\"https:\/\/www.europesays.com\/de\/wp-content\/uploads\/2026\/07\/verschiedene-gesundheitskarten-erneut-wollen-sich-zwei-krankenkassen-zusammenschliessen.jpg\" alt=\"Verschiedene Gesundheitskarten: Erneut wollen sich zwei Krankenkassen zusammenschlie\u00dfen.\" title=\"Verschiedene Gesundheitskarten: Erneut wollen sich zwei Krankenkassen zusammenschlie\u00dfen.\" width=\"7360\" height=\"4140\" class=\"bg-[url:var(--lqipURL)] bg-cover bg-center flex h-full w-full max-w-full\" style=\"--lqipURL:url('https:\/\/images.t-online.de\/2026\/07\/NjZQ5qslfIyb\/0x386:7360x4140\/fit-in\/150x0\/filters:blur(25)\/verschiedene-gesundheitskarten-erneut-wollen-sich-zwei-krankenkassen-zusammenschliessen.jpg')\" decoding=\"async\"\/><img loading=\"lazy\" src=\"https:\/\/www.t-online.de\/s\/paper\/_next\/static\/media\/zoom-in.f7dae02f.svg\" alt=\"Vergr\u00f6\u00dfern des Bildes\" title=\"Vergr\u00f6\u00dfern des Bildes\" class=\"block h-[calc(var(--height)_\/_16_*_1rem)] w-[calc(var(--width)_\/_16_*_1rem)] max-w-none absolute right-8 bottom-8 rounded-4 bg-snow p-8\" style=\"--width:32;--height:32\" decoding=\"async\"\/><\/a><\/p>\n<p>Verschiedene Gesundheitskarten: Erneut wollen sich zwei Krankenkassen zusammenschlie\u00dfen. (Quelle: IMAGO \/ Wolfilser\/imago)<\/p>\n<p><img loading=\"lazy\" src=\"https:\/\/www.t-online.de\/s\/paper\/_next\/static\/media\/audio-volume.6689034c.svg\" alt=\"\" title=\"\" class=\"block h-[calc(var(--height)_\/_16_*_1rem)] w-[calc(var(--width)_\/_16_*_1rem)] max-w-none group-hover:brightness-0 group-hover:invert\" style=\"--width:16;--height:16\" decoding=\"async\"\/>Vorlesen<\/p>\n<p>Aktuelle Zeit:0:00Gesamtdauer:0:00<\/p>\n<p>1x<\/p>\n<p class=\"text-center\">Jetzt neu bei t-online:<\/p>\n<p class=\"text-center\">Schriftgr\u00f6\u00dfe anpassen!<\/p>\n<p><img loading=\"lazy\" src=\"https:\/\/www.t-online.de\/s\/paper\/_next\/static\/media\/font-sizes.32942e33.svg\" alt=\"\" title=\"\" class=\"block h-[calc(var(--height)_\/_16_*_1rem)] w-[calc(var(--width)_\/_16_*_1rem)] max-w-none group-hover:hidden group-aria-expanded:hidden\" style=\"--width:16;--height:16\" decoding=\"async\"\/><img loading=\"lazy\" src=\"https:\/\/www.t-online.de\/s\/paper\/_next\/static\/media\/font-sizes-dark-mode.e382645c.svg\" alt=\"\" title=\"\" class=\"block h-[calc(var(--height)_\/_16_*_1rem)] w-[calc(var(--width)_\/_16_*_1rem)] max-w-none hidden group-hover:block group-aria-expanded:block\" style=\"--width:16;--height:16\" decoding=\"async\"\/><img loading=\"lazy\" src=\"https:\/\/www.t-online.de\/s\/paper\/_next\/static\/media\/sharing-menu-icon.1eb71368.svg\" alt=\"\" title=\"\" class=\"block h-[calc(var(--height)_\/_16_*_1rem)] w-[calc(var(--width)_\/_16_*_1rem)] max-w-none group-hover:brightness-0 group-hover:invert\" style=\"--width:16;--height:16\" decoding=\"async\"\/>Artikel teilen<\/p>\n<p class=\"font-bold text-18 leading-17 user-text-lg:text-22 user-text-xl:text-24\">Die Zahl der Krankenkassen k\u00f6nnte weiter sinken, zwei weitere Kassen wollen sich zusammenschlie\u00dfen. Bis zum 1. Januar soll die Fusion besiegelt sein.<\/p>\n<p class=\"text-18 leading-17 user-text-lg:text-22 user-text-xl:text-24\">Es ist eine Nachricht, die den neuen Bundesgesundheitsminister Carsten Linnemann (CDU) erfreuen d\u00fcrfte: Erneut planen zwei Betriebskrankenkassen eine Fusion. Die vivida BKK und die BKK Scheufelen planen zum 1. Januar 2027 einen Zusammenschluss. Das gaben die beiden Kassen aus Baden-W\u00fcrttemberg in einer Pressemitteilung bekannt, ein entsprechender Antrag liegt bereits beim Bundeskartellamt.<\/p>\n<p class=\"text-18 leading-17 user-text-lg:text-22 user-text-xl:text-24\">Die fusionierte Krankenkasse k\u00e4me insgesamt auf rund 376.000 Versicherte, wobei der Gro\u00dfteil (310.000) von der vivida BKK kommt. Diese wiederum war 2021 durch eine Fusion der Schwenniger Krankenkasse und der atlas BKK ahlmann entstanden.<\/p>\n<p>Versichertenzahlen gingen zur\u00fcck<\/p>\n<p class=\"text-18 leading-17 user-text-lg:text-22 user-text-xl:text-24\">Die regional ge\u00f6ffnete BKK Scheufelen, die bis 2004 ausschlie\u00dflich Mitarbeiter der Papierfabrik Scheufelen versicherte, hat derzeit rund 66.000 Versicherte. Beide Kassen hatten \u00fcber die vergangenen Jahre Mitglieder verloren \u2013 ein Faktor, der mit auschlaggebend f\u00fcr die geplante Fusion sein d\u00fcrfte. Die neu formierte Kasse soll unter dem Namen vivida BKK agieren und ist bundesweit f\u00fcr Versicherte ge\u00f6ffnet.<\/p>\n<ul class=\"text-18 leading-17 block pl-24 *:pb-16 *:before:inline-block *:before:size-8 *:before:bg-magenta *:before:mt-0 *:before:mr-12 *:before:mb-2 *:before:-ml-[20px]\">\n<li><strong class=\"font-bold\">Bis zu 500 Millionen weg:<\/strong> <a href=\"https:\/\/www.t-online.de\/finanzen\/aktuelles\/id_101348180\/fehl-investment-krankenkassen-verlieren-millionen-beitragsgelder-.html\" class=\"transition-colors cursor-pointer no-underline md:hover:text-magenta md:focus:text-magenta border-b border-solid border-current text-salemsfur md:hover:border-magenta\" data-tracking=\"{&quot;action&quot;:&quot;click&quot;,&quot;category&quot;:&quot;intextLink&quot;,&quot;label&quot;:&quot;\/finanzen\/aktuelles\/id_101348180\/fehl-investment-krankenkassen-verlieren-millionen-beitragsgelder-.html&quot;}\" data-sctrack=\"BodyAnchor\" rel=\"nofollow noopener\" target=\"_blank\">Krankenkassen verspekulieren Millionen an Beitragsgeldern<\/a><\/li>\n<li><strong class=\"font-bold\">Millionen Versicherte betroffen:<\/strong> <a href=\"https:\/\/www.t-online.de\/finanzen\/ratgeber\/versicherungen\/krankenversicherung\/id_101342342\/krankenkasse-erhoeht-den-zusatzbeitrag-millionen-versicherte-sind-betroffen.html\" class=\"transition-colors cursor-pointer no-underline md:hover:text-magenta md:focus:text-magenta border-b border-solid border-current text-salemsfur md:hover:border-magenta\" data-tracking=\"{&quot;action&quot;:&quot;click&quot;,&quot;category&quot;:&quot;intextLink&quot;,&quot;label&quot;:&quot;\/finanzen\/ratgeber\/versicherungen\/krankenversicherung\/id_101342342\/krankenkasse-erhoeht-den-zusatzbeitrag-millionen-versicherte-sind-betroffen.html&quot;}\" data-sctrack=\"BodyAnchor\" rel=\"nofollow noopener\" target=\"_blank\">Gro\u00dfe Krankenkasse erh\u00f6ht ihren Zusatzbeitrag<\/a><\/li>\n<\/ul>\n<p class=\"text-18 leading-17 user-text-lg:text-22 user-text-xl:text-24\">Gemessen an der Zahl der Versicherten l\u00e4ge die neue Krankenkasse im Mittelfeld. Branchenschwergewichte wie die Techniker (12,4 Millionen) und Barmer (8,2 Millionen) haben deutlich mehr Mitglieder. Allerdings gibt es auch 23 Krankenkassen mit weniger als 100.000 Versicherten.<\/p>\n<p class=\"text-18 leading-17 user-text-lg:text-22 user-text-xl:text-24\">Beim Zusatzbeitrag liegen die beiden Krankenkassen eng beieinander. W\u00e4hrend die vivida BKK derzeit 3,79 Prozent zus\u00e4tzlich zum regul\u00e4ren Krankenkassenbeitrag von 14,6 Prozent erhebt, sind es bei der BKK Scheufelen 3,99 Prozent. Wie hoch der Zusatzbeitrag nach der Fusion ausfallen w\u00fcrde, steht noch nicht fest.<\/p>\n<p>Mehrere Fusionen geplant<\/p>\n<p class=\"text-18 leading-17 user-text-lg:text-22 user-text-xl:text-24\">Die nun angek\u00fcndigte Fusion reiht sich in eine Vielzahl geplanter oder bereits beschlossener Zusammenschl\u00fcsse ein. Neben <a href=\"https:\/\/www.t-online.de\/finanzen\/ratgeber\/versicherungen\/krankenversicherung\/id_101326818\/ikk-gesund-plus-und-ikk-berlin-besiegeln-fusion-was-fuer-versicherte-folgt.html\" class=\"transition-colors cursor-pointer no-underline md:hover:text-magenta md:focus:text-magenta border-b border-solid border-current text-salemsfur md:hover:border-magenta\" data-tracking=\"{&quot;action&quot;:&quot;click&quot;,&quot;category&quot;:&quot;intextLink&quot;,&quot;label&quot;:&quot;\/finanzen\/ratgeber\/versicherungen\/krankenversicherung\/id_101326818\/ikk-gesund-plus-und-ikk-berlin-besiegeln-fusion-was-fuer-versicherte-folgt.html&quot;}\" data-sctrack=\"BodyAnchor\" rel=\"nofollow noopener\" target=\"_blank\">der IKK Brandenburg und Berlin und der IKK gesund plus<\/a> haben unter anderem auch die BKK Firmus (<a href=\"https:\/\/www.t-online.de\/finanzen\/ratgeber\/versicherungen\/krankenversicherung\/id_101331866\/krankenkassen-bkk-firmus-fusioniert-zweimal-zwei-kassen-verschwinden.html\" class=\"transition-colors cursor-pointer no-underline md:hover:text-magenta md:focus:text-magenta border-b border-solid border-current text-salemsfur md:hover:border-magenta\" data-tracking=\"{&quot;action&quot;:&quot;click&quot;,&quot;category&quot;:&quot;intextLink&quot;,&quot;label&quot;:&quot;\/finanzen\/ratgeber\/versicherungen\/krankenversicherung\/id_101331866\/krankenkassen-bkk-firmus-fusioniert-zweimal-zwei-kassen-verschwinden.html&quot;}\" data-sctrack=\"BodyAnchor\" rel=\"nofollow noopener\" target=\"_blank\">Fusion mit gleich zwei Krankenkassen<\/a>) und <a href=\"https:\/\/www.t-online.de\/finanzen\/ratgeber\/versicherungen\/krankenversicherung\/id_101338118\/krankenkassen-mkk-und-bkk-pfalz-fusionieren-660000-versicherte-betroffen.html\" class=\"transition-colors cursor-pointer no-underline md:hover:text-magenta md:focus:text-magenta border-b border-solid border-current text-salemsfur md:hover:border-magenta\" data-tracking=\"{&quot;action&quot;:&quot;click&quot;,&quot;category&quot;:&quot;intextLink&quot;,&quot;label&quot;:&quot;\/finanzen\/ratgeber\/versicherungen\/krankenversicherung\/id_101338118\/krankenkassen-mkk-und-bkk-pfalz-fusionieren-660000-versicherte-betroffen.html&quot;}\" data-sctrack=\"BodyAnchor\" rel=\"nofollow noopener\" target=\"_blank\">die mkk<\/a> weitere Fusionen bekannt gegeben. Steigende Kosten, der Fachkr\u00e4ftemangel und neue Anforderungen durch die <a href=\"https:\/\/www.t-online.de\/themen\/digitalisierung\/\" class=\"transition-colors cursor-pointer no-underline md:hover:text-magenta md:focus:text-magenta border-b border-solid border-current text-salemsfur md:hover:border-magenta\" data-tracking=\"{&quot;action&quot;:&quot;click&quot;,&quot;category&quot;:&quot;intextLink&quot;,&quot;label&quot;:&quot;\/themen\/digitalisierung\/&quot;}\" data-sctrack=\"BodyAnchor\" rel=\"nofollow noopener\" target=\"_blank\">Digitalisierung<\/a> setzen die Kassen zunehmend unter Druck.<\/p>\n<p class=\"text-18 leading-17 user-text-lg:text-22 user-text-xl:text-24\">Geht es nach dem neuen Gesundheitsminister Linnemann, sollte die Zahl der Kassen noch viel st\u00e4rker und vor allem schneller sinken. Der CDU-Politiker hatte sich in der Vergangenheit <a href=\"https:\/\/www.t-online.de\/finanzen\/ratgeber\/versicherungen\/krankenversicherung\/id_101233880\/cdu-linnemann-will-zahl-der-krankenkassen-senken-mindestgroesse-gefordert.html\" class=\"transition-colors cursor-pointer no-underline md:hover:text-magenta md:focus:text-magenta border-b border-solid border-current text-salemsfur md:hover:border-magenta\" data-tracking=\"{&quot;action&quot;:&quot;click&quot;,&quot;category&quot;:&quot;intextLink&quot;,&quot;label&quot;:&quot;\/finanzen\/ratgeber\/versicherungen\/krankenversicherung\/id_101233880\/cdu-linnemann-will-zahl-der-krankenkassen-senken-mindestgroesse-gefordert.html&quot;}\" data-sctrack=\"BodyAnchor\" rel=\"nofollow noopener\" target=\"_blank\">f\u00fcr eine Mindestgr\u00f6\u00dfe der Krankenkassen von einer Million Mitgliedern ausgesprochen.<\/a> Zehn bis zwanzig Kassen seien vollkommen ausreichend.<\/p>\n<p class=\"text-18 leading-17 user-text-lg:text-22 user-text-xl:text-24\">Die Kassen selbst verweisen auf die j\u00fcngsten Entwicklungen \u2013 diese sprechen f\u00fcr sich selbst. Hatte es im Jahr 2000 noch 420 gesetzliche Krankenkassen gegeben, ist diese Zahl mittlerweile auf 93 gesunken. Angesichts der zahlreichen geplanten Fusionen d\u00fcrfte diese Zahl zum neuen Jahr weiter schrumpfen.<\/p>\n","protected":false},"excerpt":{"rendered":"376.000 Versicherte betroffen Zwei weitere Krankenkassen pr\u00fcfen Zusammenschluss 24.07.2026 &#8211; 15:28 UhrLesedauer: 2 Min. Verschiedene Gesundheitskarten: Erneut wollen&hellip;\n","protected":false},"author":2,"featured_media":1189936,"comment_status":"","ping_status":"","sticky":false,"template":"","format":"standard","meta":{"footnotes":"","_share_on_mastodon":"0"},"categories":[134],"tags":[1593,248479,1634,248477,18208,175,7534,31,170,169,29,25560,30,248478,18765,171,174,173,172],"class_list":["post-1189935","post","type-post","status-publish","format-standard","has-post-thumbnail","category-unternehmen-maerkte","tag-1593","tag-atlas-bkk-ahlmann","tag-baden-wuerttemberg","tag-bkk-scheufelen","tag-bundeskartellamt","tag-business","tag-carsten-linnemann","tag-cdu","tag-companies","tag-companies-markets","tag-deutschland","tag-fusion","tag-germany","tag-gesundheitskarte","tag-krankenkasse","tag-markets","tag-maerkte","tag-unternehmen","tag-unternehmen-maerkte"],"share_on_mastodon":{"url":"https:\/\/pubeurope.com\/@de\/116975695298546168","error":""},"_links":{"self":[{"href":"https:\/\/www.europesays.com\/de\/wp-json\/wp\/v2\/posts\/1189935","targetHints":{"allow":["GET"]}}],"collection":[{"href":"https:\/\/www.europesays.com\/de\/wp-json\/wp\/v2\/posts"}],"about":[{"href":"https:\/\/www.europesays.com\/de\/wp-json\/wp\/v2\/types\/post"}],"author":[{"embeddable":true,"href":"https:\/\/www.europesays.com\/de\/wp-json\/wp\/v2\/users\/2"}],"replies":[{"embeddable":true,"href":"https:\/\/www.europesays.com\/de\/wp-json\/wp\/v2\/comments?post=1189935"}],"version-history":[{"count":0,"href":"https:\/\/www.europesays.com\/de\/wp-json\/wp\/v2\/posts\/1189935\/revisions"}],"wp:featuredmedia":[{"embeddable":true,"href":"https:\/\/www.europesays.com\/de\/wp-json\/wp\/v2\/media\/1189936"}],"wp:attachment":[{"href":"https:\/\/www.europesays.com\/de\/wp-json\/wp\/v2\/media?parent=1189935"}],"wp:term":[{"taxonomy":"category","embeddable":true,"href":"https:\/\/www.europesays.com\/de\/wp-json\/wp\/v2\/categories?post=1189935"},{"taxonomy":"post_tag","embeddable":true,"href":"https:\/\/www.europesays.com\/de\/wp-json\/wp\/v2\/tags?post=1189935"}],"curies":[{"name":"wp","href":"https:\/\/api.w.org\/{rel}","templated":true}]}}