{"id":1189986,"date":"2026-07-24T16:04:15","date_gmt":"2026-07-24T16:04:15","guid":{"rendered":"https:\/\/www.europesays.com\/de\/1189986\/"},"modified":"2026-07-24T16:04:15","modified_gmt":"2026-07-24T16:04:15","slug":"netanjahu-reist-nach-streit-mit-trump-nach-washington","status":"publish","type":"post","link":"https:\/\/www.europesays.com\/de\/1189986\/","title":{"rendered":"Netanjahu reist nach Streit mit Trump nach Washington"},"content":{"rendered":"<p class=\"text-18 leading-17 user-text-lg:text-22 user-text-xl:text-24\">Ausl\u00f6ser f\u00fcr die Auszeit war die Klage von zw\u00f6lf US-Bundesstaaten, die den mehr als 100 Milliarden Dollar schweren Deal kippen wollen. Sie verlangen zun\u00e4chst eine langfristige einstweilige Verf\u00fcgung gegen den Abschluss der \u00dcbernahme. Die verl\u00e4ngerte Auszeit bis zum 17. August sei n\u00f6tig, um \u00fcber Antr\u00e4ge der Parteien rund um die einstweilige Verf\u00fcgung zu entscheiden, erl\u00e4uterte die Richterin.<\/p>\n<p>USA k\u00fcndigen neue Z\u00f6lle gegen 60 Handelspartner an<\/p>\n<p class=\"text-18 leading-17 user-text-lg:text-22 user-text-xl:text-24\">Wegen angeblich unzureichender Ma\u00dfnahmen gegen Zwangsarbeit hat die US-Regierung neue Z\u00f6lle gegen Dutzende Handelspartner angek\u00fcndigt. Darunter fallen auch bestimmte Produkte aus der Europ\u00e4ischen Union, wie das B\u00fcro des US-Handelsbeauftragten Jamieson Greer mitteilte. <a href=\"https:\/\/www.t-online.de\/nachrichten\/ausland\/usa\/id_101357600\/trump-us-praesident-kuendigt-neue-zoelle-gegen-dutzende-handelspartner-an.html\" class=\"transition-colors cursor-pointer no-underline md:hover:text-magenta md:focus:text-magenta border-b border-solid border-current text-salemsfur md:hover:border-magenta\" data-tracking=\"{&quot;action&quot;:&quot;click&quot;,&quot;category&quot;:&quot;intextLink&quot;,&quot;label&quot;:&quot;\/nachrichten\/ausland\/usa\/id_101357600\/trump-us-praesident-kuendigt-neue-zoelle-gegen-dutzende-handelspartner-an.html&quot;}\" data-sctrack=\"BodyAnchor\" rel=\"nofollow noopener\" target=\"_blank\">Hier lesen Sie mehr<\/a>.<\/p>\n<p>Repr\u00e4sentantenhaus stellt sich gegen Trump<\/p>\n<p class=\"text-18 leading-17 user-text-lg:text-22 user-text-xl:text-24\">US-Pr\u00e4sident Donald Trump bekommt aus dem Parlament zunehmend Gegenwind f\u00fcr seinen Iran-Kurs zu sp\u00fcren. Das Repr\u00e4sentantenhaus verabschiedete erneut eine Resolution zum Konflikt und forderte den Republikaner auf, den Milit\u00e4reinsatz zu beenden. Der Beschluss hat keine unmittelbare Konsequenz, zeigt aber, dass der politische Druck auf Trump steigt \u2013 zumal im November die Zwischenwahlen zum Kongress bevorstehen. Die Resolution wurde in der Parlamentskammer mit 214 Ja-Stimmen verabschiedet, 208 Abgeordnete stimmten dagegen.<\/p>\n<p class=\"text-18 leading-17 user-text-lg:text-22 user-text-xl:text-24\">Bereits im Juni hatte sich das Repr\u00e4sentantenhaus gegen den Krieg ausgesprochen. In der Resolution hie\u00df es, f\u00fcr den Kampfeinsatz sei eine formelle Kriegserkl\u00e4rung durch den Kongress n\u00f6tig. Auch im Senat hatte es bereits per Resolution Widerstand gegen den Iran-Krieg und Trumps Kriegsf\u00fchrung gegeben.<\/p>\n<ul class=\"text-18 leading-17 block pl-24 *:pb-16 *:before:inline-block *:before:size-8 *:before:bg-magenta *:before:mt-0 *:before:mr-12 *:before:mb-2 *:before:-ml-[20px]\">\n<li><strong class=\"font-bold\">Bab al-Mandab blockiert<\/strong>: <a href=\"https:\/\/www.t-online.de\/nachrichten\/ausland\/internationale-politik\/id_101354442\/nahost-konflikt-saudi-arabien-steht-vor-einem-grossen-problem.html\" class=\"transition-colors cursor-pointer no-underline md:hover:text-magenta md:focus:text-magenta border-b border-solid border-current text-salemsfur md:hover:border-magenta\" data-tracking=\"{&quot;action&quot;:&quot;click&quot;,&quot;category&quot;:&quot;intextLink&quot;,&quot;label&quot;:&quot;\/nachrichten\/ausland\/internationale-politik\/id_101354442\/nahost-konflikt-saudi-arabien-steht-vor-einem-grossen-problem.html&quot;}\" data-sctrack=\"BodyAnchor\" rel=\"nofollow noopener\" target=\"_blank\">Der Plan B wird zur Falle<\/a><\/li>\n<\/ul>\n<p class=\"text-18 leading-17 user-text-lg:text-22 user-text-xl:text-24\">Zuletzt war der Krieg mit neuen Angriffen wieder eskaliert. Die USA und Israel hatten am 28. Februar ihre Luftangriffe auf den <a href=\"https:\/\/www.t-online.de\/themen\/iran\/\" class=\"transition-colors cursor-pointer no-underline md:hover:text-magenta md:focus:text-magenta border-b border-solid border-current text-salemsfur md:hover:border-magenta\" data-tracking=\"{&quot;action&quot;:&quot;click&quot;,&quot;category&quot;:&quot;intextLink&quot;,&quot;label&quot;:&quot;\/themen\/iran\/&quot;}\" data-sctrack=\"BodyAnchor\" rel=\"nofollow noopener\" target=\"_blank\">Iran<\/a> gestartet. Mitte Juni vereinbarten die USA und der Iran ein Rahmenabkommen, das den Weg zur Beendigung des Krieges \u00fcber vertiefte Verhandlungen ebnen sollte. Seit April galt zudem eine Waffenruhe, die Trump k\u00fcrzlich aber nach zahlreichen Verst\u00f6\u00dfen f\u00fcr beendet erkl\u00e4rte. Auch Teheran f\u00fchlt sich nicht mehr an die vorl\u00e4ufige Absichtserkl\u00e4rung gebunden.<\/p>\n<p>Maduro vor Gericht: Nach 20 Minuten ist er wieder weg<\/p>\n<p class=\"text-18 leading-17 user-text-lg:text-22 user-text-xl:text-24\">Der dritte Gerichtstermin nach seiner Festnahme wird f\u00fcr Nicol\u00e1s Maduro ein kurzer. Allerdings wird sich der ehemalige venezolanische Machthaber insgesamt auf einen langen Prozess einstellen m\u00fcssen. <a href=\"https:\/\/www.t-online.de\/nachrichten\/ausland\/usa\/id_101355704\/nicolas-maduro-vor-gericht-sie-verteidigen-einen-kriminellen-.html\" class=\"transition-colors cursor-pointer no-underline md:hover:text-magenta md:focus:text-magenta border-b border-solid border-current text-salemsfur md:hover:border-magenta\" data-tracking=\"{&quot;action&quot;:&quot;click&quot;,&quot;category&quot;:&quot;intextLink&quot;,&quot;label&quot;:&quot;\/nachrichten\/ausland\/usa\/id_101355704\/nicolas-maduro-vor-gericht-sie-verteidigen-einen-kriminellen-.html&quot;}\" data-sctrack=\"BodyAnchor\" rel=\"nofollow noopener\" target=\"_blank\">Aus New York berichtet David Schafbuch<\/a>.<\/p>\n<p>US-Polizei erschie\u00dft Schwarzen in Wisconsin<\/p>\n<p class=\"text-18 leading-17 user-text-lg:text-22 user-text-xl:text-24\">In den USA ist es erneut zu einem t\u00f6dlichen Vorfall bei einem Polizeieinsatz gekommen, der auf Video aufgezeichnet wurde und Proteste ausgel\u00f6st hat. In der Stadt Madison im Bundesstaat Wisconsin wurde am Mittwoch ein Mann von einem Polizisten auf der Stra\u00dfe erschossen, als es w\u00e4hrend des Versuchs der Festnahme zu einem Handgemenge gekommen war.<\/p>\n<p>Loading&#8230;<\/p>\n<p>Loading&#8230;<\/p>\n<p>Loading&#8230;<\/p>\n","protected":false},"excerpt":{"rendered":"Ausl\u00f6ser f\u00fcr die Auszeit war die Klage von zw\u00f6lf US-Bundesstaaten, die den mehr als 100 Milliarden Dollar schweren&hellip;\n","protected":false},"author":2,"featured_media":1189987,"comment_status":"","ping_status":"","sticky":false,"template":"","format":"standard","meta":{"footnotes":"","_share_on_mastodon":"0"},"categories":[3977],"tags":[1217,326,7797,331,332,248201,499,106,980,13,345,1293,56703,579,7296,32794,37131,8413,167613,14,6000,22256,944,453,15,3129,23560,121,4769,12,18758,12461,143,4017,4018,4016,64,4019,4020,19465,320,1556,8975,615],"class_list":["post-1189986","post","type-post","status-publish","format-standard","has-post-thumbnail","category-usa","tag-1217","tag-326","tag-7797","tag-aktuelle-nachrichten","tag-aktuelle-news","tag-araceli-martinez-olguin","tag-benjamin-netanjahu","tag-donald-trump","tag-festnahme","tag-headlines","tag-iran","tag-justizministerium","tag-justizministerium-der-vereinigten-staaten","tag-katar","tag-libanon","tag-lindsey-graham","tag-madison","tag-manhattan","tag-mildenhall","tag-nachrichten","tag-nahost","tag-nato-gipfel","tag-new-york","tag-new-york-times","tag-news","tag-newsblog","tag-nicolas-maduro","tag-polizei","tag-saudi-arabien","tag-schlagzeilen","tag-the-washington-post","tag-trauerfeier","tag-tuerkei","tag-united-states","tag-united-states-of-america","tag-us","tag-usa","tag-vereinigte-staaten","tag-vereinigte-staaten-von-amerika","tag-warner-bros","tag-washington","tag-wisconsin","tag-wsj","tag-zoll"],"share_on_mastodon":{"url":"","error":"Validation failed: Text character limit of 500 exceeded"},"_links":{"self":[{"href":"https:\/\/www.europesays.com\/de\/wp-json\/wp\/v2\/posts\/1189986","targetHints":{"allow":["GET"]}}],"collection":[{"href":"https:\/\/www.europesays.com\/de\/wp-json\/wp\/v2\/posts"}],"about":[{"href":"https:\/\/www.europesays.com\/de\/wp-json\/wp\/v2\/types\/post"}],"author":[{"embeddable":true,"href":"https:\/\/www.europesays.com\/de\/wp-json\/wp\/v2\/users\/2"}],"replies":[{"embeddable":true,"href":"https:\/\/www.europesays.com\/de\/wp-json\/wp\/v2\/comments?post=1189986"}],"version-history":[{"count":0,"href":"https:\/\/www.europesays.com\/de\/wp-json\/wp\/v2\/posts\/1189986\/revisions"}],"wp:featuredmedia":[{"embeddable":true,"href":"https:\/\/www.europesays.com\/de\/wp-json\/wp\/v2\/media\/1189987"}],"wp:attachment":[{"href":"https:\/\/www.europesays.com\/de\/wp-json\/wp\/v2\/media?parent=1189986"}],"wp:term":[{"taxonomy":"category","embeddable":true,"href":"https:\/\/www.europesays.com\/de\/wp-json\/wp\/v2\/categories?post=1189986"},{"taxonomy":"post_tag","embeddable":true,"href":"https:\/\/www.europesays.com\/de\/wp-json\/wp\/v2\/tags?post=1189986"}],"curies":[{"name":"wp","href":"https:\/\/api.w.org\/{rel}","templated":true}]}}