{"id":1189993,"date":"2026-07-24T16:08:19","date_gmt":"2026-07-24T16:08:19","guid":{"rendered":"https:\/\/www.europesays.com\/de\/1189993\/"},"modified":"2026-07-24T16:08:19","modified_gmt":"2026-07-24T16:08:19","slug":"el-forlan-del-schalke-cabrera-und-tekpetey-liefern-in-europa","status":"publish","type":"post","link":"https:\/\/www.europesays.com\/de\/1189993\/","title":{"rendered":"\u201eEl Forl\u00e1n del Schalke&#8220;: Cabrera und Tekpetey liefern in Europa"},"content":{"rendered":"<p><img loading=\"lazy\" decoding=\"async\" src=\"https:\/\/www.europesays.com\/de\/wp-content\/uploads\/2026\/07\/0ac57d464f5d451daa1077ce74e12140.gif\" alt=\"\" width=\"1\" height=\"1\"\/><strong>Zwei Ex-Schalke-Talente sind aktuell in der Europa-Conference-League-Qualifikation aktiv. So l\u00e4uft es bei Juan Cabrera und Bernard Tekpetey.<\/strong><\/p>\n<p class=\"p1\"><a href=\"https:\/\/schalketotal.de\/2026\/07\/20\/schalker-u23-neuzugang-tober-moechte-auch-oben-fuss-fassen\/\" rel=\"nofollow noopener\" target=\"_blank\">Die Knappenschmiede<\/a> bringt regelm\u00e4\u00dfig Talente hervor, die ihren Weg anderswo machen. Ein ehemaliges Toptalent will sich im Ausland wie Leo Scienza entwickeln. Die Rede ist von Juan Cabrera. Der 23-j\u00e4hrige Uruguayer wurde in Montevideo geboren, lebte als Kind in Argentinien und Brasilien, bevor seine Familie nach Deutschland zog. \u00dcber den TuS Hiltrup und Preu\u00dfen M\u00fcnster landete er 2016 als gro\u00dfes Talent im Nachwuchs des FC Schalke 04, wo er zun\u00e4chst in der U17 mit sieben Torbeteiligungen in 26 Eins\u00e4tzen \u00fcberzeugte.<\/p>\n<p class=\"p1\">Transfermarkt.de titelte damals \u201eEl Forl\u00e1n del Schalke 04\u2033 und verglich ihn mit der uruguayischen St\u00fcrmerlegende Diego Forl\u00e1n, der auch Cabreras erkl\u00e4rtes Vorbild war. Doch den Sprung zu den Profis schaffte er in Gelsenkirchen nicht. In den Corona-Jahren fehlte die Konstanz, 2022 verlie\u00df er Schalke abl\u00f6sefrei. \u00dcber Ingolstadt II und die Zweitvertretung des FC Augsburg entwickelte er sich in der Regionalliga Bayern mit 23 Torbeteiligungen in 29 Spielen zu einem der st\u00e4rksten Offensivspieler der Liga. Beim Zweitligisten Greuther F\u00fcrth kam er jedoch kaum zum Einsatz, nur drei Kurzeins\u00e4tze standen zu Buche.<\/p>\n<p class=\"p1\">Anfang Juli wechselte Cabrera f\u00fcr eine niedrige sechsstellige Summe zum FC Vaduz, der nach dem Gewinn der Schweizer Challenge League in die Super League aufgestiegen ist und sich als 52-facher Liechtensteiner Cupsieger f\u00fcr die UECL-Qualifikation berechtigt hat. <a href=\"https:\/\/www.sportjack.ch\/fc-vaduz-feiert-klaren-europacup-auftakt\/\" rel=\"nofollow noopener\" target=\"_blank\">Beim 4:0-Auftaktsieg gegen Atletic Escaldes<\/a> kam er in der 61. Minute, erzielte das 3:0 und bereitete das 4:0 vor. Ein perfektes Deb\u00fct.<\/p>\n<p><b>Tekpetey: Vom Schalke-Rohdiamant zum f\u00fcnffachen Meister<\/b><\/p>\n<p class=\"p1\">Ob Cabrera eine \u00e4hnliche Karriere hinlegt wie Leo Scienza, der die Knappenschmiede ebenfalls ohne Profi-Einsatz verlie\u00df und sp\u00e4ter f\u00fcr knapp zehn Millionen Euro in die Premier League zu Southampton wechselte, bleibt abzuwarten. Der zweite Ex-Schalker in der Europa-Quali ist Bernard Tekpetey.<\/p>\n<p><img loading=\"lazy\" decoding=\"async\" class=\" wp-image-62854\" src=\"https:\/\/www.europesays.com\/de\/wp-content\/uploads\/2026\/07\/Bernard-Tekpetey-300x200.jpg\" alt=\"Bernard Tekpetey\" width=\"926\" height=\"617\"  \/>Foto: IMAGO<\/p>\n<p class=\"p1\">Den Ghanaer verpflichtete Schalke 2016 aus der UniStar Soccer Academy in Ghana. F\u00fcr die Schalker Profis bestritt er drei Eins\u00e4tze und zeigte dabei durchaus sein Potenzial. Bei einem Europa-League-Spiel gegen Nizza bereitete er in 90 Minuten Spielzeit als Startelf-Spieler ein Tor vor. Den Durchbruch auf Schalke schaffte er dennoch nicht.<\/p>\n<p class=\"p1\">Mittlerweile ist der 28-J\u00e4hrige in Bulgarien zu einer festen Gr\u00f6\u00dfe geworden. Mit Ludogorets Razgrad gewann er f\u00fcnfmal die bulgarische Meisterschaft und holte zudem den Bulgarischen Pokal. Damit z\u00e4hlt er zu den erfolgreichsten Ex-Schalkern im europ\u00e4ischen Ausland. Gegen Hapoel Tel Aviv wurde er Am Donnerstagabend in der UECL-Qualifikation eingewechselt.<\/p>\n","protected":false},"excerpt":{"rendered":"Zwei Ex-Schalke-Talente sind aktuell in der Europa-Conference-League-Qualifikation aktiv. So l\u00e4uft es bei Juan Cabrera und Bernard Tekpetey. Die&hellip;\n","protected":false},"author":2,"featured_media":1189994,"comment_status":"","ping_status":"","sticky":false,"template":"","format":"standard","meta":{"footnotes":"","_share_on_mastodon":"0"},"categories":[3933],"tags":[331,332,248493,548,663,158,3934,3935,13,119682,14,15,12],"class_list":["post-1189993","post","type-post","status-publish","format-standard","has-post-thumbnail","category-eu","tag-aktuelle-nachrichten","tag-aktuelle-news","tag-bernard-tekpetey","tag-eu","tag-europa","tag-europaeische-union","tag-europe","tag-european-union","tag-headlines","tag-juan-cabrera","tag-nachrichten","tag-news","tag-schlagzeilen"],"share_on_mastodon":{"url":"https:\/\/pubeurope.com\/@de\/116975825229211045","error":""},"_links":{"self":[{"href":"https:\/\/www.europesays.com\/de\/wp-json\/wp\/v2\/posts\/1189993","targetHints":{"allow":["GET"]}}],"collection":[{"href":"https:\/\/www.europesays.com\/de\/wp-json\/wp\/v2\/posts"}],"about":[{"href":"https:\/\/www.europesays.com\/de\/wp-json\/wp\/v2\/types\/post"}],"author":[{"embeddable":true,"href":"https:\/\/www.europesays.com\/de\/wp-json\/wp\/v2\/users\/2"}],"replies":[{"embeddable":true,"href":"https:\/\/www.europesays.com\/de\/wp-json\/wp\/v2\/comments?post=1189993"}],"version-history":[{"count":0,"href":"https:\/\/www.europesays.com\/de\/wp-json\/wp\/v2\/posts\/1189993\/revisions"}],"wp:featuredmedia":[{"embeddable":true,"href":"https:\/\/www.europesays.com\/de\/wp-json\/wp\/v2\/media\/1189994"}],"wp:attachment":[{"href":"https:\/\/www.europesays.com\/de\/wp-json\/wp\/v2\/media?parent=1189993"}],"wp:term":[{"taxonomy":"category","embeddable":true,"href":"https:\/\/www.europesays.com\/de\/wp-json\/wp\/v2\/categories?post=1189993"},{"taxonomy":"post_tag","embeddable":true,"href":"https:\/\/www.europesays.com\/de\/wp-json\/wp\/v2\/tags?post=1189993"}],"curies":[{"name":"wp","href":"https:\/\/api.w.org\/{rel}","templated":true}]}}