{"id":1190080,"date":"2026-07-24T16:55:13","date_gmt":"2026-07-24T16:55:13","guid":{"rendered":"https:\/\/www.europesays.com\/de\/1190080\/"},"modified":"2026-07-24T16:55:13","modified_gmt":"2026-07-24T16:55:13","slug":"nationalmannschaft-matthaeus-mit-grossem-lob-fuer-klopp-einstand","status":"publish","type":"post","link":"https:\/\/www.europesays.com\/de\/1190080\/","title":{"rendered":"Nationalmannschaft: Matth\u00e4us mit gro\u00dfem Lob f\u00fcr Klopp-Einstand"},"content":{"rendered":"\n<p>Seit Freitagmorgen ist es offiziell: J\u00fcrgen Klopp ist der neue Bundestrainer der deutschen Nationalmannschaft. Seine Verpflichtung schl\u00e4gt hohe Wellen, zumeist positiver Natur. Auch Rekordnationalspieler Lothar Matth\u00e4us \u00e4u\u00dferte sich nun zur Verpflichtung und Vorstellung des neuen DFB-Coaches.<\/p>\n<p>&#8222;So kennen wir\u00a0J\u00fcrgen Klopp. Der neue Bundestrainer hat auf seiner Antritts-PK viel Motivierendes gesagt. Er hat an alles gedacht und war top vorbereitet&#8220; erkl\u00e4rte Matth\u00e4us in seiner Kolumne bei &#8222;Sky&#8220;.<\/p>\n<p>Der 150-fache Nationalspieler zeigte sich insgesamt sehr begeistert vom Auftritt des fr\u00fcheren BVB-Coaches. &#8222;Klopp hat alles gesagt, was man von ihm erwartet hat&#8220;, lobte der Rekordnationalspieler den Bundestrainer.<\/p>\n<p>Dass der 59-J\u00e4hrige bei seiner Antritts-PK \u00fcberzeugt, \u00fcberraschte dabei jedoch wenig. Schlie\u00dflich sei die Kommunikation schon immer die gro\u00dfe St\u00e4rke Klopps gewesen. &#8222;Er sollte im Umgang mit den Spielern das eine oder andere besser machen als sein Vorg\u00e4nger&#8220;, lie\u00df sich Matth\u00e4us eine kleine Spitze an Julian Nagelsmann nicht nehmen.<\/p>\n<p>Matth\u00e4us warnt vor zu gro\u00dfer Erwartungshaltung<\/p>\n<p>Nichtsdestotrotz warnt Matth\u00e4us auch vor einer zu gro\u00dfen Erwartungshaltung. Schlie\u00dflich k\u00f6nne auch Klopp am Ende &#8222;nur elf Spieler aufstellen, die einen deutschen Pass haben&#8220;, konstatiert der heutige TV-Experte.<\/p>\n<p>Und dennoch gibt Matth\u00e4us auch eine positive Prognose ab. &#8222;Es wird eine schwierige Aufgabe, aber ich habe vor zwei Wochen schon gesagt, dass ich unsere Spieler nicht so schlecht sehe, wie sie es selbst gemacht haben oder wie sie gemacht wurden. Ich sehe hohe Qualit\u00e4t, auch in den Nachwuchsmannschaften&#8220;, so Matth\u00e4us.<\/p>\n<p>&#8222;Nat\u00fcrlich kann Klopp keine neuen Spieler erfinden, aber er wird sich so umschauen, dass er mit seinem Trainerteam alle im Blick hat. Dann wird er versuchen, eine Mannschaft zu formen, die uns wieder dahin f\u00fchrt, wo wir sie erwarten.&#8220;<\/p>\n<p>Dass Klopp sich daf\u00fcr unter anderem seinen Berater und Vertrauten Marc Kosicke ins Boot geholt hat, begr\u00fc\u00dft Matth\u00e4us. &#8222;Kosicke und Klopp kennen sich in- und auswendig, Klopp hat seit Jahrzehnten hundertprozentiges Vertrauen in ihn. F\u00fcr mich ist es keine \u00dcberraschung, dass er ihn mit ins Boot nimmt. Im Gegenteil: Es ist gut, wenn jemand da ist, der Dinge aus einer anderen Perspektive sieht und mit dem man auch mal kontrovers diskutieren kann&#8220;, so Matth\u00e4us.<\/p>\n","protected":false},"excerpt":{"rendered":"Seit Freitagmorgen ist es offiziell: J\u00fcrgen Klopp ist der neue Bundestrainer der deutschen Nationalmannschaft. Seine Verpflichtung schl\u00e4gt hohe&hellip;\n","protected":false},"author":2,"featured_media":1190081,"comment_status":"","ping_status":"","sticky":false,"template":"","format":"standard","meta":{"footnotes":"","_share_on_mastodon":"0"},"categories":[136],"tags":[29,347,30,4665,7603,265,863,887,11404],"class_list":["post-1190080","post","type-post","status-publish","format-standard","has-post-thumbnail","category-sport","tag-deutschland","tag-fussball","tag-germany","tag-juergen-klopp","tag-lothar-matthaeus","tag-sport","tag-sport-allgemein","tag-top-fussball","tag-wm"],"share_on_mastodon":{"url":"https:\/\/pubeurope.com\/@de\/116976007502246780","error":""},"_links":{"self":[{"href":"https:\/\/www.europesays.com\/de\/wp-json\/wp\/v2\/posts\/1190080","targetHints":{"allow":["GET"]}}],"collection":[{"href":"https:\/\/www.europesays.com\/de\/wp-json\/wp\/v2\/posts"}],"about":[{"href":"https:\/\/www.europesays.com\/de\/wp-json\/wp\/v2\/types\/post"}],"author":[{"embeddable":true,"href":"https:\/\/www.europesays.com\/de\/wp-json\/wp\/v2\/users\/2"}],"replies":[{"embeddable":true,"href":"https:\/\/www.europesays.com\/de\/wp-json\/wp\/v2\/comments?post=1190080"}],"version-history":[{"count":0,"href":"https:\/\/www.europesays.com\/de\/wp-json\/wp\/v2\/posts\/1190080\/revisions"}],"wp:featuredmedia":[{"embeddable":true,"href":"https:\/\/www.europesays.com\/de\/wp-json\/wp\/v2\/media\/1190081"}],"wp:attachment":[{"href":"https:\/\/www.europesays.com\/de\/wp-json\/wp\/v2\/media?parent=1190080"}],"wp:term":[{"taxonomy":"category","embeddable":true,"href":"https:\/\/www.europesays.com\/de\/wp-json\/wp\/v2\/categories?post=1190080"},{"taxonomy":"post_tag","embeddable":true,"href":"https:\/\/www.europesays.com\/de\/wp-json\/wp\/v2\/tags?post=1190080"}],"curies":[{"name":"wp","href":"https:\/\/api.w.org\/{rel}","templated":true}]}}