{"id":1190092,"date":"2026-07-24T17:01:20","date_gmt":"2026-07-24T17:01:20","guid":{"rendered":"https:\/\/www.europesays.com\/de\/1190092\/"},"modified":"2026-07-24T17:01:20","modified_gmt":"2026-07-24T17:01:20","slug":"huthi-miliz-was-hinter-der-seeblockade-der-huthis-im-roten-meer-steckt","status":"publish","type":"post","link":"https:\/\/www.europesays.com\/de\/1190092\/","title":{"rendered":"Huthi-Miliz: Was hinter der Seeblockade der Huthis im Roten Meer steckt"},"content":{"rendered":"<p class=\"paragraph article__item\">Internationale Reedereien und die Weltwirtschaft blicken sorgenvoll auf einen weiteren Krisenherd in Nahost. Sein Name: Bab al-Mandab \u2013 das \u00bbTor der Tr\u00e4nen\u00ab. Die Meerenge vor der Westk\u00fcste des <a href=\"https:\/\/www.zeit.de\/thema\/jemen\" target=\"_blank\" rel=\"nofollow noopener\">Jemen<\/a> bildet den s\u00fcdlichen Zugang zum Roten Meer. Sie ist ein Nadel\u00f6hr f\u00fcr den globalen Schiffsverkehr und viele \u00d6ltanker. Anfang der Woche hat die mit dem Iran verb\u00fcndete Huthi-Miliz genau dort eine Seeblockade<br \/>\ngegen Saudi-Arabien angek\u00fcndigt. Erste Schiffe wurden bereits angegriffen. Was steht hinter der Eskalation und welche Konsequenzen drohen der Weltwirtschaft? Ein \u00dcberblick\n<\/p>\n<p>                        Wer sind die Huthis?            <\/p>\n<p class=\"paragraph article__item\">Die <a href=\"https:\/\/www.zeit.de\/thema\/huthi\" target=\"_blank\" rel=\"nofollow noopener\">Huthis<\/a><br \/>\n sind eine religi\u00f6se und politische Gruppierung im <a class=\"rtr-entity\" href=\"https:\/\/www.zeit.de\/thema\/jemen\" rel=\"nofollow noopener\" target=\"_blank\">Jemen<\/a>. Als Miliz<br \/>\nk\u00e4mpfen sie dort seit  Beginn der 2000er-Jahre in einem Krieg gegen<br \/>\ndie Regierung. Dabei konnten sie wiederholt milit\u00e4rische Erfolge<br \/>\nerzielen und den Nordwesten des Landes gr\u00f6\u00dftenteils unter ihre Kontrolle<br \/>\n bringen. Dabei nutzten sie auch ein Machtvakuum, das durch Proteste gegen die Regierung im Zuge des Arabischen Fr\u00fchlings entstand.\n<\/p>\n<p class=\"paragraph article__item\">Die <a class=\"rtr-entity\" href=\"https:\/\/www.zeit.de\/thema\/huthi\" rel=\"nofollow noopener\" target=\"_blank\">Huthis<\/a> konnten die Hauptstadt<br \/>\nSanaa einnehmen. Ein von Saudi-Arabien angef\u00fchrtes Milit\u00e4rb\u00fcndnis griff 2015 allerdings zugunsten der Regierungstruppen ein. Die Folge war ein jahrelanger,<a href=\"https:\/\/www.zeit.de\/2019\/35\/jemen-buergerkrieg-huthi-opfer-kindersoldaten-hungertod-humanitaere-hilfe\" target=\"_blank\" rel=\"nofollow noopener\">\u00a0schwerer B\u00fcrgerkrieg mit rund 400.000 Toten<\/a>, darunter viele Kinder.\n<\/p>\n<p class=\"paragraph article__item\">2022 wurden die K\u00e4mpfe durch eine von den UN vermittelte Waffenruhe weitgehend beendet. Seitdem herrscht eine Art Pattsituation. W\u00e4hrend die Huthis im Norden dominieren, verteilt sich die Macht im S\u00fcden des Landes auf ein fragmentiertes Regierungsb\u00fcndnis. Der Huthi-Miliz geh\u00f6ren mehrere Zehntausend bewaffnete K\u00e4mpfer an, einige Sch\u00e4tzungen gehen gar von bis zu 200.000 K\u00e4mpfern aus.<\/p>\n<p>                            \u00a9\u00a0Lea Dohle<\/p>\n<p>\n                                        Newsletter<br \/>\n                                        Was jetzt? \u2013 Der t\u00e4gliche Morgen\u00fcberblick<\/p>\n<p class=\"newsletter-signup__text\">Starten Sie mit unserem kurzen Nachrichten-Newsletter in den Tag. Erhalten Sie zudem freitags das digitale Magazin ZEIT am Wochenende.<\/p>\n<p class=\"newsletter-signup__datapolicy\" hidden=\"\">\n            Mit Ihrer Registrierung nehmen Sie die <a href=\"https:\/\/datenschutz.zeit.de\/zon#Newsletter\" target=\"_blank\" rel=\"nofollow noopener\">Datenschutzerkl\u00e4rung<\/a> zur Kenntnis.\n        <\/p>\n<p>    Vielen Dank! Wir haben Ihnen eine E-Mail geschickt.<\/p>\n<p>Pr\u00fcfen Sie Ihr Postfach und best\u00e4tigen Sie das Newsletter-Abonnement.<\/p>\n<p class=\"paragraph article__item\">Die Waffenruhe innerhalb des Jemen hielt auch \u200bw\u00e4hrend des Gazakrieges. Allerdings griffen \u200bdie<br \/>\nHuthis internationale Schiffe im Roten Meer \u200can und feuerten Raketen auf Israel. Daraufhin starteten Israel und die USA Luftangriffe auf Orte im Gebiet der Huthis, die mit Unterbrechungen bis ins Jahr 2025 andauerten. Im Mai 2025 vermittelte der Oman dann <a href=\"https:\/\/www.zeit.de\/politik\/ausland\/2025-05\/huthi-kapitulation-trump-jemen-schiffe-angriffe\" target=\"_blank\" rel=\"nofollow noopener\">eine Feuerpause zwischen den Huthis und den USA<\/a>.\n<\/p>\n<p class=\"paragraph article__item\">Im vergangenen Jahr <a href=\"https:\/\/www.zeit.de\/politik\/2026-01\/jemen-saudi-arabien-vae-militaerkoalition-5vor8\" target=\"_blank\" rel=\"nofollow noopener\">flammte der Konflikt im Land wieder<br \/>\nauf<\/a>. Eine von den Vereinigten Arabischen Emiraten (VAE) unterst\u00fctzte Separatistenbewegung hatte Gebiete im \u200cS\u00fcden<br \/>\neingenommen und damit die gegen die Huthis gerichtete Koalition<br \/>\nmehrerer arabischer Staaten gespalten. <a class=\"rtr-entity\" href=\"https:\/\/www.zeit.de\/thema\/saudi-arabien\" rel=\"nofollow noopener\" target=\"_blank\">Saudi-Arabien<\/a> <a href=\"https:\/\/www.zeit.de\/politik\/ausland\/2026-01\/jemen-rueckeroberung-saudi-arabien-gebiete-separatisten-hadramaut-gxe\" target=\"_blank\" rel=\"nofollow noopener\">stellte sich dagegen<\/a> und bombardierte verschiedene St\u00e4dte im S\u00fcdjemen.\n<\/p>\n<p>                                    Welche Verbindung haben die Huthis zum Iran?            <\/p>\n<p class=\"paragraph article__item\">Offiziell hat der <a class=\"rtr-entity\" href=\"https:\/\/www.zeit.de\/thema\/iran\" rel=\"nofollow noopener\" target=\"_blank\">Iran<\/a> eine<br \/>\nZusammenarbeit mit den Huthis in der Vergangenheit wiederholt<br \/>\nzur\u00fcckgewiesen. Dennoch sind sich zahlreiche Experten einig: Das<br \/>\niranische Regime ist der wichtigste Verb\u00fcndete der Huthis. Vielen <a href=\"https:\/\/www.zeit.de\/politik\/ausland\/2025-06\/iran-israel-nahostkrieg-verbuendete-feinde\" target=\"_blank\" rel=\"nofollow noopener\">gelten die Huthis gar als ein sogenannter Proxy des Iran<\/a>,<br \/>\n vergleichbar mit der Hisbollah-Miliz im Libanon.\n<\/p>\n<p class=\"paragraph article__item\">Dass die<br \/>\niranische F\u00fchrung die Huthis trotz religi\u00f6ser Differenzen unterst\u00fctzt,<br \/>\nl\u00e4sst sich \u00fcber die gemeinsame politische Ideologie erkl\u00e4ren, in der die<br \/>\n USA, Israel und das sunnitische Saudi-Arabien die Hauptfeinde<br \/>\ndarstellen.\u00a0\n<\/p>\n<p>            Warum startet die Huthi-Miliz ausgerechnet jetzt eine Seeblockade?            <\/p>\n<p class=\"paragraph article__item\">Der konkrete Anlass der Seeblockade ist laut den Huthis ein folgenschwerer Zwischenfall aus der vergangenen Woche:\u00a0<a href=\"https:\/\/www.zeit.de\/politik\/ausland\/2026-07\/jemen-luftangriff-flughafen-sanaa-huthi-saudi-arabien\" target=\"_blank\" rel=\"nofollow noopener\">ein Angriff der von Saudi-Arabien unterst\u00fctzten jemenitischen Regierung auf den<br \/>\nFlughafen von Sanaa<\/a>. Offenbar wollte sie ein iranisches Flugzeug treffen, in dem sich eine ranghohe Huthi-Delegation befand \u2013 auf dem R\u00fcckweg von der Trauerfeier f\u00fcr den obersten F\u00fchrer des Iran, Ajatollah Ali Chamenei.\n<\/p>\n<p class=\"paragraph article__item\">Als Reaktion beschossen die Huthis den Flughafen Abha im S\u00fcden Saudi-Arabiens mit Drohnen und Raketen. Am Montag <a href=\"https:\/\/www.zeit.de\/politik\/ausland\/2026-07\/huthi-jemen-seeblockade-saudi-arabien-bab-al-mandab\" target=\"_blank\" rel=\"nofollow noopener\">verk\u00fcndete die Miliz dann die Seeblockade<\/a>, und zwar explizit f\u00fcr Schiffe, die in Verbindung mit Saudi-Arabien stehen. Die auf maritime Sicherheit spezialisierte Firma Neptune P2P Group berichtet von einem entsprechenden Funkspruch der Huthis.\n<\/p>\n<blockquote class=\"quote__text\"><p>Wir warnen alle Schiffe, die dem saudischen Feind geh\u00f6ren, sich durch das Rote Meer und den Golf von Aden zu bewegen. Falls diese Warnung ignoriert wird, werden wir diese Schiffe ins Visier nehmen.<\/p><\/blockquote>\n<p>    Funkspruch der Huthi-Miliz<\/p>\n<p class=\"paragraph article__item\">US-Au\u00dfenminister Marco Rubio brachte eine weitere Lesart ins Spiel: Die Huthis k\u00f6nnten demnach auf Anweisungen des Iran handeln. Bisher habe sich die Miliz im Irankrieg<br \/>\n\u00bbweitestgehend klug\u00ab verhalten und sich aus dem Konflikt<br \/>\nherausgehalten, sagte Rubio. \u00bbNun sind sie offenbar dazu verleitet<br \/>\nworden, sich einzumischen und Saudi-Arabien und seine Schiffe ins Visier<br \/>\n zu nehmen.\u00ab\n<\/p>\n<p>            Welche Auswirkungen hat die Seeblockade?            <\/p>\n<p class=\"paragraph article__item\">Nach Angaben der Huthis sind am Donnerstag <a href=\"https:\/\/www.zeit.de\/politik\/ausland\/2026-07\/oeltanker-encelia-rotes-meer-huthi-saudi-arabien-gxe\" target=\"_blank\" rel=\"nofollow noopener\">zwei saudi-arabische \u00d6ltanker beschossen worden<\/a>. Saudi-Arabien selbst best\u00e4tigte bislang nur, dass ein Schiff getroffen wurde. Auf dem Schiff sei ein Feuer ausgebrochen.\u00a0\n<\/p>\n<p class=\"paragraph article__item\">Weitere Angriffe sind bislang nicht bekannt geworden. Schiffsdaten zeigen jedoch, dass mehrere Tanker mit saudi-arabischem Roh\u00f6l an Bord im Roten Meer umdrehten, die auf dem Weg nach China und Indien waren. Sie \u00e4nderten ihren Kurs und fuhren Richtung Norden zum Suezkanal, um die jemenitische K\u00fcste zu meiden.\n<\/p>\n<p class=\"paragraph article__item\">Es fahren allerdings auch weiterhin Schiffe durch das Rote Meer. Laut dem Datenanbieter Kpler waren es am Donnerstag 18 Schiffe, Mittwoch 26. Mehrere Schiffe \u00e4nderten nach Angaben der Website Marinetraffic ihre<br \/>\nelektronischen Anzeigen und notierten dort etwa \u00bbbewaffneter<br \/>\nSicherheitsdienst an Bord\u00ab, \u00bbvon der indischen Regierung erwartet\u00ab oder<br \/>\n\u00bbEigent\u00fcmer der Ladung ist China\u00ab. An der Meerenge Bab al-Mandab selbst ging der Schiffsverkehr nach der Warnung der Huthis zur\u00fcck.\u00a0\n<\/p>\n<p>            Wie reagiert die internationale Politik?            <\/p>\n<p class=\"paragraph article__item\">International wird die Eskalation der Huthis verurteilt. US-Pr\u00e4sident Donald Trump drohte der Miliz mit einer \u00bbbedeutenden milit\u00e4rischen Bestrafung\u00ab. Trump schrieb online, er sei \u00bbsehr entt\u00e4uscht\u00ab \u00fcber<br \/>\ndie Miliz. Sollte sie erneut \u00d6ltanker angreifen, w\u00fcrden sie und<br \/>\nauch der Iran milit\u00e4risch bestraft.\n<\/p>\n<p class=\"paragraph article__item\">Bundeskanzler Friedrich Merz forderte die Huthis auf, die Angriffe unverz\u00fcglich einzustellen.<br \/>\n\u00bbJede Form einer Seeblockade ist inakzeptabel\u00ab, sagte er. Die \u00bbr\u00fccksichtslosen Angriffe\u00ab gef\u00e4hrdeten die<br \/>\nFreiheit der Schifffahrt.\n<\/p>\n<p>                An dieser Stelle ist ein externer Inhalt eingebunden<\/p>\n<p>Zum Anschauen ben\u00f6tigen wir Ihre Zustimmung<\/p>\n<p>\n                Weiter\n            <\/p>\n<p class=\"paragraph article__item\">Die EU-Au\u00dfenbeauftragte Kaja Kallas verurteilte den Angriff auf den saudi-arabischen \u00d6ltanker als \u00bbnicht<br \/>\nhinnehmbar\u00ab und \u00bbillegal\u00ab. Die Huthis<br \/>\n m\u00fcssten \u00bballe Handlungen einstellen, die die internationale Schifffahrt<br \/>\n und das Leben von Seeleuten gef\u00e4hrden\u00ab. Auch m\u00fcssten sie das<br \/>\n\u00bbV\u00f6lkerrecht einhalten\u00ab, forderte Kallas.\n<\/p>\n<p>            Was droht der Weltwirtschaft?            <\/p>\n<p class=\"paragraph article__item\">Der \u00d6lpreis ist auch durch den neuen Huthi-Angriff wieder <a href=\"https:\/\/www.zeit.de\/wirtschaft\/2026-07\/usa-iran-krieg-energiemaerkte-oel-preisanstieg\" target=\"_blank\" rel=\"nofollow noopener\">auf \u00fcber 100 Dollar gestiegen<\/a>. Der Grund: Das<br \/>\nRote Meer ist nach der Blockade \u200cder <a href=\"https:\/\/www.zeit.de\/2026\/27\/strasse-von-hormus-schifffahrt-iran-minen\" target=\"_blank\" rel=\"nofollow noopener\">Stra\u00dfe \u2060von Hormus<\/a><br \/>\ndurch den Iran zu einer wichtigen Alternativroute f\u00fcr den Export<br \/>\nvon \u200b\u00d6l und anderen Produkten aus den Golfstaaten geworden.\u00a0\n<\/p>\n<p class=\"paragraph article__item\">Die sogenannte Ost-West-Pipeline pumpt das saudische \u00d6l in Richtung K\u00fcste am Roten Meer, zum Hafen von Yanbu. Mehr als 70 Prozent seiner<br \/>\nnormalen t\u00e4glichen Roh\u00f6lexporte hat das Land in den Hafen umgeleitet. So sollte die heikle Lage in der Stra\u00dfe von Hormus umgangen werden. Sollte sich jetzt allerdings auch die Lage im Roten Meer zuspitzen, w\u00e4ren <a href=\"https:\/\/www.zeit.de\/wirtschaft\/2026-05\/knotenpunkte-welthandel-handelsrouten-suezkanal-panamakanal-strasse-von-hormus\" target=\"_blank\" rel=\"nofollow noopener\">beide wichtigen<br \/>\n\u00d6lexportrouten im Nahen Osten<\/a> gleichzeitig unterbrochen.\n<\/p>\n<p>            <img decoding=\"async\" class=\"zg-counticle__picture\"  src=\"https:\/\/www.europesays.com\/de\/wp-content\/uploads\/2026\/07\/square__180x180__desktop.jpeg\" alt=\"\"\/><\/p>\n<p>                        \u00a9\u00a0Reuters\/\u200bAhmed Jadallah<\/p>\n<p class=\"zg-counticle__text\">\n        <strong class=\"zg-counticle__number-wrapper\"><br \/>\n            70 Prozent        <\/strong><\/p>\n<p>                aller saudischen \u00d6lexporte laufen mittlerweile \u00fcber das Rote Meer<\/p>\n<p class=\"paragraph article__item\">Schiffe aus Yanbu mit Ziel Europa fahren \u200bzwar nach<br \/>\nNorden durch den \u00e4gyptischen Suezkanal. Die Frachter nach Asien m\u00fcssen aber s\u00fcdlich Kurs auf Bab al-Mandab nehmen. Sch\u00e4tzungen zufolge werden t\u00e4glich rund 2,5 Millionen Barrel Roh\u00f6l von Yanbu in Richtung S\u00fcden transportiert.\u00a0\n<\/p>\n<p class=\"paragraph article__item\">Allerdings hat das Nadel\u00f6hr insgesamt an Bedeutung f\u00fcr den Welthandel verloren. Zwar passieren noch immer gut ein Viertel aller Containertransporte das Rote Meer, aber laut Daten der Suezkanal-Beh\u00f6rde ist das<br \/>\nVerkehrsaufkommen durch den Suezkanal im Jahr \u200c2025 im Vergleich<br \/>\nzu 2023 um 52 Prozent zur\u00fcckgegangen.\n<\/p>\n<p class=\"zg-counticle__text\">\n        <strong class=\"zg-counticle__number-wrapper zg-counticle__number-wrapper--bold\"><br \/>\n            7,4 Millionen Barrel Roh\u00f6l        <\/strong><\/p>\n<p>                passieren die Meerenge Bab al-Mandab t\u00e4glich<\/p>\n<p class=\"paragraph article__item\">Seit den Angriffen der Huthi-Miliz im Zuge des Gazakrieges haben gro\u00dfe Reeder wie Maersk und Hapag-Lloyd ihre<br \/>\nRouten umgeleitet und werden um die S\u00fcdspitze Afrikas gef\u00fchrt \u2013 eine weitaus<br \/>\nl\u00e4ngere \u2060und rund zwei Millionen US-Dollar teurere Strecke.\n<\/p>\n<p>            Was kann die EU-Mission Aspides bewirken?            <\/p>\n<p class=\"paragraph article__item\">Nach den Angriffen der Huthis auf Schiffe im Roten Meer im Zuge des Gazakrieges hat die Europ\u00e4ische Union 2024 die defensive Marine-Mission EUNAVFOR Aspides gestartet, an der sich auch die Bundeswehr beteiligt. Die Abk\u00fcrzung EUNAVOR steht f\u00fcr European Union\u2019s Naval Force.\n<\/p>\n<p class=\"paragraph article__item\">Das Einsatzgebiet umfasst auch die Meerenge von Bab al-Mandab sowie die internationalen Gew\u00e4sser im Roten Meer und im Golf. Laut Angaben vom Oktober 2025 sind derzeit drei Marineschiffe an dem Einsatz beteiligt\n<\/p>\n<p class=\"paragraph article__item\">Die EU-Mission warnte diese Woche Handelsschiffe mit Bezug zu Saudi-Arabien, Israel und den USA, das Rote Meer und den Golf von Aden zu passieren, und stufte die Gefahrenlage hoch. Schiffe k\u00f6nnten Unterst\u00fctzung anfragen, um bei der Passage eskortiert zu werden. Es m\u00fcsse aber wegen der begrenzten Kapazit\u00e4ten mit Wartezeiten gerechnet werden. Am Donnerstagmorgen gab Aspides bekannt, dass mehrere Containerschiffe durch eine an der Mission beteiligte italienische Fregatte durchs Rote Meer begleitet worden seien.\n<\/p>\n<p>                An dieser Stelle ist ein externer Inhalt eingebunden<\/p>\n<p>Zum Anschauen ben\u00f6tigen wir Ihre Zustimmung<\/p>\n<p>\n                Weiter\n            <\/p>\n<p class=\"paragraph article__item\">Die EU-Au\u00dfenbeauftragte Kallas sagte, die<br \/>\nEU-Marinemission Aspides sei weiterhin \u00bbfest entschlossen, die Freiheit<br \/>\nder Schifffahrt f\u00fcr alle im Roten Meer und den angrenzenden<br \/>\ninternationalen Gew\u00e4ssern zu sch\u00fctzen\u00ab. Neben der Eskorte durch Marineschiffe hilft der Einsatzverband auch mit Aufkl\u00e4rungsfl\u00fcgen, um die Lage zu beobachten.\u00a0<\/p>\n<p>Thema<\/p>\n<p>                <a href=\"https:\/\/www.zeit.de\/politik\/2026-01\/jemen-saudi-arabien-vae-militaerkoalition-5vor8\" data-ct-label=\"Jemen: Wenn aus M\u00e4nnern Feinde werden\" data-uuid=\"be87091c-42e6-4cc4-81cd-05b43b0855b9\" rel=\"nofollow noopener\" target=\"_blank\"><\/p>\n<p>        Z+ (abopflichtiger Inhalt);<\/p>\n<p>    Jemen:<br \/>\n                        Wenn aus M\u00e4nnern Feinde werden<\/p>\n<p>                <\/a><\/p>\n<p>                <a href=\"https:\/\/www.zeit.de\/politik\/ausland\/2025-05\/huthi-miliz-jemen-kapitulation-israel\" data-ct-label=\"Huthi-Miliz: Eine sehr eingeschr\u00e4nkte Kapitulation\" data-uuid=\"2d8239b4-aaef-47e3-840a-78d98e4fafa3\" rel=\"nofollow noopener\" target=\"_blank\"><\/p>\n<p>                        Huthi-Miliz:<br \/>\n                        Eine sehr eingeschr\u00e4nkte Kapitulation<\/p>\n<p>                <\/a><\/p>\n<p>                <a href=\"https:\/\/www.zeit.de\/2019\/35\/jemen-buergerkrieg-huthi-opfer-kindersoldaten-hungertod-humanitaere-hilfe\" data-ct-label=\"Jemen: &quot;Wenn sie euch nicht in den Jemen lassen, berichtet trotzdem!&quot;\" data-uuid=\"929d1423-d669-4f23-b215-edbae2e86522\" rel=\"nofollow noopener\" target=\"_blank\"><\/p>\n<p>        Z+ (registrierungspflichtiger Inhalt);<\/p>\n<p>    Jemen:<br \/>\n                        &#8222;Wenn sie euch nicht in den Jemen lassen, berichtet trotzdem!&#8220;<\/p>\n<p>                <\/a><\/p>\n<p class=\"paragraph article__item\">Mit Material der Nachrichtenagenturen dpa, Reuters, AFP<\/p>\n","protected":false},"excerpt":{"rendered":"Internationale Reedereien und die Weltwirtschaft blicken sorgenvoll auf einen weiteren Krisenherd in Nahost. Sein Name: Bab al-Mandab \u2013&hellip;\n","protected":false},"author":2,"featured_media":1190093,"comment_status":"","ping_status":"","sticky":false,"template":"","format":"standard","meta":{"footnotes":"","_share_on_mastodon":"0"},"categories":[5],"tags":[13,21935,31592,345,10544,14,15,16,4769,12,10,8,9,11],"class_list":["post-1190092","post","type-post","status-publish","format-standard","has-post-thumbnail","category-nachrichten","tag-headlines","tag-huthi","tag-huthi-miliz","tag-iran","tag-jemen","tag-nachrichten","tag-news","tag-politik","tag-saudi-arabien","tag-schlagzeilen","tag-top-news","tag-top-meldungen","tag-topmeldungen","tag-topnews"],"share_on_mastodon":{"url":"https:\/\/pubeurope.com\/@de\/116976031394560234","error":""},"_links":{"self":[{"href":"https:\/\/www.europesays.com\/de\/wp-json\/wp\/v2\/posts\/1190092","targetHints":{"allow":["GET"]}}],"collection":[{"href":"https:\/\/www.europesays.com\/de\/wp-json\/wp\/v2\/posts"}],"about":[{"href":"https:\/\/www.europesays.com\/de\/wp-json\/wp\/v2\/types\/post"}],"author":[{"embeddable":true,"href":"https:\/\/www.europesays.com\/de\/wp-json\/wp\/v2\/users\/2"}],"replies":[{"embeddable":true,"href":"https:\/\/www.europesays.com\/de\/wp-json\/wp\/v2\/comments?post=1190092"}],"version-history":[{"count":0,"href":"https:\/\/www.europesays.com\/de\/wp-json\/wp\/v2\/posts\/1190092\/revisions"}],"wp:featuredmedia":[{"embeddable":true,"href":"https:\/\/www.europesays.com\/de\/wp-json\/wp\/v2\/media\/1190093"}],"wp:attachment":[{"href":"https:\/\/www.europesays.com\/de\/wp-json\/wp\/v2\/media?parent=1190092"}],"wp:term":[{"taxonomy":"category","embeddable":true,"href":"https:\/\/www.europesays.com\/de\/wp-json\/wp\/v2\/categories?post=1190092"},{"taxonomy":"post_tag","embeddable":true,"href":"https:\/\/www.europesays.com\/de\/wp-json\/wp\/v2\/tags?post=1190092"}],"curies":[{"name":"wp","href":"https:\/\/api.w.org\/{rel}","templated":true}]}}