{"id":1190225,"date":"2026-07-24T18:20:50","date_gmt":"2026-07-24T18:20:50","guid":{"rendered":"https:\/\/www.europesays.com\/de\/1190225\/"},"modified":"2026-07-24T18:20:50","modified_gmt":"2026-07-24T18:20:50","slug":"arantxa-sanchez-vicario-ex-tennis-star-verliert-36-mio-euro-news","status":"publish","type":"post","link":"https:\/\/www.europesays.com\/de\/1190225\/","title":{"rendered":"Arantxa S\u00e1nchez Vicario: Ex-Tennis-Star verliert 36 Mio. Euro | News"},"content":{"rendered":"<p><a class=\"skip-content skip-content--link\" href=\"#in-content-skip-link-target-v-0-0\">TTS-Player \u00fcberspringen\u21b5<\/a><a id=\"in-content-skip-link-target-v-0-0\" class=\"skip-content--target-link-hidden skip-content skip-content--target-link\" href=\"#in-content-skip-link-target-v-0-0\">Artikel weiterlesen<\/a><\/p>\n<p data-bbd632a7=\"0-929\">Barcelona (Spanien) \u2013 <b>Auf dem Platz feierte die Spanierin Arantxa S\u00e1nchez Vicario (54) die gr\u00f6\u00dften Siege, gewann in den 1980er und 90ern vier Grand-Slam-Titel. Doch privat musste sie eine bittere Niederlage einstecken. Die fr\u00fchere Nummer\u00a01 im Tennis soll von ihrer gro\u00dfen Liebe um Millionen betrogen worden sein.<\/b><\/p>\n<p data-bbd632a7=\"0-929\">Wie die ehemalige <a href=\"https:\/\/www.bild.de\/themen\/personen\/sportler\/nachrichten-news-fotos-videos-17077818.bild.html\" class=\"text-link\" rel=\"nofollow noopener\" target=\"_blank\">Sportlerin<\/a> jetzt in einem TV-Interview unter Tr\u00e4nen offenbarte, habe sie ihr ganzes Verm\u00f6gen an ihren Ex-Mann verloren. Um nicht selbst im Gef\u00e4ngnis zu landen, m\u00fcsse sie mittlerweile die H\u00e4lfte ihrer Einnahmen an eine Bank abgeben und Schulden begleichen.<\/p>\n<p><img decoding=\"async\" width=\"992\" height=\"593\" alt=\"Der fr\u00fchere Tennis-Star 2022 als Zuschauerin bei den U.S. Open\" loading=\"lazy\" src=\"https:\/\/www.europesays.com\/de\/wp-content\/uploads\/2026\/07\/8a074c9d167dc3476ed529c531ec3a43,fdaabe70.jpeg\"   class=\"dynamic\"\/><\/p>\n<p class=\"fig__caption__text\">Der fr\u00fchere Tennis-Star 2022 als Zuschauerin bei den U.S. Open<\/p>\n<p>Foto: MIKE SEGAR\/REUTERS<\/p>\n<p>Ehemann habe ihr ganzes Geld verwaltet<\/p>\n<p data-bbd632a7=\"0-929\">Angeblich, so erkl\u00e4rte sie in der spanischen Fernsehsendung \u201eUniverso Calleja\u201c, habe sie \u00fcber Jahre hinweg ihre <a href=\"https:\/\/www.bild.de\/themen\/themen-uebersicht\/finanzen\/finanzen-geld-aktien-und-steuern-36176800.bild.html\" class=\"text-link\" rel=\"nofollow noopener\" target=\"_blank\">Finanzen<\/a> in die H\u00e4nde ihres fr\u00fcheren Partners Josep Santacana gegeben. \u201eIch habe mich ganz dem Tennisspielen gewidmet. Ich habe mich nie um diese Angelegenheiten gek\u00fcmmert, weil ich nicht wusste, wie.\u201c<\/p>\n<p data-bbd632a7=\"930-1858\">\u201eIch habe meinem Mann vertraut, weil er der Vater meiner Kinder war. Ich habe mich blind verliebt. Doch er ist wirklich nicht der Mensch, f\u00fcr den ich ihn gehalten habe.\u201c Am Ende seien 36 Millionen Euro, die sie im Laufe ihrer Karriere nach eigenen Angaben eingespielt hatte, einfach weg gewesen. Wo genau das Verm\u00f6gen hin ist? V\u00f6llig unklar! \u201eMein ganzes Geld ist verschwunden\u201c, so die 54-J\u00e4hrige. In ihrer Autobiografie von 2012 hatte sie noch ihre Eltern beschuldigt, sich an ihr bereichert zu haben.<\/p>\n<p><img decoding=\"async\" width=\"992\" height=\"1178\" alt=\"Arantxa S\u00e1nchez Vicario und Josep Santacana 2012 in Barcelona. Das Paar hatte 2008 geheiratet, 2019 folgte die Scheidung\" loading=\"lazy\" src=\"https:\/\/www.europesays.com\/de\/wp-content\/uploads\/2026\/07\/7aa678f8d8a03ac034f7e67269f5f600,fd4bc034.jpeg\"   class=\"portrait\"\/><\/p>\n<p class=\"fig__caption__text\">Arantxa S\u00e1nchez Vicario und Josep Santacana 2012 in Barcelona. Das Paar hatte 2008 geheiratet, 2019 folgte die Scheidung<\/p>\n<p>Foto: AFP via Getty Images<\/p>\n<p>\u201eEs ist, als h\u00e4tte ich nie eine Tenniskarriere gehabt\u201c<\/p>\n<p data-bbd632a7=\"930-1858\">Die vergangenen Jahre des fr\u00fcheren <a href=\"https:\/\/www.bild.de\/sport\/sportart\/tennis\/tennis-alle-infos-76677268.bild.html\" class=\"text-link\" rel=\"nofollow noopener\" target=\"_blank\">Tennis<\/a>-Stars seien gepr\u00e4gt gewesen von Rechtsstreitigkeiten und der Scheidung. 2023 stand Vicario wegen Verm\u00f6gensverschleierung vor Gericht \u2013 beinahe w\u00e4re sie in Haft gelandet: \u201eIch bin nicht ins Gef\u00e4ngnis gekommen, weil ich 50 Prozent meines Einkommens an die Bank abzahle\u201c, erkl\u00e4rte sie. F\u00fcr den Deal mit der Staatsanwaltschaft habe sie Taten einr\u00e4umen und Schuld auf sich nehmen m\u00fcssen. Josep Santacana wurde 2024 zu drei Jahren und drei Monaten Haft als \u201eCerebro\u201c (dr. Kopf) der Verm\u00f6gensverschiebung verurteilt.<\/p>\n<p>Mehr zum Thema<\/p>\n<p data-bbd632a7=\"1859-2816\">Die Hoffnung, das verlorene <a href=\"https:\/\/www.bild.de\/leben-gesellschaft\/mein-geld-finanzportal\/alle-news-HpYSOPoVPZOkw3Mm7LLK\" class=\"text-link\" rel=\"nofollow noopener\" target=\"_blank\">Geld<\/a> wiederzubekommen, habe sie mittlerweile verloren. Eine Therapie habe ihr durch die schwere Zeit geholfen. Die einstige Weltranglistenerste wirkt gebrochen, als sie sagt: \u201eIch habe mich damit abgefunden. Es ist, als w\u00fcrde ich ganz von vorn anfangen, als h\u00e4tte ich nie eine Tenniskarriere gehabt.\u201c<\/p>\n<p><img decoding=\"async\" width=\"992\" height=\"558\" alt=\"Die Spanierin Arantxa S\u00e1nchez Vicario verlor 1995 gegen Steffi Graf bei den French Open\" loading=\"lazy\" src=\"https:\/\/www.europesays.com\/de\/wp-content\/uploads\/2026\/07\/96c8c0ac00bebe33a3978930dc6e1984,fe417c1f.jpeg\"   class=\"landscape\"\/><\/p>\n<p class=\"fig__caption__text\">Arantxa S\u00e1nchez Vicario aus Spanien schl\u00e4gt einen Vorhand-Return gegen Steffi Graf im Damen-Finale der French Open am 10. Juni 1995 <\/p>\n<p>Foto: Getty Images<\/p>\n<p>1995 die Nummer 1 der Welt<\/p>\n<p data-bbd632a7=\"1859-2816\">Die Spanierin war in den 90er-Jahren eine der gro\u00dfen Rivalinnen von <a href=\"https:\/\/www.bild.de\/sport\/leute\/steffi-graf\/steffi-graf-alle-infos-76679070.bild.html\" class=\"text-link\" rel=\"nofollow noopener\" target=\"_blank\">Steffi Graf<\/a> (57): Sie stand in sieben Grand-Slam-Finals gegen die Deutsche und konnte zwei davon gewinnen. In ihrer Karriere holte sie 29 Turniersiege und gewann knapp 17 Millionen Dollar Preisgeld, dazu kamen Millionen u. a. an Werbung. Im Jahr 1995 f\u00fchrte sie f\u00fcr zw\u00f6lf Wochen die Einzel-Weltrangliste der Damen an.<\/p>\n","protected":false},"excerpt":{"rendered":"TTS-Player \u00fcberspringen\u21b5Artikel weiterlesen Barcelona (Spanien) \u2013 Auf dem Platz feierte die Spanierin Arantxa S\u00e1nchez Vicario (54) die gr\u00f6\u00dften&hellip;\n","protected":false},"author":2,"featured_media":1190226,"comment_status":"","ping_status":"","sticky":false,"template":"","format":"standard","meta":{"footnotes":"","_share_on_mastodon":"0"},"categories":[136],"tags":[1483,29,3079,30,248521,2134,265,19150,138370,4206,19031],"class_list":["post-1190225","post","type-post","status-publish","format-standard","has-post-thumbnail","category-sport","tag-betrug","tag-deutschland","tag-gehalt","tag-germany","tag-graf-steffi","tag-interview","tag-sport","tag-sportler","tag-team-first","tag-tennis","tag-wta"],"share_on_mastodon":{"url":"https:\/\/pubeurope.com\/@de\/116976347767379949","error":""},"_links":{"self":[{"href":"https:\/\/www.europesays.com\/de\/wp-json\/wp\/v2\/posts\/1190225","targetHints":{"allow":["GET"]}}],"collection":[{"href":"https:\/\/www.europesays.com\/de\/wp-json\/wp\/v2\/posts"}],"about":[{"href":"https:\/\/www.europesays.com\/de\/wp-json\/wp\/v2\/types\/post"}],"author":[{"embeddable":true,"href":"https:\/\/www.europesays.com\/de\/wp-json\/wp\/v2\/users\/2"}],"replies":[{"embeddable":true,"href":"https:\/\/www.europesays.com\/de\/wp-json\/wp\/v2\/comments?post=1190225"}],"version-history":[{"count":0,"href":"https:\/\/www.europesays.com\/de\/wp-json\/wp\/v2\/posts\/1190225\/revisions"}],"wp:featuredmedia":[{"embeddable":true,"href":"https:\/\/www.europesays.com\/de\/wp-json\/wp\/v2\/media\/1190226"}],"wp:attachment":[{"href":"https:\/\/www.europesays.com\/de\/wp-json\/wp\/v2\/media?parent=1190225"}],"wp:term":[{"taxonomy":"category","embeddable":true,"href":"https:\/\/www.europesays.com\/de\/wp-json\/wp\/v2\/categories?post=1190225"},{"taxonomy":"post_tag","embeddable":true,"href":"https:\/\/www.europesays.com\/de\/wp-json\/wp\/v2\/tags?post=1190225"}],"curies":[{"name":"wp","href":"https:\/\/api.w.org\/{rel}","templated":true}]}}