{"id":1190227,"date":"2026-07-24T18:22:18","date_gmt":"2026-07-24T18:22:18","guid":{"rendered":"https:\/\/www.europesays.com\/de\/1190227\/"},"modified":"2026-07-24T18:22:18","modified_gmt":"2026-07-24T18:22:18","slug":"diddy-nach-schlaegerei-in-einzelhaft-rapper-sitzt-derzeit-in-haft-unterhaltung","status":"publish","type":"post","link":"https:\/\/www.europesays.com\/de\/1190227\/","title":{"rendered":"Diddy nach Schl\u00e4gerei in Einzelhaft! Rapper sitzt derzeit in Haft | Unterhaltung"},"content":{"rendered":"<p><a class=\"skip-content skip-content--link\" href=\"#in-content-skip-link-target-v-0-0\">TTS-Player \u00fcberspringen\u21b5<\/a><a id=\"in-content-skip-link-target-v-0-0\" class=\"skip-content--target-link-hidden skip-content skip-content--target-link\" href=\"#in-content-skip-link-target-v-0-0\">Artikel weiterlesen<\/a><\/p>\n<p data-32581ace=\"0-1990\">New Jersey (USA) &#8211; <b>Neuer \u00c4rger hinter Gittern! Rap-Mogul Sean \u201eDiddy\u201c Combs (56) soll in seinem Bundesgef\u00e4ngnis in Fort Dix (US-Bundesstaat New Jersey) in eine handfeste Auseinandersetzung mit einem Mitgefangenen geraten sein. <\/b><\/p>\n<p data-32581ace=\"0-1990\">Laut \u201eTMZ\u201c soll der Streit eskaliert sein, nachdem ein H\u00e4ftling Diddy beleidigt haben soll. Statt die Situation zu ignorieren, soll der Musiker zur\u00fcckgeschlagen haben. Aus einem Wortgefecht wurde laut den Berichten eine Rangelei \u2013 es wurde geschubst und zugeschlagen.<\/p>\n<p><img decoding=\"async\" width=\"992\" height=\"703\" alt=\"Diddy 2018 bei der legend\u00e4ren Met-Gala in New York\" loading=\"lazy\" src=\"https:\/\/www.europesays.com\/de\/wp-content\/uploads\/2026\/07\/572edf2e01fe2bfbce783e223a01f7b2,df4f9a5b.jpeg\"   class=\"dynamic\"\/><\/p>\n<p class=\"fig__caption__text\">Diddy 2018 bei der legend\u00e4ren Met-Gala in New York<\/p>\n<p>Foto: ANGELA WEISS\/AFP<\/p>\n<p>Weitere Konsequenzen f\u00fcr Diddy m\u00f6glich<\/p>\n<p data-32581ace=\"0-1990\">Gef\u00e4ngnismitarbeiter griffen aber offenbar schnell ein und trennten die beiden M\u00e4nner. Anschlie\u00dfend soll <a href=\"https:\/\/www.bild.de\/unterhaltung\/leute\/sean-diddy-comps\/thema-sean-combs-alle-infos-t5zPii1aRAC0hsx0NkT0\" class=\"text-link\" rel=\"nofollow noopener\" target=\"_blank\">Diddy<\/a> direkt in Einzelhaft gebracht worden sein. Ob er sich noch immer dort befindet, ist derzeit unklar. Dem Rapper k\u00f6nnten nun weitere disziplinarische Konsequenzen drohen. Ob sich der Vorfall auch auf seine Haftdauer auswirkt, ist bislang offen.<\/p>\n<p>Mehr zum ThemaDiddy zu 50 Monaten Haft verurteilt<\/p>\n<p data-32581ace=\"0-1990\">Diddy sitzt seit <a href=\"https:\/\/www.bild.de\/unterhaltung\/stars-und-leute\/diddy-humpelt-in-den-saal-gealtert-grau-im-haeftlingslook-letzter-befreiungsversuch-68d5653f0356251aa91fac52\" class=\"text-link\" rel=\"nofollow noopener\" target=\"_blank\">Oktober 2025 im Bundesgef\u00e4ngnis<\/a> in FCI Fort Dix ein. Dort verb\u00fc\u00dft er eine 50-monatige Haftstrafe. Bei seiner Ankunft war der Musikproduzent zun\u00e4chst nicht im regul\u00e4ren Gef\u00e4ngnisbereich untergebracht, sondern in einer speziellen Abteilung f\u00fcr H\u00e4ftlinge eines Drogenprogramms, wie Quellen damals berichteten.<\/p>\n<p data-32581ace=\"0-1990\">Dem Urteil war einer der aufsehenerregendsten Promi-Prozesse der vergangenen Jahre vorausgegangen. Eine Jury in Manhattan sprach Diddy wegen des Transports von Personen zum Zweck der Prostitution schuldig. Im Mittelpunkt des Verfahrens standen die sogenannten \u201eFreak Offs\u201c oder \u201eHotel Nights\u201c \u2013 tagelange, von Drogen gepr\u00e4gte Sex-Partys mit ehemaligen Freundinnen und m\u00e4nnlichen Sexarbeitern.<\/p>\n<p><img decoding=\"async\" width=\"992\" height=\"744\" alt=\"Videoaufnahmen waren im Gerichtssaal nicht erlaubt. Diese Zeichnung wurde von Diddy w\u00e4hrend des Prozesses gemacht\" loading=\"lazy\" src=\"https:\/\/www.europesays.com\/de\/wp-content\/uploads\/2026\/07\/eced37505d4f02122fbd23f8c548aec7,b0bffa69.jpeg\"   class=\"dynamic\"\/><\/p>\n<p class=\"fig__caption__text\">Videoaufnahmen waren im Gerichtssaal nicht erlaubt. Diese Zeichnung wurde von Diddy w\u00e4hrend des Prozesses gemacht<\/p>\n<p>Foto: Jane Rosenberg\/REUTERS<\/p>\n<p data-32581ace=\"0-1990\">Von den deutlich schwerwiegenderen Vorw\u00fcrfen der organisierten Kriminalit\u00e4t und des Sexhandels wurde der Rap-Star dagegen freigesprochen. Trotz der Verurteilung gibt Diddy nicht auf: Er geht weiterhin gegen das Urteil und seine Haftstrafe vor. Nach aktuellem Stand soll der Musiker im Jahr 2028 aus dem Gef\u00e4ngnis entlassen werden.<\/p>\n","protected":false},"excerpt":{"rendered":"TTS-Player \u00fcberspringen\u21b5Artikel weiterlesen New Jersey (USA) &#8211; Neuer \u00c4rger hinter Gittern! Rap-Mogul Sean \u201eDiddy\u201c Combs (56) soll in&hellip;\n","protected":false},"author":2,"featured_media":1190228,"comment_status":"","ping_status":"","sticky":false,"template":"","format":"standard","meta":{"footnotes":"","_share_on_mastodon":"0"},"categories":[155],"tags":[29,27875,214,30,944,27876,2138,1306,138370,215],"class_list":["post-1190227","post","type-post","status-publish","format-standard","has-post-thumbnail","category-unterhaltung","tag-deutschland","tag-diddy-p","tag-entertainment","tag-germany","tag-new-york","tag-p-diddy","tag-rap","tag-rapper","tag-team-first","tag-unterhaltung"],"share_on_mastodon":{"url":"https:\/\/pubeurope.com\/@de\/116976349995148953","error":""},"_links":{"self":[{"href":"https:\/\/www.europesays.com\/de\/wp-json\/wp\/v2\/posts\/1190227","targetHints":{"allow":["GET"]}}],"collection":[{"href":"https:\/\/www.europesays.com\/de\/wp-json\/wp\/v2\/posts"}],"about":[{"href":"https:\/\/www.europesays.com\/de\/wp-json\/wp\/v2\/types\/post"}],"author":[{"embeddable":true,"href":"https:\/\/www.europesays.com\/de\/wp-json\/wp\/v2\/users\/2"}],"replies":[{"embeddable":true,"href":"https:\/\/www.europesays.com\/de\/wp-json\/wp\/v2\/comments?post=1190227"}],"version-history":[{"count":0,"href":"https:\/\/www.europesays.com\/de\/wp-json\/wp\/v2\/posts\/1190227\/revisions"}],"wp:featuredmedia":[{"embeddable":true,"href":"https:\/\/www.europesays.com\/de\/wp-json\/wp\/v2\/media\/1190228"}],"wp:attachment":[{"href":"https:\/\/www.europesays.com\/de\/wp-json\/wp\/v2\/media?parent=1190227"}],"wp:term":[{"taxonomy":"category","embeddable":true,"href":"https:\/\/www.europesays.com\/de\/wp-json\/wp\/v2\/categories?post=1190227"},{"taxonomy":"post_tag","embeddable":true,"href":"https:\/\/www.europesays.com\/de\/wp-json\/wp\/v2\/tags?post=1190227"}],"curies":[{"name":"wp","href":"https:\/\/api.w.org\/{rel}","templated":true}]}}