{"id":1190237,"date":"2026-07-24T18:27:39","date_gmt":"2026-07-24T18:27:39","guid":{"rendered":"https:\/\/www.europesays.com\/de\/1190237\/"},"modified":"2026-07-24T18:27:39","modified_gmt":"2026-07-24T18:27:39","slug":"polen-pis-hat-sich-nach-richtungsstreit-gespalten","status":"publish","type":"post","link":"https:\/\/www.europesays.com\/de\/1190237\/","title":{"rendered":"Polen: PiS hat sich nach Richtungsstreit gespalten"},"content":{"rendered":"<p class=\"paragraph article__item\">Polens gr\u00f6\u00dfte Oppositionspartei hat sich gespalten. Nach einem Richtungsstreit in der rechtskonservativen <a class=\"rtr-entity\" href=\"https:\/\/www.zeit.de\/thema\/pis\" rel=\"nofollow noopener\" target=\"_blank\">PiS<\/a> werden mehr als 30 Abgeordnete um den <a href=\"https:\/\/www.zeit.de\/politik\/ausland\/2023-12\/polen-regierungsbildung-vertrauensfrage-mateusz-morawiecki-donald-tusk\" target=\"_blank\" rel=\"nofollow noopener\">Ex-Regierungschef Mateusz Morawiecki<\/a> die Partei verlassen. Die genaue Zahl stehe noch nicht fest, sagte Parteichef Jaros\u0142aw Kaczy\u0144ski. Ob auch Morawiecki selbst darunter ist, lie\u00df er offen.\n<\/p>\n<p class=\"paragraph article__item\">Hintergrund ist ein Konflikt um die k\u00fcnftige Ausrichtung der Partei. Im M\u00e4rz hatte der 77 Jahre alte <a class=\"rtr-entity\" href=\"https:\/\/www.zeit.de\/thema\/jaroslaw-kaczynski\" rel=\"nofollow noopener\" target=\"_blank\">Kaczy\u0144ski<\/a> den rechten Hardliner Przemys\u0142aw Czarnek zum Kandidaten f\u00fcr das Amt des Ministerpr\u00e4sidenten bei der Parlamentswahl 2027 gek\u00fcrt. Die Nominierung zeigte, dass Kaczy\u0144ski darauf spekuliert, W\u00e4hler rechtsradikaler Parteien f\u00fcr sich zu gewinnen.\n<\/p>\n<p class=\"paragraph article__item\">Von dieser Entscheidung f\u00fchlte sich der wirtschaftsliberale Vize-Parteichef Morawiecki angegriffen. Gemeinsam mit anderen gem\u00e4\u00dfigten PiS-Vertretern gr\u00fcndete er im Fr\u00fchjahr eine Gruppierung mit dem Namen Entwicklung Plus. Die PiS m\u00fcsse wieder zu einer gro\u00dfen Mitte-rechts-Partei werden, forderte er: \u00bbIn meiner Gruppierung engagieren sich Tausende Menschen, die Unternehmer und junge Leute erreichen wollen\u00ab, sagte Morawiecki.\n<\/p>\n<p>            Krisengespr\u00e4ch brachte keine L\u00f6sung            <\/p>\n<p class=\"paragraph article__item\">Kaczy\u0144ski jedoch verlangte mit einem Ultimatum die Aufl\u00f6sung der Gruppe. Er wollte, dass alle Mitglieder eine Solidarit\u00e4tserkl\u00e4rung unterschreiben. Morawiecki verweigerte beides. Ein Krisengespr\u00e4ch am Donnerstag verlief ergebnislos.\n<\/p>\n<p class=\"paragraph article__item\">Die rechtskonservative PiS regierte <a class=\"rtr-entity\" href=\"https:\/\/www.zeit.de\/thema\/polen\" rel=\"nofollow noopener\" target=\"_blank\">Polen<\/a> von 2015 bis 2023. In dieser Zeit baute sie das Justizsystem ma\u00dfgeblich um, was unter anderem zur <a href=\"https:\/\/www.zeit.de\/politik\/ausland\/2021-07\/polen-eu-recht-justizreform-rechtsprechung-nationales-recht-rechtsstaatlichkeit-polexit\" target=\"_blank\" rel=\"nofollow noopener\">Konfrontation mit der EU-Kommission<\/a> f\u00fchrte. Im Oktober 2023 verlor die PiS die Parlamentswahl und ist seitdem in der Opposition.\n<\/p>\n<p>Mehr zum Thema<\/p>\n<p>            Polen        <\/p>\n<p>                <a href=\"https:\/\/www.zeit.de\/2026\/12\/polen-erinnerungskultur-geschichte-museum\" data-ct-label=\"Polnische Erinnerungskultur: Bis heute nicht verloren\" data-uuid=\"49701ead-a1d9-4d80-8efc-85e7db9b16bb\" rel=\"nofollow noopener\" target=\"_blank\"><\/p>\n<p>        Z+ (abopflichtiger Inhalt);<\/p>\n<p>    Polnische Erinnerungskultur:<br \/>\n                        Bis heute nicht verloren<\/p>\n<p>                <\/a><\/p>\n<p>                <a href=\"https:\/\/www.zeit.de\/politik\/ausland\/2026-06\/jaroslaw-hrytsak-ukraine-krieg-geschichte-russland\" data-ct-label=\"Jaroslaw Hrytsak: \u00bbIch glaube nicht, dass Polen und Ukrainer sich bald vers\u00f6hnen\u00ab\" data-uuid=\"4e08400b-b571-4850-836c-0542cb99a388\" rel=\"nofollow noopener\" target=\"_blank\"><\/p>\n<p>        Z+ (abopflichtiger Inhalt);<\/p>\n<p>    Jaroslaw Hrytsak:<br \/>\n                        \u00bbIch glaube nicht, dass Polen und Ukrainer sich bald vers\u00f6hnen\u00ab<\/p>\n<p>                <\/a><\/p>\n<p>                <a href=\"https:\/\/www.zeit.de\/2026\/21\/polen-italien-vergleich-klischee-religion-familie\" data-ct-label=\"Klischees \u00fcber Polen und Italien: O Pole Mio\" data-uuid=\"d9ae3e04-f5f8-42b8-8396-dc4e25531246\" rel=\"nofollow noopener\" target=\"_blank\"><\/p>\n<p>        Z+ (abopflichtiger Inhalt);<\/p>\n<p>    Klischees \u00fcber Polen und Italien:<br \/>\n                        O Pole Mio<\/p>\n<p>                <\/a><\/p>\n","protected":false},"excerpt":{"rendered":"Polens gr\u00f6\u00dfte Oppositionspartei hat sich gespalten. Nach einem Richtungsstreit in der rechtskonservativen PiS werden mehr als 30 Abgeordnete&hellip;\n","protected":false},"author":2,"featured_media":1190238,"comment_status":"","ping_status":"","sticky":false,"template":"","format":"standard","meta":{"footnotes":"","_share_on_mastodon":"0"},"categories":[5],"tags":[942,13,46828,14,15,3918,3917,16,12,10,8,9,11],"class_list":["post-1190237","post","type-post","status-publish","format-standard","has-post-thumbnail","category-nachrichten","tag-eu-kommission","tag-headlines","tag-jaroslaw-kaczynski","tag-nachrichten","tag-news","tag-pis","tag-polen","tag-politik","tag-schlagzeilen","tag-top-news","tag-top-meldungen","tag-topmeldungen","tag-topnews"],"share_on_mastodon":{"url":"https:\/\/pubeurope.com\/@de\/116976369264120604","error":""},"_links":{"self":[{"href":"https:\/\/www.europesays.com\/de\/wp-json\/wp\/v2\/posts\/1190237","targetHints":{"allow":["GET"]}}],"collection":[{"href":"https:\/\/www.europesays.com\/de\/wp-json\/wp\/v2\/posts"}],"about":[{"href":"https:\/\/www.europesays.com\/de\/wp-json\/wp\/v2\/types\/post"}],"author":[{"embeddable":true,"href":"https:\/\/www.europesays.com\/de\/wp-json\/wp\/v2\/users\/2"}],"replies":[{"embeddable":true,"href":"https:\/\/www.europesays.com\/de\/wp-json\/wp\/v2\/comments?post=1190237"}],"version-history":[{"count":0,"href":"https:\/\/www.europesays.com\/de\/wp-json\/wp\/v2\/posts\/1190237\/revisions"}],"wp:featuredmedia":[{"embeddable":true,"href":"https:\/\/www.europesays.com\/de\/wp-json\/wp\/v2\/media\/1190238"}],"wp:attachment":[{"href":"https:\/\/www.europesays.com\/de\/wp-json\/wp\/v2\/media?parent=1190237"}],"wp:term":[{"taxonomy":"category","embeddable":true,"href":"https:\/\/www.europesays.com\/de\/wp-json\/wp\/v2\/categories?post=1190237"},{"taxonomy":"post_tag","embeddable":true,"href":"https:\/\/www.europesays.com\/de\/wp-json\/wp\/v2\/tags?post=1190237"}],"curies":[{"name":"wp","href":"https:\/\/api.w.org\/{rel}","templated":true}]}}