{"id":1190282,"date":"2026-07-24T18:53:17","date_gmt":"2026-07-24T18:53:17","guid":{"rendered":"https:\/\/www.europesays.com\/de\/1190282\/"},"modified":"2026-07-24T18:53:17","modified_gmt":"2026-07-24T18:53:17","slug":"frankreich-rundfahrt-mit-20-stichen-genaeht-rubio-gibt-tour-nach-auto-crash-auf-sport","status":"publish","type":"post","link":"https:\/\/www.europesays.com\/de\/1190282\/","title":{"rendered":"Frankreich-Rundfahrt &#8211; Mit 20 Stichen gen\u00e4ht: Rubio gibt Tour nach Auto-Crash auf &#8211; Sport"},"content":{"rendered":"<p data-manual=\"paragraph\" data-schema-org-speakable=\"true\" class=\"css-1eosz7k\">Alpe d&#8217;Huez (dpa) &#8211; Nach einem Crash in ein Begleitfahrzeug von Tadej Pogacars Team UAE hat der Kolumbianer Einer Rubio die Tour de France aufgeben m\u00fcssen. Im medizinischen Report der Tour ist zu lesen, dass der 28 Jahre alte Radprofi auf dem Weg nach Alpe d&#8217;Huez Gesichtsverletzungen erlitten habe und zum R\u00f6ntgen gebracht wurde.<\/p>\n<p data-manual=\"paragraph\" data-schema-org-speakable=\"true\" class=\"css-1eosz7k\">\u201eEiner Rubio musste nach dem Unfall, den er beim Aufstieg zur Alpe d&#8217;Huez erlitt, mit rund 20 Stichen im Gesicht gen\u00e4ht werden. Der Kolumbianer wird in ein Krankenhaus in Grenoble verlegt, wo weitere Untersuchungen durchgef\u00fchrt werden, um das Ausma\u00df seiner Verletzungen festzustellen\u201c, teilte sein Team Movistar mit.<\/p>\n<p>Vollbremsung wegen Fan?<\/p>\n<p data-manual=\"paragraph\" data-schema-org-speakable=\"true\" class=\"css-1eosz7k\">Etwa f\u00fcnf Kilometer vor dem Ziel passierte der sp\u00e4tere Etappensieger Pogacar Rubio und kurz darauf auch dessen Begleitfahrzeug. Wenig sp\u00e4ter musste der Fahrer des Wagens eine Vollbremsung t\u00e4tigen und der dahinter fahrende Rubio raste in das Auto. Dem Vernehmen nach hatte ein Fan versucht, die Stra\u00dfe zu \u00fcberqueren, was die Vollbremsung ausl\u00f6ste.<\/p>\n<p data-manual=\"paragraph\" data-schema-org-speakable=\"true\" class=\"css-1eosz7k\">Etwa eine halbe Million Zuschauer soll sich an dem 13,8 Kilometer langen Schlussanstieg befunden haben. Die Organisatoren hatten gro\u00dfe Teile der Strecke mit Gittern abgeriegelt, beidseitig waren diese allerdings nur auf den letzten Kilometern platziert worden.<\/p>\n<p data-manual=\"paragraph\" data-schema-org-speakable=\"true\" class=\"css-1eosz7k\">\u00a9 dpa-infocom, dpa:260724-930-434879\/1<\/p>\n","protected":false},"excerpt":{"rendered":"Alpe d&#8217;Huez (dpa) &#8211; Nach einem Crash in ein Begleitfahrzeug von Tadej Pogacars Team UAE hat der Kolumbianer&hellip;\n","protected":false},"author":2,"featured_media":1190283,"comment_status":"","ping_status":"","sticky":false,"template":"","format":"standard","meta":{"footnotes":"","_share_on_mastodon":"0"},"categories":[3974],"tags":[331,332,147,548,663,3934,3980,156,13,47040,248525,14,15,9408,12,265,1991,149],"class_list":["post-1190282","post","type-post","status-publish","format-standard","has-post-thumbnail","category-frankreich","tag-aktuelle-nachrichten","tag-aktuelle-news","tag-ausland","tag-eu","tag-europa","tag-europe","tag-france","tag-frankreich","tag-headlines","tag-kolumbien","tag-lalpe-dhuez","tag-nachrichten","tag-news","tag-radsport","tag-schlagzeilen","tag-sport","tag-suedamerika","tag-sueddeutsche-zeitung"],"share_on_mastodon":{"url":"https:\/\/pubeurope.com\/@de\/116976471839854061","error":""},"_links":{"self":[{"href":"https:\/\/www.europesays.com\/de\/wp-json\/wp\/v2\/posts\/1190282","targetHints":{"allow":["GET"]}}],"collection":[{"href":"https:\/\/www.europesays.com\/de\/wp-json\/wp\/v2\/posts"}],"about":[{"href":"https:\/\/www.europesays.com\/de\/wp-json\/wp\/v2\/types\/post"}],"author":[{"embeddable":true,"href":"https:\/\/www.europesays.com\/de\/wp-json\/wp\/v2\/users\/2"}],"replies":[{"embeddable":true,"href":"https:\/\/www.europesays.com\/de\/wp-json\/wp\/v2\/comments?post=1190282"}],"version-history":[{"count":0,"href":"https:\/\/www.europesays.com\/de\/wp-json\/wp\/v2\/posts\/1190282\/revisions"}],"wp:featuredmedia":[{"embeddable":true,"href":"https:\/\/www.europesays.com\/de\/wp-json\/wp\/v2\/media\/1190283"}],"wp:attachment":[{"href":"https:\/\/www.europesays.com\/de\/wp-json\/wp\/v2\/media?parent=1190282"}],"wp:term":[{"taxonomy":"category","embeddable":true,"href":"https:\/\/www.europesays.com\/de\/wp-json\/wp\/v2\/categories?post=1190282"},{"taxonomy":"post_tag","embeddable":true,"href":"https:\/\/www.europesays.com\/de\/wp-json\/wp\/v2\/tags?post=1190282"}],"curies":[{"name":"wp","href":"https:\/\/api.w.org\/{rel}","templated":true}]}}